{"id":63839,"date":"2024-10-09T00:38:53","date_gmt":"2024-10-08T22:38:53","guid":{"rendered":"https:\/\/www.infokuryr.cz\/n\/?p=63839"},"modified":"2024-10-08T16:24:05","modified_gmt":"2024-10-08T14:24:05","slug":"francie-alziran-odsouzen-na-17-let-za-znasilneni-nezletile-v-nemocnici-a-znasilneni-jine-zeny-na-ulici","status":"publish","type":"post","link":"https:\/\/www.infokuryr.cz\/n\/2024\/10\/09\/francie-alziran-odsouzen-na-17-let-za-znasilneni-nezletile-v-nemocnici-a-znasilneni-jine-zeny-na-ulici\/","title":{"rendered":"Francie: Al\u017e\u00ed\u0159an odsouzen na 17 let za zn\u00e1siln\u011bn\u00ed nezletil\u00e9 v nemocnici a zn\u00e1siln\u011bn\u00ed jin\u00e9 \u017eeny na ulici"},"content":{"rendered":"<div id=\"fb-root\"><\/div>\n<h2 class=\"s-tagline fw-tagline\"><span>Byl tak\u00e9 odsouzen za t\u0159et\u00ed zn\u00e1siln\u011bn\u00ed ve \u0160v\u00fdcarsku a pob\u00fdval ve Francii, p\u0159esto\u017ee m\u011bl p\u0159\u00edkaz k deportaci<\/span><\/h2>\n<p><span>39let\u00fd Al\u017e\u00ed\u0159an s p\u0159\u00edkazem k vyho\u0161t\u011bn\u00ed (OQTF) byl odsouzen k 17 let\u016fm v\u011bzen\u00ed pot\u00e9, co byl shled\u00e1n vinn\u00fdm ze zn\u00e1siln\u011bn\u00ed 16let\u00e9 d\u00edvky na jej\u00edm nemocni\u010dn\u00edm l\u016f\u017eku ve Fakultn\u00ed nemocnici v Toulouse v listopadu 2021.<\/span><\/p>\n<p><span>Odsouzen\u00fd mu\u017e Ismael C. byl odsouzen u trestn\u00edho soudu v Haute-Garonne a za podobn\u00e9 \u010diny byl ji\u017e odsouzen ve \u0160v\u00fdcarsku. Krom\u011b dal\u0161\u00edch dvou zn\u00e1siln\u011bn\u00ed byl tak\u00e9 shled\u00e1n vinn\u00fdm z brut\u00e1ln\u00edho zn\u00e1siln\u011bn\u00ed dal\u0161\u00ed mlad\u00e9 \u017eeny uprost\u0159ed ulice ve \u010dtvrti Capitole; se tak\u00e9 pokusil ukr\u00e1st telefon t\u00e9to ob\u011bti.<\/span><\/p>\n<p><span>Pokud jde o zn\u00e1siln\u011bn\u00ed mlad\u00e9 \u017eeny v nemocnici, 30. listopadu 2021 16letou Lisu probudil hluk, kdy\u017e byla ve sv\u00e9m nemocni\u010dn\u00edm pokoji ve Fakultn\u00ed nemocnici v Toulouse. V\u0161imla si, \u017ee je 1:30 a v jej\u00ed posteli sed\u00ed mu\u017e. Sundal j\u00ed spodky py\u017eama a tri\u010dko. V panice poznala mu\u017ee jako n\u011bkoho, s k\u00fdm si ten den zap\u00e1lila cigaretu.<\/span><\/p>\n<p><span>Pokusila se spustit alarm na posteli, aby upozornila nemocni\u010dn\u00ed person\u00e1l, ale nikdo nep\u0159ich\u00e1zel. Pot\u00e9 j\u00ed \u0159ekl, \u017ee ji \u201emiluje\u201c, a pot\u00e9 m\u011bl s d\u00edvkou n\u00e1siln\u00fd styk. Okam\u017eit\u011b pot\u00e9 nahl\u00e1sila zn\u00e1siln\u011bn\u00ed, p\u0159i\u010dem\u017e Al\u017e\u00ed\u0159an \u201eutekl a byl vyveden z m\u00edry\u201c. P\u0159i pokusu opustit budovu ho zastavila ostraha. Jakmile byl zat\u010den, Ismail C. tvrdila, \u017ee souhlasila a cht\u011bla m\u00edt sex.<\/span><\/p>\n<p>Nebyl to v\u0161ak jedin\u00fd p\u0159\u00edpad zn\u00e1siln\u011bn\u00ed, se kter\u00fdm by byl spojen. Jakmile byl ve vazb\u011b, policie ho spojila s dal\u0161\u00edm zn\u00e1siln\u011bn\u00edm, ke kter\u00e9mu do\u0161lo o t\u0159i t\u00fddny d\u0159\u00edve, 9. listopadu 2021, a t\u00fdkalo se \u017eeny jm\u00e9nem Myriam, kter\u00e1 uvedla, \u017ee byla n\u00e1siln\u011b zn\u00e1siln\u011bna cizincem pobl\u00ed\u017e Place du Capitole.<\/p>\n<p><span>B\u011bhem soudn\u00edho l\u00ed\u010den\u00ed ob\u017ealovan\u00fd \u0161okoval soudn\u00ed s\u00ed\u0148 tvrzen\u00edm, \u017ee v\u0161echny zn\u00e1siln\u011bn\u00e9 \u017eeny souhlasily a \u201enapodobov\u00e1n\u00edm\u201c zn\u00e1siln\u011bn\u00ed fyzicky nar\u00e1\u017eely do vzduchu.<\/span><\/p>\n<p><span>&#8222;Svolili, je to justi\u010dn\u00ed omyl, j\u00e1 jsem ob\u011b\u0165, jsem slab\u00fd a neschopn\u00fd n\u00e1sil\u00ed,&#8220; \u0159ekl. Den\u00edk\u00a0<\/span><a href=\"https:\/\/www.ladepeche.fr\/2024\/10\/04\/cest-une-erreur-judiciaire-cest-moi-la-victime-le-violeur-de-lhopital-condamne-a-17-ans-de-prison-a-toulouse-12238197.php\"><span>La Depeche<\/span><\/a><span>\u00a0popsal \u201eneklid v soudn\u00ed s\u00edni\u201c, kdy\u017e ob\u017ealovan\u00fd p\u0159ed soudem pantomimoval zn\u00e1siln\u011bn\u00ed.<\/span><\/p>\n<p><span>St\u00e1tn\u00ed z\u00e1stupce po\u017eadoval 18 let v\u011bzen\u00ed, proto\u017ee experti konstatovali, \u017ee mu\u017e p\u0159edstavoval \u201ezna\u010dn\u00e9 sexu\u00e1ln\u00ed nebezpe\u010d\u00ed\u201c.<\/span><\/p>\n<p><span>Pr\u00e1vn\u00edk mlad\u00e9 \u017eeny napaden\u00e9 na ulici \u0159ekl, \u017ee \u201erozsudek je p\u0159\u00edsn\u00fd, ale odpov\u00edd\u00e1 traumatu zp\u016fsoben\u00e9mu ob\u011btem\u201c. Pr\u00e1vn\u00ed z\u00e1stupce d\u00edvky zn\u00e1siln\u011bn\u00e9 v nemocnici poznamenal \u201eneuctiv\u00fd postoj obvin\u011bn\u00e9ho k ob\u011btem, kter\u00e9 byly fyzicky zran\u011bny\u201c.<\/span><\/p>\n<p>Ismael C. m\u00e1 tak\u00e9 trval\u00fd z\u00e1kaz vstupu na francouzsk\u00e9 \u00fazem\u00ed.<\/p>\n<p><img decoding=\"async\" loading=\"lazy\" class=\"alignnone size-full wp-image-1185\" src=\"http:\/\/www.infokuryr.cz\/n\/wp-content\/uploads\/2021\/04\/kuryr-podpis.png\" alt=\"\" width=\"84\" height=\"24\" \/><\/p>\n<p>&nbsp;<\/p>\n","protected":false},"excerpt":{"rendered":"<p>Byl tak\u00e9 odsouzen za t\u0159et\u00ed zn\u00e1siln\u011bn\u00ed ve \u0160v\u00fdcarsku a pob\u00fdval ve Francii, p\u0159esto\u017ee m\u011bl p\u0159\u00edkaz&#8230;<\/p>\n","protected":false},"author":2,"featured_media":1684,"comment_status":"closed","ping_status":"closed","sticky":false,"template":"","format":"standard","meta":[],"categories":[7],"tags":[520,324,366],"_links":{"self":[{"href":"https:\/\/www.infokuryr.cz\/n\/wp-json\/wp\/v2\/posts\/63839"}],"collection":[{"href":"https:\/\/www.infokuryr.cz\/n\/wp-json\/wp\/v2\/posts"}],"about":[{"href":"https:\/\/www.infokuryr.cz\/n\/wp-json\/wp\/v2\/types\/post"}],"author":[{"embeddable":true,"href":"https:\/\/www.infokuryr.cz\/n\/wp-json\/wp\/v2\/users\/2"}],"replies":[{"embeddable":true,"href":"https:\/\/www.infokuryr.cz\/n\/wp-json\/wp\/v2\/comments?post=63839"}],"version-history":[{"count":0,"href":"https:\/\/www.infokuryr.cz\/n\/wp-json\/wp\/v2\/posts\/63839\/revisions"}],"wp:featuredmedia":[{"embeddable":true,"href":"https:\/\/www.infokuryr.cz\/n\/wp-json\/wp\/v2\/media\/1684"}],"wp:attachment":[{"href":"https:\/\/www.infokuryr.cz\/n\/wp-json\/wp\/v2\/media?parent=63839"}],"wp:term":[{"taxonomy":"category","embeddable":true,"href":"https:\/\/www.infokuryr.cz\/n\/wp-json\/wp\/v2\/categories?post=63839"},{"taxonomy":"post_tag","embeddable":true,"href":"https:\/\/www.infokuryr.cz\/n\/wp-json\/wp\/v2\/tags?post=63839"}],"curies":[{"name":"wp","href":"https:\/\/api.w.org\/{rel}","templated":true}]}}