{"id":63826,"date":"2024-10-09T00:31:59","date_gmt":"2024-10-08T22:31:59","guid":{"rendered":"https:\/\/www.infokuryr.cz\/n\/?p=63826"},"modified":"2024-10-08T14:32:41","modified_gmt":"2024-10-08T12:32:41","slug":"paul-craig-roberts-jak-muze-trump-vyhrat-kdyz-demokrate-maji-30-milionu-imigrantu-kteri-proti-nemu-hlasuji","status":"publish","type":"post","link":"https:\/\/www.infokuryr.cz\/n\/2024\/10\/09\/paul-craig-roberts-jak-muze-trump-vyhrat-kdyz-demokrate-maji-30-milionu-imigrantu-kteri-proti-nemu-hlasuji\/","title":{"rendered":"Paul Craig Roberts: Jak m\u016f\u017ee Trump vyhr\u00e1t, kdy\u017e demokrat\u00e9 maj\u00ed 30 milion\u016f imigrant\u016f, kte\u0159\u00ed proti n\u011bmu hlasuj\u00ed?"},"content":{"rendered":"<div id=\"fb-root\"><\/div>\n<div class=\"elementor-element elementor-element-1fb4c2c elementor-widget elementor-widget-theme-post-content\" data-id=\"1fb4c2c\" data-element_type=\"widget\" data-widget_type=\"theme-post-content.default\">\n<div class=\"elementor-widget-container\">\n<p><strong>Demokrat\u00e9 d\u011blaj\u00ed v\u0161e pro to, aby dali imigrant\u016fm volebn\u00ed pr\u00e1vo.<\/strong><\/p>\n<p><span>Demokrat\u00e9 p\u0159ij\u00edmaj\u00ed legislativu, kter\u00e1 m\u00e1 zajistit, aby ob\u010dan bez ob\u010danstv\u00ed, kter\u00fd pr\u00e1v\u011b p\u0159ekro\u010dil hranici, m\u011bl stejn\u00e1 volebn\u00ed pr\u00e1va jako ob\u010dan narozen\u00fd ve Spojen\u00fdch st\u00e1tech. Imigranti dost\u00e1vaj\u00ed feder\u00e1ln\u00ed identifika\u010dn\u00ed karty, kter\u00e9 je oprav\u0148uj\u00ed k z\u00edsk\u00e1n\u00ed \u0159idi\u010dsk\u00fdch pr\u016fkaz\u016f. Mnoho jurisdikc\u00ed automaticky p\u0159id\u00e1v\u00e1 dr\u017eitele \u0159idi\u010dsk\u00e9ho pr\u016fkazu do seznamu voli\u010d\u016f.<\/span><\/p>\n<p><span>P\u0159ed dv\u011bma dny kalifornsk\u00fd demokratick\u00fd guvern\u00e9r Gavin Newsom podepsal z\u00e1kon, kter\u00fd zakazuje m\u00edstn\u00edm vl\u00e1d\u00e1m vy\u017eadovat od voli\u010d\u016f p\u0159edlo\u017een\u00ed pr\u016fkazu toto\u017enosti.\u00a0<\/span><em><span>Demokratick\u00e1 vl\u00e1da Kalifornie ozna\u010dila za trestn\u00fd \u010din zabr\u00e1n\u011bn\u00ed podvod\u016fm s voli\u010di<\/span><\/em><span>\u00a0.<\/span><\/p>\n<p><span>Demokrat\u00e9 tomu \u0159\u00edkaj\u00ed diverzita, rovnost a za\u010dlen\u011bn\u00ed. DEI nen\u00ed pro n\u00e1s rasistick\u00e9 ob\u010dany b\u00edl\u00e9 rasy, americkou v\u011bt\u0161inu. Je to pro imigranty, kte\u0159\u00ed pr\u00e1v\u011b p\u0159ekro\u010dili hranici. Demokrat\u00e9 jsou stranou imigrant\u016f a des\u00edtky milion\u016f hloup\u00fdch b\u00edl\u00fdch Ameri\u010dan\u016f budou volit stranu imigrant\u016f.<\/span><\/p>\n<p><span>Je to je\u0161t\u011b hor\u0161\u00ed ne\u017e to, \u017ee re\u017eim Biden\/Kamala pou\u017e\u00edv\u00e1 na\u0161e da\u0148ov\u00e9 dolary k financov\u00e1n\u00ed nevl\u00e1dn\u00edch organizac\u00ed (NGO), kter\u00e9 rekrutuj\u00ed imigranty ze 150 zem\u00ed a poskytuj\u00ed jim dopravu do Latinsk\u00e9 Ameriky, j\u00eddlo, vodu, l\u00e9ka\u0159skou p\u00e9\u010di a m\u00edsta na span\u00ed. zat\u00edmco jdou na pochod k na\u0161\u00ed hranici. Kdy\u017e p\u0159ist\u011bhovalci naverbovan\u00ed Washingtonem dos\u00e1hnou hranice, feder\u00e1ln\u00ed a m\u00edstn\u00ed \u00fa\u0159ady jsou povinny je pustit dovnit\u0159.<\/span><\/p>\n<p><span>Nic se s t\u00edm ned\u011bl\u00e1. Republik\u00e1nsk\u00e1 sn\u011bmovna a demokrat\u00e9 v Sen\u00e1tu nesn\u00ed\u017eili financov\u00e1n\u00ed, kter\u00e9 zaplavuje Ameriku zlo\u010dinem a lidmi, kte\u0159\u00ed se nemohou sami u\u017eivit. Jak se nevzd\u011blan\u00ed lid\u00e9, kte\u0159\u00ed neovl\u00e1daj\u00ed jazyk, stanou pracovn\u00ed silou? Jak se des\u00edtky milion\u016f lid\u00ed, kte\u0159\u00ed nemluv\u00ed jazykem a nemaj\u00ed vzd\u011bl\u00e1n\u00ed prvn\u00edho sv\u011bta, stanou pracovn\u00ed silou v zemi prvn\u00edho sv\u011bta?<\/span><\/p>\n<p><span>Pro\u010d se to d\u011bje?<\/span><\/p>\n<p><span>Pro\u010d je diskuse o rozpu\u0161t\u011bn\u00ed Spojen\u00fdch st\u00e1t\u016f v Babylonskou v\u011b\u017e uml\u010dov\u00e1na m\u00e9dii a \u00fa\u0159ady za pou\u017eit\u00ed policejn\u00ed s\u00edly?<\/span><\/p>\n<p><span>Pro\u010d Demokratick\u00e1 strana ozna\u010duje rodil\u00e9 Ameri\u010dany, kte\u0159\u00ed odol\u00e1vaj\u00ed p\u0159epaden\u00ed sv\u00e9 zem\u011b imigranty, jako b\u00edl\u00e9 rasisty, zat\u00edmco demokrat\u00e9 se zam\u011b\u0159uj\u00ed na z\u00e1chranu ukrajinsk\u00fdch hranic? Pro\u010d jsou hranice Ukrajiny d\u016fle\u017eit\u011bj\u0161\u00ed ne\u017e hranice Ameriky?<\/span><\/p>\n<p><span>Existuje demokrat, kter\u00e9mu z\u00e1le\u017e\u00ed na hranic\u00edch Ameriky? O\u010dividn\u011b ne.<\/span><\/p>\n<p><span>Je krom\u011b Donalda Trumpa jin\u00fd politik, kter\u00fd mluv\u00ed za Ameri\u010dany?<\/span><\/p>\n<p><span>Demokrat\u00e9 v\u010dera v Minneapolis ud\u011blali policistu z ciz\u00edho ob\u010dana. Tak\u017ee dnes demokrat\u00e9 dovolili, aby ob\u010dan, kter\u00fd nen\u00ed ob\u010danem USA, zatkl ob\u010dana USA. Demokrat\u00e9 tomu \u0159\u00edkaj\u00ed \u201einkluze\u201c. T\u011b\u0161\u00edte se, a\u017e v\u00e1s zatkne ob\u010dan, kter\u00fd nen\u00ed ob\u010danem USA? To je v\u00fdsledek toho, \u017ee jste dostate\u010dn\u011b hloup\u00ed, abyste volili demokrata. Hloup\u00ed ameri\u010dt\u00ed voli\u010di zni\u010dili sebe a v\u0161echny sv\u00e9 vyhl\u00eddky.<\/span><\/p>\n<p><span>Demokrat\u00e9 nastolili re\u017eim, ve kter\u00e9m ameri\u010dt\u00ed ob\u010dan\u00e9 ztratili svou \u00fastavn\u00ed ochranu a jsou pova\u017eov\u00e1ni za zl\u00e9 rasisty a nep\u0159\u00e1tele demokracie, kter\u00e9 mus\u00ed nahradit imigranty z t\u0159et\u00edho sv\u011bta. To v\u0161e se d\u011bje p\u0159ed na\u0161ima o\u010dima. Pokud va\u0161e komunita je\u0161t\u011b nebyla ovlivn\u011bna, nebude to trvat dlouho.<\/span><\/p>\n<p><span>D\u011bje se to v cel\u00e9m z\u00e1padn\u00edm sv\u011bt\u011b. P\u0159ed p\u00e1r dny, 25. z\u00e1\u0159\u00ed, zve\u0159ejnila Evropsk\u00e1 rada pro zahrani\u010dn\u00ed vztahy zpr\u00e1vu Pawela Zerky, kter\u00fd evidentn\u011b nen\u00ed Z\u00e1padoevropan. Zpr\u00e1va zve\u0159ejn\u011bn\u00e1 Evropskou radou doch\u00e1z\u00ed k z\u00e1v\u011bru, \u017ee Evropa je p\u0159\u00edli\u0161 b\u00edl\u00e1 a p\u0159\u00edli\u0161 evropsk\u00e1. Tak\u017ee tady m\u00e1me Evropany, kte\u0159\u00ed sv\u011b\u0159uj\u00ed osud Evropy n\u011bkomu, kdo na n\u011b chce p\u0159iv\u00e9st t\u00e1bor svat\u00fdch. Mo\u017en\u00e1 si takov\u00ed bl\u00e1zni zaslou\u017e\u00ed b\u00fdt zni\u010deni.<\/span><\/p>\n<p><span>Aby se tento bod zd\u016fraznil, Marine Le Penov\u00e1, v\u016fdkyn\u011b nejv\u011bt\u0161\u00ed francouzsk\u00e9 politick\u00e9 strany, kterou spiknut\u00ed vl\u00e1dnouc\u00ed elity udr\u017eelo mimo politick\u00fd \u00fa\u0159ad, byla postavena p\u0159ed soud. Nepravdiv\u00e9 obvin\u011bn\u00ed je, \u017ee ona a jej\u00ed strana zpronev\u011b\u0159ily fondy EU. Toto obvin\u011bn\u00ed je tak absurdn\u00ed, \u017ee se taj\u00ed dech. EU ned\u00e1 pen\u00edze francouzsk\u00e9 nacionalistick\u00e9 stran\u011b. A i kdyby se to stalo z\u00e1hadn\u011b, Le Penov\u00e1 nen\u00ed tak hloup\u00e1, aby tyto prost\u0159edky zpronev\u011b\u0159ila, proto\u017ee m\u00e1 na mysli c\u00edl.<\/span><\/p>\n<p><span>Ale v dne\u0161n\u00edm z\u00e1padn\u00edm sv\u011bt\u011b u\u017e na pravd\u011b nez\u00e1le\u017e\u00ed. Z\u00e1kon nen\u00ed nic jin\u00e9ho ne\u017e zbra\u0148, kter\u00e1 m\u00e1 zni\u010dit ty, kdo stoj\u00ed v cest\u011b probuzen\u00e9mu programu.<\/span><\/p>\n<p><span>B\u00edl\u00ed lid\u00e9 jsou historie. Sv\u016fj osud vlo\u017eili do rukou sv\u00fdch nep\u0159\u00e1tel. Mo\u017en\u00e1 jsou n\u011bkte\u0159\u00ed z nich chov\u00e1ni v zoologick\u00fdch zahrad\u00e1ch.<\/span><\/p>\n<\/div>\n<\/div>\n<div class=\"elementor-element elementor-element-8c57238 quelle dc-has-condition dc-condition-empty elementor-widget elementor-widget-heading\" data-id=\"8c57238\" data-element_type=\"widget\" data-widget_type=\"heading.default\">\n<div class=\"elementor-widget-container\">\n<h3 class=\"elementor-heading-title elementor-size-default\"><span style=\"font-size: 10pt;\"><a href=\"https:\/\/www.paulcraigroberts.org\/2024\/10\/02\/how-can-trump-win-when-democrats-have-30-million-immigrant-invaders-to-vote-against-him\/\" target=\"_blank\" rel=\"nofollow noopener\">Zdroj<\/a><\/span><\/h3>\n<p>&nbsp;<\/p>\n<\/div>\n<\/div>\n","protected":false},"excerpt":{"rendered":"<p>Demokrat\u00e9 d\u011blaj\u00ed v\u0161e pro to, aby dali imigrant\u016fm volebn\u00ed pr\u00e1vo. Demokrat\u00e9 p\u0159ij\u00edmaj\u00ed legislativu, kter\u00e1 m\u00e1&#8230;<\/p>\n","protected":false},"author":2,"featured_media":810,"comment_status":"closed","ping_status":"closed","sticky":false,"template":"","format":"standard","meta":[],"categories":[7],"tags":[1310,119,452,37,27],"_links":{"self":[{"href":"https:\/\/www.infokuryr.cz\/n\/wp-json\/wp\/v2\/posts\/63826"}],"collection":[{"href":"https:\/\/www.infokuryr.cz\/n\/wp-json\/wp\/v2\/posts"}],"about":[{"href":"https:\/\/www.infokuryr.cz\/n\/wp-json\/wp\/v2\/types\/post"}],"author":[{"embeddable":true,"href":"https:\/\/www.infokuryr.cz\/n\/wp-json\/wp\/v2\/users\/2"}],"replies":[{"embeddable":true,"href":"https:\/\/www.infokuryr.cz\/n\/wp-json\/wp\/v2\/comments?post=63826"}],"version-history":[{"count":0,"href":"https:\/\/www.infokuryr.cz\/n\/wp-json\/wp\/v2\/posts\/63826\/revisions"}],"wp:featuredmedia":[{"embeddable":true,"href":"https:\/\/www.infokuryr.cz\/n\/wp-json\/wp\/v2\/media\/810"}],"wp:attachment":[{"href":"https:\/\/www.infokuryr.cz\/n\/wp-json\/wp\/v2\/media?parent=63826"}],"wp:term":[{"taxonomy":"category","embeddable":true,"href":"https:\/\/www.infokuryr.cz\/n\/wp-json\/wp\/v2\/categories?post=63826"},{"taxonomy":"post_tag","embeddable":true,"href":"https:\/\/www.infokuryr.cz\/n\/wp-json\/wp\/v2\/tags?post=63826"}],"curies":[{"name":"wp","href":"https:\/\/api.w.org\/{rel}","templated":true}]}}