{"id":63797,"date":"2024-10-08T00:46:06","date_gmt":"2024-10-07T22:46:06","guid":{"rendered":"https:\/\/www.infokuryr.cz\/n\/?p=63797"},"modified":"2024-10-07T15:28:16","modified_gmt":"2024-10-07T13:28:16","slug":"8-rijen-pamatny-den-sokolstva","status":"publish","type":"post","link":"https:\/\/www.infokuryr.cz\/n\/2024\/10\/08\/8-rijen-pamatny-den-sokolstva\/","title":{"rendered":"8. \u0159\u00edjen, pam\u00e1tn\u00fd den Sokolstva"},"content":{"rendered":"<div id=\"fb-root\"><\/div>\n<p align=\"justify\">Potektor\u00e1t \u010cechy a Morava vznikl 15. b\u0159ezna 1939. \u0158\u00ed\u0161sk\u00fdm protektorem se v n\u011bm stal Freiherr Konstantin von Neurath.<\/p>\n<p align=\"justify\">\u010ceskoslovensk\u00e1 obec sokolsk\u00e1 se zapojila do odboje okam\u017eit\u011b po vzniku Protektor\u00e1tu Bohmen und Mahren. Vyu\u017e\u00edvala k vytvo\u0159en\u00ed ileg\u00e1ln\u00ed odbojov\u00e9 s\u00edt\u011b sv\u00e9 organiza\u010dn\u00ed struktury \u2013 \u017eupy, okrsky, jednoty. \u010cinnost byla zam\u011b\u0159ena na zpravodajstv\u00ed, zejm\u00e9na vojensk\u00e9. Z\u00edskan\u00e9 informace byly p\u0159ed\u00e1v\u00e1ny prost\u0159ednictv\u00edm Obrany n\u00e1roda exilov\u00e9 vl\u00e1d\u011b do Lond\u00fdna. D\u00e1le to bylo vyd\u00e1v\u00e1n\u00ed a \u0161\u00ed\u0159en\u00ed let\u00e1k\u016f a pomoc p\u0159i \u00fat\u011bc\u00edch za hranice. Sokolov\u00e9 pracovali i v jin\u00fdch organizac\u00edch, jako \u00daVOD, Peti\u010dn\u00ed v\u00fdbor v\u011brni z\u016fstaneme, nebo Politick\u00e9 \u00fast\u0159ed\u00ed.<\/p>\n<p align=\"justify\">Sou\u010dasn\u011b s obsazen\u00edm na\u0161eho \u00fazem\u00ed Wehrmachtem 15.b\u0159ezna 1939 do\u0161lo k rozs\u00e1hl\u00e9mu zat\u00fdk\u00e1n\u00ed gestapem podle p\u0159edem vypracovan\u00fdch seznam\u016f Mezi zat\u010den\u00fdmi byli i Sokolov\u00e9. Byli zat\u010deni jako rukojm\u00ed a po \u010dase byli propu\u0161t\u011bni.<\/p>\n<p align=\"justify\">Po \u00fatoku na Polsko 1. z\u00e1\u0159\u00ed 1939 byli zat\u010deni n\u011bkte\u0159\u00ed dal\u0161\u00ed \u010dinovn\u00edci \u010cOS, mezi nimi n\u00e1\u010deln\u00edk JUDr. Miroslav Klinger.<\/p>\n<p align=\"justify\">Od srpna 1939 vedl sokolsk\u00fd odboj n\u00e1\u010deln\u00edk PhDr. Augustin Pechl\u00e1t. Jeho p\u016fsoben\u00edm vznikla sokolsk\u00e1 odbojov\u00e1 organizace JINDRA ( podle k\u0159estn\u00edho jm\u00e9na n\u00e1\u010deln\u00edka \u010cOS Jind\u0159icha Van\u00ed\u010dka). Pechl\u00e1t.byl zat\u010den gestapem v srpnu 1941 a 30. z\u00e1\u0159\u00ed popraven v Ruzyni. ( To u\u017e byl v Praze t\u0159et\u00ed den Heydrich!). Po Augustinu Pechl\u00e1tovi p\u0159evzal veden\u00ed sokolsk\u00e9ho odboje Franti\u0161ek Pech\u00e1\u010dek, autor sletov\u00e9 skladby mu\u017e\u016f P\u0159\u00edsaha republice na sletu v roce 1938. Sokolov\u00e9 svou p\u0159\u00edsahu pln\u011b splnili.<\/p>\n<p align=\"justify\">\u010cinnost odbojov\u00e9ho hnut\u00ed vzr\u016fstala, zejm\u00e9na po napaden\u00ed SSSR v \u010dervnu 1941.Neurath nebyl schopen zvy\u0161uj\u00edc\u00ed se odbojov\u00e9 \u010dinnosti zabr\u00e1nit, zejm\u00e9na st\u00e1vky ohro\u017eovaly dod\u00e1vky na frontu.<\/p>\n<p align=\"justify\">K. H .Frank informoval Hitlera, \u017ee nejv\u011bt\u0161\u00edm nebezpe\u010d\u00edm pro \u0158\u00ed\u0161i je Sokol, \u017ee sokolsk\u00e1 organizace se stala shroma\u017edi\u0161t\u011bm odporu proti \u0158\u00ed\u0161i. \u010cinnost Sokola byla zastavena 12. dubna 1941.<\/p>\n<p align=\"justify\">Hitler pova\u017eoval situaci v Protektor\u00e1tu za velice v\u00e1\u017enou, povolal si na kobere\u010dek do hlavn\u00edho stanu von Neuratha a K. H. Franka. Rozhodl se, \u017ee do Prahy po\u0161le jako zastupuj\u00edc\u00edho \u0159\u00ed\u0161sk\u00e9ho protektora gener\u00e1la SS Reinharda Heydricha. V\u016fdcova sm\u011brnice pro Heydricha byla: V tomto prostoru jednozna\u010dn\u011b a se v\u0161\u00ed tvrdost\u00ed zajistit, aby obyvatelstvo, pokud je \u010desk\u00e9 n\u00e1rodnosti, pochopilo, \u017ee se nelze vyh\u00fdbat realit\u011b p\u0159\u00edslu\u0161nosti k \u0158\u00ed\u0161i a poslu\u0161nosti v\u016f\u010di \u0158\u00ed\u0161i.<\/p>\n<p align=\"justify\">P\u0159ed n\u011bkolika dny 27. z\u00e1\u0159\u00ed tomu bylo 79 let od Heydrichova p\u0159\u00edchodu do Prahy. Tak\u0159ka ihned byl zat\u010den ministersk\u00fd p\u0159edseda gener\u00e1l Eli\u00e1\u0161 a uv\u011bzn\u011bn. P\u016fvodn\u011b ho cht\u011bl Heydrich postavit p\u0159ed stann\u00fd soud, co\u017e by vedlo k okam\u017eit\u00e9 poprav\u011b Eli\u00e1\u0161e. Po rozmluv\u011b se soudcem Lidov\u00e9ho soudu Heydrich od okam\u017eit\u00e9 popravy ustoupil. 28. z\u00e1\u0159\u00ed na den sv. V\u00e1clava vyhl\u00e1sil stann\u00e9 pr\u00e1vo.<\/p>\n<p align=\"justify\">V Ruzyni bylo popraveno 12 gener\u00e1l\u016f, mezi nimi nap\u0159. gen. Vojta nebo gen. B\u00edl\u00fd ( gen. Dole\u017eal byl p\u0159\u00edbuzn\u00fdm rodiny m\u00e9 \u017eeny).<\/p>\n<p align=\"justify\">V\u00fdnosem Heydricha z 8. \u0159\u00edjna 1941 byla rozpu\u0161t\u011bna \u010cesk\u00e1 obec sokolsk\u00e1 a jej\u00ed majetek zabaven. V noci ze 7. na 8. \u0159\u00edjna prob\u011bhla \u201eAkce Sokol\u201c, ve kter\u00e9 podle p\u0159ipraven\u00fdch seznam\u016f byli zat\u010deni sokol\u0161t\u00ed \u010dinovn\u00edci z \u00fast\u0159ed\u00ed, \u017eup a dokonce i jednot. Byli uv\u011bzn\u011bni v koncentr\u00e1c\u00edch, starosta MUDr. Stanislav Bukovsk\u00fd ( ministr ve vl\u00e1d\u00e1ch gen Syrov\u00e9ho ) v Osv\u011btimi, kde byl umu\u010den v roce 1942.<\/p>\n<p align=\"justify\">Podle zpr\u00e1vy Reinharda Heydricha o \u201eAkci Sokol\u201c zaslan\u00e9 11. \u0159\u00edjna 1941 Hitlerovi do Berl\u00edna bylo zat\u010deno asi 5000 lid\u00ed. V\u0161ichni byli zat\u010deni a uv\u011bzn\u011bni bez soudu, byli zat\u010deni zcela nevinn\u00ed lid\u00e9 p\u0159edstavuj\u00edc\u00ed hrozbu pro Velkon\u011bmeckou \u0159\u00ed\u0161i t\u00edm, \u017ee byli \u010dleny Sokola. V roce 1945 se jich vr\u00e1tilo ani ne deset.<\/p>\n<p align=\"justify\">Stann\u00e9 soudy za\u010daly svou \u201epr\u00e1ci\u201c. M\u011bly jen t\u0159i druhy rozsudk\u016f \u2013 popravu, koncentr\u00e1k, osvobozen\u00ed. Rozsudek se vykonal ihned, odvol\u00e1n\u00ed nebylo. K trestu smrti bylo odsouzeno 489 lid\u00ed, p\u0159es 2000 jich skon\u010dilo v koncentr\u00e1c\u00edch. Jm\u00e9na popraven\u00fdch se ve\u010der \u010detla v rozhlase, druh\u00fd den byly \u010derven\u00e9 plak\u00e1ty s jejich jm\u00e9ny vylepov\u00e1ny po cel\u00e9m Protektor\u00e1tu. Velice dob\u0159e se na n\u011b a na jejich typickou \u010dervenou barvu pamatuji.<\/p>\n<p align=\"justify\">Stann\u00e9 pr\u00e1vo bylo zru\u0161eno a\u017e 20. ledna 1942.<\/p>\n<p align=\"justify\">Heydrich ji\u017e p\u0159i p\u0159\u00edchodu do Prahy prohl\u00e1sil sv\u016fj program na shrom\u00e1\u017ed\u011bn\u00ed nacistick\u00fdch pohlav\u00e1r\u016f: \u0158ekl, \u017ee pot\u0159ebuje v tomto prostoru klid, aby \u010desk\u00fd d\u011bln\u00edk v\u011bnoval svou pracovn\u00ed p\u00edli n\u011bmeck\u00e9mu v\u00e1le\u010dn\u00e9mu \u00fasil\u00ed. \u010cesk\u00fdm d\u011bln\u00edk\u016fm mus\u00edme d\u00e1t tak \u201ena\u017erat\u201c, aby mohli konat svou pr\u00e1ci. Tento prostor mus\u00ed b\u00fdt definitivn\u011b os\u00eddlen jen N\u011bmci, \u010cech tady nem\u00e1 co pohled\u00e1vat. Mus\u00edme prov\u00e9st rasovou inventuru.. To bude kone\u010dn\u00e9 \u0159e\u0161en\u00ed \u010desk\u00e9 ot\u00e1zky, rasov\u011b dob\u0159\u00ed z\u016fstanou, budou pon\u011bm\u010deni, o ty ostatn\u00ed bude postar\u00e1no.<\/p>\n<p align=\"justify\">Stejn\u00e1 slova pronesl Heydrich na konferenci ve Wansee v \u016fnoru 1942, \u010ce\u0161i budou n\u00e1sledovat \u017didy.<\/p>\n<p align=\"justify\">V t\u00e9to situaci, za stann\u00e9ho pr\u00e1va , zat\u00fdk\u00e1n\u00ed a poprav, byli vysl\u00e1ni z Anglie do Protektor\u00e1tu \u010deskosloven\u0161t\u00ed para\u0161utist\u00e9 s rozkazem odstranit Heydricha jako nejv\u011bt\u0161\u00ed nebezpe\u010d\u00ed pro n\u00e1\u0161 n\u00e1rod.<\/p>\n<p align=\"justify\">Toto rozhodnut\u00ed vzniklo v Lond\u00fdn\u011b velice brzy po poprav\u011b skupiny \u010deskoslovensk\u00fdch gener\u00e1l\u016f.<\/p>\n<p align=\"justify\">Jak budou para\u0161utist\u00e9 doma p\u0159ijati? Nebude odboj zastra\u0161en v\u0161udyp\u0159\u00edtomn\u00fdm terorem?<\/p>\n<p align=\"justify\">Ani situace na front\u00e1ch ned\u00e1vala nad\u011bji, \u017ee N\u011bmecko by mohlo b\u00fdt pora\u017eeno. Situace byla jako v n\u011bmeck\u00e9 hymn\u011b Deutschland, Deutschland \u00fcber alles&#8230;Na z\u00e1pad\u011b Wehrmacht st\u00e1l na b\u0159ez\u00edch Atlantiku, cel\u00fd Balk\u00e1n okupov\u00e1n N\u011bmci a Italy, v Africe Rommelova arm\u00e1da se bl\u00ed\u017eila k hranic\u00edm Egypta. V arabsk\u00e9m sv\u011bt\u011b to v\u0159elo, propukala povst\u00e1n\u00ed Angli\u010dan\u016fm v t\u00fdlu.<\/p>\n<p align=\"justify\">Na v\u00fdchodn\u00ed front\u011b se N\u011bmci dostali t\u011bsn\u011b p\u0159ed Moskvu, asi tam, kde je dnes leti\u0161t\u011b \u0160eremet\u011bvo. Leningrad byl obkl\u00ed\u010den. Situace, kde se mohlo v\u00edt\u011bzstv\u00ed N\u011bmc\u016f zd\u00e1t neodvratn\u00e9. U Moskvy a u El Alameinu se postup N\u011bmc\u016f zastavil a po Stalingradu za\u010dal \u00fastup, kter\u00fd skon\u010dil 9.kv\u011btna 1945 v Berl\u00edn\u011b.<\/p>\n<p align=\"justify\">Za t\u00e9to situace, kdy prob\u00edhala zat\u00fdk\u00e1n\u00ed, popravy, deportace do koncentr\u00e1k\u016f, mus\u00edme vzd\u00e1t \u010dest na\u0161im rodi\u010d\u016fm a prarodi\u010d\u016fm za jejich odv\u00e1\u017en\u00e9 chov\u00e1n\u00ed, za jejich vlastenectv\u00ed.<\/p>\n<p align=\"justify\">Byli to pr\u00e1v\u011b Sokolov\u00e9, kte\u0159\u00ed poskytli pomoc para\u0161utist\u016fm, kte\u0159\u00ed byli do Protektor\u00e1tu vys\u00edl\u00e1ni koncem roku 1941, mezi nimi skupina Anthropoid. Od jejich v\u00fdsadku a\u017e do proveden\u00ed dan\u00e9ho \u00fakolu \u2013 odstran\u011bn\u00ed Reinharda Heydricha,to byli sokolov\u00e9 z pra\u017esk\u00fdch \u017eup, zejm\u00e9na z \u017eupy Bar\u00e1kovy. Bez pomoci t\u011bchto lid\u00ed, kte\u0159\u00ed od po\u010d\u00e1tku spolupr\u00e1ce v\u011bd\u011bli \u017ee je a jejich rodiny v p\u0159\u00edpad\u011b odhalen\u00ed \u010dek\u00e1 smrt, by se atent\u00e1t uskute\u010dnit nepoda\u0159ilo.<\/p>\n<p align=\"justify\">Bratr Pisk\u00e1\u010dek p\u0159ed smrt\u00ed prohl\u00e1sil, \u017ee ni\u010deho nelituje, \u017ee dob\u0159e v\u011bd\u011bl, co ho \u010dek\u00e1.<\/p>\n<p align=\"justify\">Pomoc sokol\u016f para\u0161utist\u016fm je p\u0159ehl\u00ed\u017eena, mluv\u00ed se jen o voj\u00e1c\u00edch, ale bez pomoci dom\u00e1c\u00edch by byli v okupovan\u00e9 zemi ztraceni. Zn\u00e1me jm\u00e9na rodin, kter\u00e9 se nejv\u00edce na p\u0159\u00edprav\u011b a uskute\u010dn\u011bn\u00ed akce pod\u00edleli, Pisk\u00e1\u010dkovi, Khodlovi, Smr\u017eovi, Nov\u00e1kovi, Fafkovi, Ogounovi, Moravcovi, Zelenka- Hajsk\u00fd, v\u00fd\u010det v\u0161ech by dos\u00e1hl n\u011bkolika set. Historici znaj\u00ed jm\u00e9na pouze z v\u00fdslechov\u00fdch protokol\u016f gestapa, ale p\u0159i v\u00fdsle\u0161\u00edch v\u0161echna jm\u00e9na se gestap\u00e1k\u016fm nepoda\u0159ilo z vysl\u00fdchan\u00fdch \u201evytlouci\u201c. S\u00e1m jsem osobn\u011b znal n\u011bkter\u00e9, kte\u0159\u00ed p\u0159\u00edmo s vyso\u010dansk\u00fdmi spolupracovali a zat\u010den\u00ed unikli.<\/p>\n<p align=\"justify\">V archivu \u010cesk\u00e9ho rozhlasu je p\u00e1smo Anhropoid. Je sestaven\u00e9 z r\u016fzn\u00fdch nahr\u00e1vek z t\u00e9 doby. V z\u00e1v\u011bru je z\u00e1znam hodnocen\u00ed pracovn\u00edka exilov\u00e9 vl\u00e1dy v Lond\u00fdn\u011b \u201e D\u011bkujeme Sokol\u016fm a pan\u00ed Moravcov\u00e9\u201c.<\/p>\n<p align=\"justify\">Po atent\u00e1tu nastalo velk\u00e9 zat\u00fdk\u00e1n\u00ed a popravy. P\u0159ipomenu gener\u00e1la Aloise Eli\u00e1\u0161e, spisovatele Vladislava. Van\u010duru, novin\u00e1\u0159e Ev\u017eena Rosick\u00e9ho. Byly vyhlazeny Lidice a Le\u017e\u00e1ky.<\/p>\n<p align=\"justify\">Nikdo je\u0161t\u011b nezhodnotil, \u017ee po celou tu dobu, kdy se atent\u00e1t p\u0159ipravoval, nikdo ze sokolsk\u00fdch \u0159ad, pom\u00e1haj\u00edc\u00edch para\u0161utist\u016fm, nezradil. Zrada p\u0159i\u0161la, odkud se ne\u010dekala. V \u010dem byla chyba?<\/p>\n<p align=\"justify\">Neb\u00fdt zr\u00e1dce, gestapu by se \u00fakryt para\u0161utist\u016f objevit nepoda\u0159ilo. On udal z\u00e1chytn\u00e9 adresy. Gestapo vytlouklo z 16ti let\u00e9ho Vlastimila Moravce m\u00edsto, kde jsou ukryti para\u0161utist\u00e9, a dal\u0161\u00ed adresy. Nastalo zat\u00fdk\u00e1n\u00ed cel\u00fdch sokolsk\u00fdch rodin. Ty byly po krut\u00fdch v\u00fdsle\u0161\u00edch deportov\u00e1ny do Mauthausenu a 24. \u0159\u00edjna 1942 post\u0159\u00edleny. Bylo jich 244. J\u00e1 si t\u011bchto lid\u00ed velice cen\u00edm, za jejich vlastenectv\u00ed a tak\u00e9 za to, \u017ee p\u0159i mu\u010den\u00ed vytrvali a nikoho neprozradili.<\/p>\n<p align=\"justify\">Na tyto rodiny, na tento den bychom nem\u011bli zapomenout. Jejich ob\u011bt\u00ed se otev\u0159ela cesta k likvidaci Mnichova.<\/p>\n<p align=\"justify\">Ano, je to tak. Mezi fyzickou likvidac\u00ed Reinharda Heydricha a oduzn\u00e1n\u00edm podpis\u016f pod Mnichovskou dohodou je p\u0159\u00edm\u00e1 spojitost. Takov\u00fd \u010din nikde jinde v okupovan\u00e9 Evrop\u011b se neud\u00e1l. De Gaulle za Francii odvolal podpis ihned, Italov\u00e9 pozd\u011bji. Prezident Bene\u0161 m\u011bl probl\u00e9m pouze s Churchilem. Ten pova\u017eoval Mnichovskou dohodu za platnou do 15 b\u0159ezna 1939, vzp\u00edral se prohl\u00e1sit ji za nulitn\u00ed od sam\u00e9ho po\u010d\u00e1tku.<\/p>\n<p align=\"justify\">Ale jak to bylo a je s N\u011bmeckem? V r\u00e1mci denacifikace ji m\u011bli N\u011bmci zru\u0161it ihned po v\u00e1lce po procesu v Norimberku. V\u017edy\u0165 dohoda byla produktem nacistick\u00e9ho re\u017eimu, neslu\u010diteln\u00e1 s demokratick\u00fdm st\u00e1tem.<\/p>\n<p align=\"justify\">Tento rok je zaj\u00edmav\u00fd na dal\u0161\u00ed v\u00fdro\u010d\u00ed, 27. z\u00e1\u0159\u00ed 79 let od p\u0159\u00edchodu Heydricha do Prahy, 1. \u0159\u00edjna 74 let od vynesen\u00ed rozsudk\u016f nad nacistick\u00fdmi v\u00e1le\u010dn\u00fdmi zlo\u010dinci v Norimberku.<\/p>\n<p align=\"justify\">Proto mi dovolte, abych na z\u00e1v\u011br uvedl, co p\u0159iznal Konstantina von Neuratha na Norimbersk\u00e9m procesu:\u00a0<strong>\u201e Sokol byl nejnebezpe\u010dn\u011bj\u0161\u00ed protist\u00e1tn\u00ed organizac\u00ed. To jsem nemohl trp\u011bt.<\/strong><\/p>\n<p align=\"justify\">Prezident Bene\u0161 po v\u00e1lce napsal, \u017ee n\u011bme\u010dt\u00ed okupanti si byli dob\u0159e v\u011bdomi, jak hluboce v na\u0161ich srdc\u00edch byla zako\u0159en\u011bna my\u0161lenka Tyr\u0161ova a dob\u0159e si byli v\u011bdomi nebezpe\u010d\u00ed, kter\u00e9 pro n\u011b sokolsk\u00e1 organizace p\u0159estavovala.. Z bezmezn\u00e9ho strachu a obavy p\u0159ed silou sokolskou \u2013 jako jednou z hlavn\u00edch sil odporu \u2013 soust\u0159edili se na jeho p\u0159\u00edslu\u0161n\u00edky jako na jedny z prv\u00fdch, kdo byli p\u0159edur\u010deni k tomu, aby vydali ze sv\u00fdch \u0159ad tolik ob\u011bt\u00ed a\u0165 padl\u00fdch, popraven\u00fdch \u010di umu\u010den\u00fdch, p\u0159ed jejich\u017e pam\u00e1tkou se skl\u00e1n\u00edme. Pokorn\u00fd d\u00edk a hrd\u00fd obdiv pat\u0159\u00ed v\u0161em, kte\u0159\u00ed svou smrt\u00ed, sv\u00fdmi \u00fatrapami dali posv\u011bcen\u00ed velk\u00e9mu v\u00edt\u011bzstv\u00ed.<\/p>\n<p align=\"justify\">Mluv\u00edme o 8. \u0159\u00edjnu jako o pam\u00e1tn\u00e9m dnu sokolstva. Ale takov\u00fd den by m\u011bl b\u00fdt spojov\u00e1n<\/p>\n<p align=\"justify\">s n\u011bjak\u00fdm v\u00fdznamn\u00fdm \u010dinem Sokola, ale t\u00edm tento den nebyl. Byl to den tvrd\u00e9ho \u00faderu na sokolskou organizaci, den preventivn\u00edho \u00faderu proti organizaci schopn\u00e9 aktivn\u011b se z\u00fa\u010dastnit na ozbrojen\u00e9m povst\u00e1n\u00ed. Tento \u00fader ale nezlomil v sokolech s\u00edlu k odporu. Byl to duch vlastenectv\u00ed, od ml\u00e1d\u00ed jim v\u0161t\u011bpovan\u00fd, p\u0159\u00edklad otc\u016f legion\u00e1\u0159\u016f , kter\u00fd je vedl k odpov\u011bdi na tento \u00fader. Pomoc p\u0159i p\u0159\u00edprav\u011b a proveden\u00ed atent\u00e1tu na Reinharda Heydricha. Tento \u010din v\u00fdznamn\u011b pomohl prezidentu Bene\u0161ovi v \u00fasil\u00ed o zru\u0161en\u00ed podpis\u016f pod dohodou z Mnichova. Jinak se mohlo st\u00e1t, \u017ee i po v\u00edt\u011bzn\u00e9m 9.kv\u011btnu 1945 by byly hranice N\u011bmecka za M\u011bln\u00edkem a u Plzn\u011b.<\/p>\n<p align=\"justify\">Tak\u00e9 nesm\u00edme zapom\u00ednat na 24. \u0159\u00edjen 1942, na popravy v Mauthausenu.<\/p>\n<p align=\"justify\"><strong><em>O. Mach<\/em><\/strong><\/p>\n<p align=\"justify\">\n","protected":false},"excerpt":{"rendered":"<p>Potektor\u00e1t \u010cechy a Morava vznikl 15. b\u0159ezna 1939. \u0158\u00ed\u0161sk\u00fdm protektorem se v n\u011bm stal Freiherr&#8230;<\/p>\n","protected":false},"author":2,"featured_media":63798,"comment_status":"closed","ping_status":"closed","sticky":false,"template":"","format":"standard","meta":[],"categories":[6],"tags":[398,1936,8033,673],"_links":{"self":[{"href":"https:\/\/www.infokuryr.cz\/n\/wp-json\/wp\/v2\/posts\/63797"}],"collection":[{"href":"https:\/\/www.infokuryr.cz\/n\/wp-json\/wp\/v2\/posts"}],"about":[{"href":"https:\/\/www.infokuryr.cz\/n\/wp-json\/wp\/v2\/types\/post"}],"author":[{"embeddable":true,"href":"https:\/\/www.infokuryr.cz\/n\/wp-json\/wp\/v2\/users\/2"}],"replies":[{"embeddable":true,"href":"https:\/\/www.infokuryr.cz\/n\/wp-json\/wp\/v2\/comments?post=63797"}],"version-history":[{"count":0,"href":"https:\/\/www.infokuryr.cz\/n\/wp-json\/wp\/v2\/posts\/63797\/revisions"}],"wp:featuredmedia":[{"embeddable":true,"href":"https:\/\/www.infokuryr.cz\/n\/wp-json\/wp\/v2\/media\/63798"}],"wp:attachment":[{"href":"https:\/\/www.infokuryr.cz\/n\/wp-json\/wp\/v2\/media?parent=63797"}],"wp:term":[{"taxonomy":"category","embeddable":true,"href":"https:\/\/www.infokuryr.cz\/n\/wp-json\/wp\/v2\/categories?post=63797"},{"taxonomy":"post_tag","embeddable":true,"href":"https:\/\/www.infokuryr.cz\/n\/wp-json\/wp\/v2\/tags?post=63797"}],"curies":[{"name":"wp","href":"https:\/\/api.w.org\/{rel}","templated":true}]}}