{"id":63796,"date":"2024-10-08T00:42:56","date_gmt":"2024-10-07T22:42:56","guid":{"rendered":"https:\/\/www.infokuryr.cz\/n\/?p=63796"},"modified":"2024-10-07T15:22:58","modified_gmt":"2024-10-07T13:22:58","slug":"josef-sedlak-kdyz-nemci-nemohli-zavrit-a-zavrazdit-prezidenta-benese-zavirali-a-vrazdili-jeho-pribuzne","status":"publish","type":"post","link":"https:\/\/www.infokuryr.cz\/n\/2024\/10\/08\/josef-sedlak-kdyz-nemci-nemohli-zavrit-a-zavrazdit-prezidenta-benese-zavirali-a-vrazdili-jeho-pribuzne\/","title":{"rendered":"Josef Sedl\u00e1k: Kdy\u017e N\u011bmci nemohli zav\u0159\u00edt a zavra\u017edit prezidenta Bene\u0161e, zav\u00edrali a vra\u017edili jeho p\u0159\u00edbuzn\u00e9"},"content":{"rendered":"<div id=\"fb-root\"><\/div>\n<p>St\u00e1le se u n\u00e1s vyskytuj\u00ed v\u0161eznalci a p\u00eds\u00e1lci, kte\u0159\u00ed, jak se jen naskytne p\u0159\u00edle\u017eitost, plivnou si s\u00a0gustem po b\u00fdval\u00e9m prezidentovi dr. Edvardu Bene\u0161ovi. Lehce se pozn\u00e1, \u017ee jednaj\u00ed v\u00a0ciz\u00edm z\u00e1jmu, o lokaje a ohnut\u00e9 h\u0159bety\u00a0 nebyla u n\u00e1s nikdy nouze. Ti, kdo\u017e \u017eivotn\u00ed dr\u00e1hu dr. E. Bene\u0161e mohli sledovat, v\u00ed, co pro tuto republiku vykonal i jak\u00e9ho vd\u011bku na konci \u017eivota se do\u010dkal.\u00a0 Jeho odboj a \u00fasil\u00ed za druh\u00e9 sv\u011btov\u00e9 v\u00e1lky nemohou zpochybnit \u017e\u00e1dn\u00e9 pomluvy, \u017ev\u00e1sty. Vzpome\u0148me t\u0159eba na ten surov\u00fd \u00fatok s\u00a0odrhova\u010dkou, kdy\u017e odl\u00e9tal do Anglie \u2013 \u201ePopad Henku, vykrad banku\u2026\u201c<\/p>\n<p>M\u00e1lokdo asi mu\u017e v\u00ed, \u017ee Hitler, kter\u00fd Bene\u0161e zu\u0159iv\u011b nen\u00e1vid\u011bl, v\u00a0ni\u010dem nepolevil.\u00a0 Obsazen\u00edm republiky z\u00edskal ko\u0159ist \u2013 p\u0159\u00edbuzn\u00e9 prezidenta Bene\u0161e. Jeho represivn\u00ed n\u00e1stroj \u2013 gestapo, se do postihu vlo\u017eilo s\u00a0vervou. Perzekuci neu\u0161la nete\u0159 prezidenta , u\u010ditelka Emilie Vo\u017eehov\u00e1, provdan\u00e1 Kab\u00e1tov\u00e1 z\u00a0Ko\u017elan. Gestap\u00e1ci ji sebrali p\u0159i vych\u00e1zce, v\u00a0ko\u010d\u00e1rku s\u00a0mal\u00fdm d\u011bckem, za ruku vedla osmiletou dceru.\u00a0 N\u011bkolik dn\u00ed pot\u00e9 zatkli i bratra pan\u00ed Kub\u00e1tov\u00e9, Stanislava Vo\u017eeha, kter\u00fd bydlel v\u00a0Praze. Po n\u011bkolikat\u00fddenn\u00edch v\u00fdsle\u0161\u00edch skon\u010dil v\u00a0koncentra\u010dn\u00edm t\u00e1boru v\u00a0Polsku. Propu\u0161t\u011bn byl, a\u017e kdy\u017e na n\u00e1sledky t\u00fdr\u00e1n\u00ed \u00fapln\u011b oslepl.<\/p>\n<p>V\u00a0t\u00e9 dob\u011b v\u00a0koncentra\u010dn\u00edm t\u00e1bo\u0159e Osv\u011btim, 7. \u0159\u00edjna 1942 um\u00edrala man\u017eelka ji\u017e zem\u0159el\u00e9ho Bed\u0159icha Bene\u0161e (bratr prezidenta), Marie. Pozd\u011bji \u2013 17. b\u0159ezna 1943 zem\u0159ela i jejich dcera\u00a0 Jarmila. Za necel\u00fdch \u0161est m\u011bs\u00edc\u016f po zat\u010den\u00ed\u00a0\u00a0 um\u0159ela v\u00a0listopadu 1943 dal\u0161\u00ed p\u0159\u00edbuzn\u00e1, Emilie Kub\u00e1tov\u00e1, matka dvou mal\u00fdch d\u011bt\u00ed. Jedin\u00fdm provin\u011bn\u00edm v\u0161ech zem\u0159el\u00fdch i nad\u00e1le v\u011bzn\u011bn\u00fdch bylo, \u017ee byli p\u0159\u00edbuzn\u00ed prezidenta E. Bene\u0161e. Proto museli b\u00fdt potrest\u00e1ni. Hitler byl mstiv\u00fd a podl\u00fd. Ji\u0159\u00ed Bene\u0161, synovec prezidenta Bene\u0161e, byl tak\u00e9 v\u011bzn\u011bn v\u00a0koncentra\u010dn\u00edm t\u00e1bo\u0159e. Po osvobozen\u00ed se vr\u00e1til dom\u016f a napsal knihu \u201eV n\u011bmeck\u00e9m zajet\u00ed\u201c, s\u00a0jej\u00edm\u017e obsahem se postupn\u011b sezn\u00e1m\u00edme.<\/p>\n<p>Byla to opravdu krut\u00e1 da\u0148, kterou musel odv\u00e9st ko\u017elansk\u00fd rod Bene\u0161\u016f. Mnoz\u00ed dnes odpo\u010d\u00edvaj\u00ed na tamn\u00edm h\u0159bitov\u011b. A i zde je t\u0159eba se zm\u00ednit \u2013 nen\u00ed tomu zas tak d\u00e1vno, co hrob Bene\u0161ov\u00fdch rodi\u010d\u016f byl vandalsky poni\u010den. O\u010dek\u00e1vat, \u017ee se o tomto n\u011bkdo z\u00a0t\u011bch, kdo um\u00ed h\u00e1zet jen bl\u00e1to a pomluvy, se tak\u00e9 zm\u00edn\u00ed, je marn\u00e9. Za to by pochvalu a bak\u0161i\u0161 jist\u011b nedostali. Dokonce o tom dostate\u010dn\u011b nahlas nemluvili ani ti, co by m\u011bli, od nich\u017e by se to dalo o\u010dek\u00e1vat.<\/p>\n<p>Je vid\u011bt, \u017ee Hitlerovi pohrobci se toho u sv\u00e9ho idolu hodn\u011b nau\u010dili. Bourat hroby nebo dokonce cel\u00e9 h\u0159bitovy byla zvrhl\u00e1 specialita nacist\u016f. Dnes nejsou zat\u00edm dost\u00a0 sm\u011bl\u00ed, a proto si dovol\u00ed jen \u00a0na n\u011bjak\u00fd hrob, ale i to je odsouzen\u00edhodn\u00e1 a neodpustiteln\u00e1 ni\u010demnost, kterou civilizovan\u00fd sv\u011bt ji\u017e dlouhou dobu nezn\u00e1.<\/p>\n<p><strong><em>Josef Sedl\u00e1k, Plze\u0148<\/em><\/strong><\/p>\n<p>&nbsp;<\/p>\n","protected":false},"excerpt":{"rendered":"<p>St\u00e1le se u n\u00e1s vyskytuj\u00ed v\u0161eznalci a p\u00eds\u00e1lci, kte\u0159\u00ed, jak se jen naskytne p\u0159\u00edle\u017eitost, plivnou&#8230;<\/p>\n","protected":false},"author":2,"featured_media":14506,"comment_status":"closed","ping_status":"closed","sticky":false,"template":"","format":"standard","meta":[],"categories":[6],"tags":[1693,398,2161,649,429,205],"_links":{"self":[{"href":"https:\/\/www.infokuryr.cz\/n\/wp-json\/wp\/v2\/posts\/63796"}],"collection":[{"href":"https:\/\/www.infokuryr.cz\/n\/wp-json\/wp\/v2\/posts"}],"about":[{"href":"https:\/\/www.infokuryr.cz\/n\/wp-json\/wp\/v2\/types\/post"}],"author":[{"embeddable":true,"href":"https:\/\/www.infokuryr.cz\/n\/wp-json\/wp\/v2\/users\/2"}],"replies":[{"embeddable":true,"href":"https:\/\/www.infokuryr.cz\/n\/wp-json\/wp\/v2\/comments?post=63796"}],"version-history":[{"count":0,"href":"https:\/\/www.infokuryr.cz\/n\/wp-json\/wp\/v2\/posts\/63796\/revisions"}],"wp:featuredmedia":[{"embeddable":true,"href":"https:\/\/www.infokuryr.cz\/n\/wp-json\/wp\/v2\/media\/14506"}],"wp:attachment":[{"href":"https:\/\/www.infokuryr.cz\/n\/wp-json\/wp\/v2\/media?parent=63796"}],"wp:term":[{"taxonomy":"category","embeddable":true,"href":"https:\/\/www.infokuryr.cz\/n\/wp-json\/wp\/v2\/categories?post=63796"},{"taxonomy":"post_tag","embeddable":true,"href":"https:\/\/www.infokuryr.cz\/n\/wp-json\/wp\/v2\/tags?post=63796"}],"curies":[{"name":"wp","href":"https:\/\/api.w.org\/{rel}","templated":true}]}}