{"id":63792,"date":"2024-10-08T00:50:54","date_gmt":"2024-10-07T22:50:54","guid":{"rendered":"https:\/\/www.infokuryr.cz\/n\/?p=63792"},"modified":"2024-10-07T14:57:36","modified_gmt":"2024-10-07T12:57:36","slug":"vucic-usa-ztraceji-kontrolu-nad-konfliktem-na-ukrajine","status":"publish","type":"post","link":"https:\/\/www.infokuryr.cz\/n\/2024\/10\/08\/vucic-usa-ztraceji-kontrolu-nad-konfliktem-na-ukrajine\/","title":{"rendered":"Vu\u010di\u010d: USA ztr\u00e1cej\u00ed kontrolu nad konfliktem na Ukrajin\u011b"},"content":{"rendered":"<div id=\"fb-root\"><\/div>\n<p><span style=\"font-size: 18pt;\"><strong>Pro Z\u00e1pad bude brzy mnohem t\u011b\u017e\u0161\u00ed zvl\u00e1dnout krizi, pokud nevy\u0159e\u0161\u00ed nepokoje na Bl\u00edzk\u00e9m v\u00fdchod\u011b, \u0159ekl srbsk\u00fd prezident Alexandr Vu\u010di\u010d<\/strong><\/span><\/p>\n<p><span>Krize na Bl\u00edzk\u00e9m v\u00fdchod\u011b zhor\u0161uje pozici Z\u00e1padu v ukrajinsk\u00e9m konfliktu, \u0159ekl srbsk\u00fd prezident Aleksandar Vu\u010di\u010d a dodal, \u017ee spor mezi Moskvou a Kyjevem se\u00a0<\/span><em><span>\u201evymyk\u00e1\u201c<\/span><\/em><span>\u00a0americk\u00e9 kontrole.<\/span><\/p>\n<p><span>V ned\u011bln\u00edm rozhovoru pro televizn\u00ed kan\u00e1l Pink Vucic nazna\u010dil, \u017ee izraelsk\u00fd premi\u00e9r Benjamin Netanjahu vid\u011bl p\u0159ekvapiv\u00fd \u00fatok Hamasu loni v \u0159\u00edjnu jako\u00a0<\/span><em><span>\u201ehistorickou p\u0159\u00edle\u017eitost\u201c<\/span><\/em><span>\u00a0a pokusil se ji vyu\u017e\u00edt k vy\u0159e\u0161en\u00ed v\u0161ech izraelsk\u00fdch probl\u00e9m\u016f a z\u00e1rove\u0148 si zajistit sv\u00e9 m\u00edsto v historie bez ohledu na to, zda z\u016fstane u moci nebo ne.<\/span><\/p>\n<p><em><span>\u201eSituace je velmi obt\u00ed\u017en\u00e1 a komplikovan\u00e1\u2026 a douf\u00e1me, \u017ee skon\u010d\u00ed. Situace na Ukrajin\u011b bude pro Z\u00e1pad st\u00e1le obt\u00ed\u017en\u011bj\u0161\u00ed, pokud konflikty na Bl\u00edzk\u00e9m v\u00fdchod\u011b brzy neskon\u010d\u00ed,\u201c<\/span><\/em><span>\u00a0\u0159ekl Vu\u010di\u010d.<\/span><\/p>\n<p><span>Srbsk\u00fd prezident argumentoval, \u017ee ukrajinsk\u00fd konflikt se\u00a0<\/span><em><span>\u201evymyk\u00e1\u201c<\/span><\/em><span>\u00a0Washingtonu pod kontrolu a nyn\u00ed by\u00a0<\/span><em><span>se k nim mohl \u201evr\u00e1tit jako bumerang\u201c.<\/span><\/em><\/p>\n<p><span>Vu\u010di\u010d \u0159ekl, \u017ee v\u011b\u0159\u00ed, \u017ee republik\u00e1nsk\u00fd kandid\u00e1t na americk\u00e9ho prezidenta Donald Trump bude schopen zastavit ukrajinsk\u00fd konflikt, pokud vyhraje volby letos v listopadu \u2013 nicm\u00e9n\u011b\u00a0<\/span><em><span>\u201ei kdy\u017e vyhraje [demokratick\u00e1 kandid\u00e1tka Kamala] Harrisov\u00e1, v\u011b\u0159\u00edm, \u017ee i ona bude muset n\u011bco ud\u011blat. o zastaven\u00ed v\u00e1lky.&#8220;<\/span><\/em><\/p>\n<p><span>Na rozd\u00edl od Harrisov\u00e9, kter\u00e1 se postavila jako neochv\u011bjn\u00e1 podporovatelka Kyjeva, Trump opakovan\u011b sl\u00edbil, \u017ee konflikt ukon\u010d\u00ed do 24 hodin od sv\u00e9ho zvolen\u00ed. Trump\u016fv spolubojovn\u00edk JD Vance \u0159ekl, \u017ee potenci\u00e1ln\u00ed m\u00edrov\u00e1 dohoda by mohla zahrnovat zamezen\u00ed vstupu Ukrajiny do NATO a vytvo\u0159en\u00ed\u00a0<\/span><em><span>\u201edemilitarizovan\u00e9 z\u00f3ny\u201c<\/span><\/em><span>\u00a0pod\u00e9l sou\u010dasn\u00e9 frontov\u00e9 linie.<\/span><\/p>\n<p><span>Minul\u00fd m\u011bs\u00edc Vu\u010di\u010d p\u0159edpov\u011bd\u011bl, \u017ee zat\u00edmco Rusko a Ukrajina nakonec p\u0159estanou bojovat, konflikt pravd\u011bpodobn\u011b skon\u010d\u00ed patovou situac\u00ed podle \u201ekorejsk\u00e9ho sc\u00e9n\u00e1\u0159e\u201c, kter\u00e1 by mohla p\u0159etrvat v p\u0159\u00ed\u0161t\u00edch desetilet\u00edch. Tento sc\u00e9n\u00e1\u0159 v\u0161ak ozna\u010dil za nejlep\u0161\u00ed v\u00fdsledek, ve kter\u00fd m\u016f\u017ee Z\u00e1pad doufat, vzhledem k tomu, \u017ee rusk\u00e1 ekonomika se uk\u00e1zala mnohem odoln\u011bj\u0161\u00ed v\u016f\u010di z\u00e1padn\u00edmu tlaku, ne\u017e mnoz\u00ed o\u010dek\u00e1vali.<\/span><\/p>\n<p><span>Nap\u011bt\u00ed na Bl\u00edzk\u00e9m v\u00fdchod\u011b prudce vzrostlo po p\u0159ekvapiv\u00e9m \u00fatoku Hamasu na Izrael p\u0159ed rokem a vojensk\u00e9 reakci Z\u00e1padn\u00edho Jeruzal\u00e9ma v Gaze, stejn\u011b jako po sporu mezi \u017eidovsk\u00fdm st\u00e1tem a Hizball\u00e1hem s\u00eddl\u00edc\u00edm v Libanonu. P\u0159edstavitel\u00e9 Kyjeva vyj\u00e1d\u0159ili obavy, \u017ee krize na Bl\u00edzk\u00e9m v\u00fdchod\u011b by mohla odv\u00e9st pozornost Z\u00e1padu od podpory Ukrajiny.<\/span><\/p>\n<p><img decoding=\"async\" loading=\"lazy\" class=\"alignnone size-full wp-image-1185\" src=\"http:\/\/www.infokuryr.cz\/n\/wp-content\/uploads\/2021\/04\/kuryr-podpis.png\" alt=\"\" width=\"84\" height=\"24\" \/><\/p>\n<p>&nbsp;<\/p>\n","protected":false},"excerpt":{"rendered":"<p>Pro Z\u00e1pad bude brzy mnohem t\u011b\u017e\u0161\u00ed zvl\u00e1dnout krizi, pokud nevy\u0159e\u0161\u00ed nepokoje na Bl\u00edzk\u00e9m v\u00fdchod\u011b, \u0159ekl&#8230;<\/p>\n","protected":false},"author":2,"featured_media":30478,"comment_status":"closed","ping_status":"closed","sticky":false,"template":"","format":"standard","meta":[],"categories":[7],"tags":[1503,2320,26,37,3396,365],"_links":{"self":[{"href":"https:\/\/www.infokuryr.cz\/n\/wp-json\/wp\/v2\/posts\/63792"}],"collection":[{"href":"https:\/\/www.infokuryr.cz\/n\/wp-json\/wp\/v2\/posts"}],"about":[{"href":"https:\/\/www.infokuryr.cz\/n\/wp-json\/wp\/v2\/types\/post"}],"author":[{"embeddable":true,"href":"https:\/\/www.infokuryr.cz\/n\/wp-json\/wp\/v2\/users\/2"}],"replies":[{"embeddable":true,"href":"https:\/\/www.infokuryr.cz\/n\/wp-json\/wp\/v2\/comments?post=63792"}],"version-history":[{"count":0,"href":"https:\/\/www.infokuryr.cz\/n\/wp-json\/wp\/v2\/posts\/63792\/revisions"}],"wp:featuredmedia":[{"embeddable":true,"href":"https:\/\/www.infokuryr.cz\/n\/wp-json\/wp\/v2\/media\/30478"}],"wp:attachment":[{"href":"https:\/\/www.infokuryr.cz\/n\/wp-json\/wp\/v2\/media?parent=63792"}],"wp:term":[{"taxonomy":"category","embeddable":true,"href":"https:\/\/www.infokuryr.cz\/n\/wp-json\/wp\/v2\/categories?post=63792"},{"taxonomy":"post_tag","embeddable":true,"href":"https:\/\/www.infokuryr.cz\/n\/wp-json\/wp\/v2\/tags?post=63792"}],"curies":[{"name":"wp","href":"https:\/\/api.w.org\/{rel}","templated":true}]}}