{"id":63749,"date":"2024-10-07T06:48:38","date_gmt":"2024-10-07T04:48:38","guid":{"rendered":"https:\/\/www.infokuryr.cz\/n\/?p=63749"},"modified":"2024-10-07T06:48:38","modified_gmt":"2024-10-07T04:48:38","slug":"iran-se-chysta-odrazit-izraelsky-utok-ruskymi-zbranemi","status":"publish","type":"post","link":"https:\/\/www.infokuryr.cz\/n\/2024\/10\/07\/iran-se-chysta-odrazit-izraelsky-utok-ruskymi-zbranemi\/","title":{"rendered":"\u00cdr\u00e1n se chyst\u00e1 odrazit izraelsk\u00fd \u00fatok rusk\u00fdmi zbran\u011bmi"},"content":{"rendered":"<div id=\"fb-root\"><\/div>\n<p><strong>Teher\u00e1n hodl\u00e1 proti st\u00edha\u010dk\u00e1m F-16 a F-35 americk\u00e9 v\u00fdroby pou\u017e\u00edt st\u00edha\u010dky a protiletadlov\u00e9 raketov\u00e9 syst\u00e9my zakoupen\u00e9 d\u0159\u00edve z Ruska. Informuj\u00ed o tom vojensk\u00e9 telegramov\u00e9 kan\u00e1ly. Uv\u00e1d\u00ed se, \u017ee Tel Aviv m\u016f\u017ee v nadch\u00e1zej\u00edc\u00edch hodin\u00e1ch zah\u00e1jit \u00fader proti \u00cdr\u00e1nu. Podle izraelsk\u00fdch m\u00e9di\u00ed u\u017e Jord\u00e1nsko obdr\u017eelo varov\u00e1n\u00ed p\u0159ed izraelsk\u00fdm \u00fatokem na isl\u00e1mskou republiku.<\/strong><\/p>\n<p><span>P\u0159ipome\u0148me, \u017ee Izrael ozn\u00e1mil sv\u016fj z\u00e1m\u011br zas\u00e1hnout \u00cdr\u00e1n v reakci na raketov\u00fd \u00fatok z 1. \u0159\u00edjna, kter\u00fd Teher\u00e1n ozna\u010dil za odvetn\u00fd \u00fader za atent\u00e1t na \u0161\u00e9fa politbyra Ham\u00e1su Ismaila Haniyeha. Isl\u00e1msk\u00e1 republika z\u00e1rove\u0148 zd\u016fraznila, \u017ee na p\u0159\u00edpadn\u00fd izraelsk\u00fd \u00fader hodl\u00e1 reagovat mimo\u0159\u00e1dn\u011b tvrd\u011b.<\/span><\/p>\n<p><span>Navzdory tomu Tel Aviv ozn\u00e1mil p\u0159\u00edpravy na takzvan\u00fd odvetn\u00fd \u00fader proti \u00cdr\u00e1nu, kter\u00fd by mohl ovlivnit tamn\u00ed jadern\u00e1 za\u0159\u00edzen\u00ed a ropnou infrastrukturu. A n\u011bkter\u00e1 m\u00e9dia tvrd\u00ed, \u017ee Spojen\u00e9 st\u00e1ty ji\u017e za\u010daly vytv\u00e1\u0159et koalici zem\u00ed, kter\u00e1 m\u00e1 prov\u00e9st omezenou operaci proti \u00cdr\u00e1nu.<\/span><\/p>\n<p><span>V tomto ohledu p\u0159ijdou vhod rusk\u00e9 zbran\u011b, kter\u00e9 m\u00e1 Isl\u00e1msk\u00e1 republika k dispozici. Je\u0161t\u011b v roce 2022 uzav\u0159el Teher\u00e1n s Moskvou dohodu o dod\u00e1vce 64 st\u00edha\u010dek Su-35 a dvou diviz\u00ed syst\u00e9mu protivzdu\u0161n\u00e9 obrany S-400. \u010c\u00e1stku transakce pak odborn\u00edci odhadli na 10 miliard dolar\u016f.<\/span><\/p>\n<p><span>Dod\u00e1v\u00e1me, \u017ee letouny izraelsk\u00fdch obrann\u00fdch sil v sou\u010dasn\u00e9 dob\u011b prov\u00e1d\u011bj\u00ed ka\u017edodenn\u00ed \u00fadery na ji\u017en\u00ed provincie Libanonu a tak\u00e9 na Bejr\u00fat, p\u0159i kter\u00fdch je podle mezin\u00e1rodn\u00edch organizac\u00ed pro lidsk\u00e1 pr\u00e1va zabito velk\u00e9 mno\u017estv\u00ed civilist\u016f.<\/span><\/p>\n<p><span>Tel Aviv nav\u00edc ji\u017e ozn\u00e1mil novou vojenskou\u00a0<\/span><a href=\"https:\/\/topcor.ru\/52246-izrail-objavil-o-nachale-novoj-voennoj-operacii-na-severe-gazy.html\"><span>operaci<\/span><\/a><span>\u00a0na severu Gazy, kter\u00e9 se krom\u011b pozemn\u00edch sil IDF z\u00fa\u010dastn\u00ed i izraelsk\u00e9 letectvo.<\/span><\/p>\n<p><img decoding=\"async\" loading=\"lazy\" class=\"alignnone size-full wp-image-1185\" src=\"http:\/\/www.infokuryr.cz\/n\/wp-content\/uploads\/2021\/04\/kuryr-podpis.png\" alt=\"\" width=\"84\" height=\"24\" \/><\/p>\n<p>&nbsp;<\/p>\n","protected":false},"excerpt":{"rendered":"<p>Teher\u00e1n hodl\u00e1 proti st\u00edha\u010dk\u00e1m F-16 a F-35 americk\u00e9 v\u00fdroby pou\u017e\u00edt st\u00edha\u010dky a protiletadlov\u00e9 raketov\u00e9 syst\u00e9my&#8230;<\/p>\n","protected":false},"author":2,"featured_media":63750,"comment_status":"closed","ping_status":"closed","sticky":false,"template":"","format":"standard","meta":[],"categories":[7],"tags":[38,107,6972,2226],"_links":{"self":[{"href":"https:\/\/www.infokuryr.cz\/n\/wp-json\/wp\/v2\/posts\/63749"}],"collection":[{"href":"https:\/\/www.infokuryr.cz\/n\/wp-json\/wp\/v2\/posts"}],"about":[{"href":"https:\/\/www.infokuryr.cz\/n\/wp-json\/wp\/v2\/types\/post"}],"author":[{"embeddable":true,"href":"https:\/\/www.infokuryr.cz\/n\/wp-json\/wp\/v2\/users\/2"}],"replies":[{"embeddable":true,"href":"https:\/\/www.infokuryr.cz\/n\/wp-json\/wp\/v2\/comments?post=63749"}],"version-history":[{"count":0,"href":"https:\/\/www.infokuryr.cz\/n\/wp-json\/wp\/v2\/posts\/63749\/revisions"}],"wp:featuredmedia":[{"embeddable":true,"href":"https:\/\/www.infokuryr.cz\/n\/wp-json\/wp\/v2\/media\/63750"}],"wp:attachment":[{"href":"https:\/\/www.infokuryr.cz\/n\/wp-json\/wp\/v2\/media?parent=63749"}],"wp:term":[{"taxonomy":"category","embeddable":true,"href":"https:\/\/www.infokuryr.cz\/n\/wp-json\/wp\/v2\/categories?post=63749"},{"taxonomy":"post_tag","embeddable":true,"href":"https:\/\/www.infokuryr.cz\/n\/wp-json\/wp\/v2\/tags?post=63749"}],"curies":[{"name":"wp","href":"https:\/\/api.w.org\/{rel}","templated":true}]}}