{"id":63734,"date":"2024-10-07T06:04:05","date_gmt":"2024-10-07T04:04:05","guid":{"rendered":"https:\/\/www.infokuryr.cz\/n\/?p=63734"},"modified":"2024-10-07T06:04:05","modified_gmt":"2024-10-07T04:04:05","slug":"fico-se-zavazal-zablokovat-clenstvi-ukrajiny-v-nato","status":"publish","type":"post","link":"https:\/\/www.infokuryr.cz\/n\/2024\/10\/07\/fico-se-zavazal-zablokovat-clenstvi-ukrajiny-v-nato\/","title":{"rendered":"Fico se zav\u00e1zal zablokovat \u010dlenstv\u00ed Ukrajiny v NATO"},"content":{"rendered":"<div id=\"fb-root\"><\/div>\n<p><span style=\"font-size: 18pt;\"><strong>P\u0159ijet\u00ed Kyjeva do z\u00e1padn\u00ed aliance by mohlo vyvolat glob\u00e1ln\u00ed v\u00e1lku, \u0159ekl slovensk\u00fd premi\u00e9r<\/strong><\/span><\/p>\n<p><span>Slovensk\u00fd premi\u00e9r Robert Fico \u0159ekl, \u017ee jeho zem\u011b nedovol\u00ed Ukrajin\u011b vstoupit do NATO, dokud z\u016fstane u moci. P\u0159ijet\u00ed Kyjeva do vojensk\u00e9 aliance pod veden\u00edm USA by vyvolalo novou sv\u011btovou v\u00e1lku, varoval v ned\u011bln\u00edm rozhovoru pro televizn\u00ed stanici STVR.\u00a0<\/span><\/p>\n<p><em><span>\u201eDokud budu premi\u00e9rem Slovensk\u00e9 republiky, budu v\u00e9st z\u00e1konod\u00e1rce, kter\u00e9 jako p\u0159edseda strany \u0159\u00edd\u00edm, k tomu, aby nikdy nesouhlasili s \u010dlenstv\u00edm Ukrajiny v NATO,\u201c<\/span><\/em><span>\u00a0\u0159ekl Fico.\u00a0<\/span><em><span>&#8222;Vstup Ukrajiny do NATO by poslou\u017eil jako dobr\u00fd z\u00e1klad pro t\u0159et\u00ed sv\u011btovou v\u00e1lku.&#8220;<\/span><\/em><\/p>\n<p><span>Fico, dlouholet\u00fd kritik z\u00e1padn\u00ed vojensk\u00e9 a finan\u010dn\u00ed pomoci Ukrajin\u011b, trv\u00e1 na tom, \u017ee konflikt mus\u00ed b\u00fdt vy\u0159e\u0161en diplomatickou cestou. Opakovan\u011b varoval p\u0159ed dal\u0161\u00ed eskalac\u00ed s Moskvou.\u00a0<\/span><\/p>\n<p><span>Vstup nov\u00fdch zem\u00ed mus\u00ed schv\u00e1lit v\u0161ech 32 st\u00e1vaj\u00edc\u00edch \u010dlen\u016f NATO, p\u0159i\u010dem\u017e n\u00e1rodn\u00ed parlamenty budou hlasovat pro nebo proti kandid\u00e1t\u016fm na p\u0159ijet\u00ed.\u00a0<\/span><\/p>\n<p><span>Kyjev form\u00e1ln\u011b po\u017e\u00e1dal o vstup do NATO v z\u00e1\u0159\u00ed 2022 s odkazem na pokra\u010duj\u00edc\u00ed konflikt s Ruskem. Zat\u00edmco mnoho z\u00e1padn\u00edch st\u00e1t\u016f ve\u0159ejn\u011b podpo\u0159ilo aspirace Ukrajiny, odm\u00edtly poskytnout konkr\u00e9tn\u00ed pl\u00e1n nebo \u010dasov\u00fd harmonogram pro p\u0159istoupen\u00ed. Ukrajinsk\u00fd v\u016fdce Vladimir Zenlensk\u00fd v \u010dervenci p\u0159iznal, \u017ee <\/span><em><span>\u201enebudeme v NATO, dokud neskon\u010d\u00ed v\u00e1lka na Ukrajin\u011b\u201c.<\/span><\/em><\/p>\n<p><span>Rusko pova\u017euje expanzi NATO na v\u00fdchod za bezpe\u010dnostn\u00ed hrozbu a jako jeden z hlavn\u00edch d\u016fvod\u016f konfliktu uv\u00e1d\u00ed spolupr\u00e1ci Ukrajiny s alianc\u00ed.\u00a0<\/span><\/p>\n<p><span>Prezident Vladimir Putin minul\u00fd m\u011bs\u00edc varoval, \u017ee pou\u017eit\u00ed zbran\u00ed del\u0161\u00edho doletu dod\u00e1van\u00fdch Z\u00e1padem pro \u00fadery hluboko uvnit\u0159 Ruska by se rovnalo\u00a0<\/span><em><span>\u201ep\u0159\u00edm\u00e9mu zapojen\u00ed\u201c<\/span><\/em><span>\u00a0NATO do boj\u016f.\u00a0<\/span><\/p>\n<p><img decoding=\"async\" loading=\"lazy\" class=\"alignnone size-full wp-image-1185\" src=\"http:\/\/www.infokuryr.cz\/n\/wp-content\/uploads\/2021\/04\/kuryr-podpis.png\" alt=\"\" width=\"84\" height=\"24\" \/><\/p>\n<p>&nbsp;<\/p>\n","protected":false},"excerpt":{"rendered":"<p>P\u0159ijet\u00ed Kyjeva do z\u00e1padn\u00ed aliance by mohlo vyvolat glob\u00e1ln\u00ed v\u00e1lku, \u0159ekl slovensk\u00fd premi\u00e9r Slovensk\u00fd premi\u00e9r&#8230;<\/p>\n","protected":false},"author":2,"featured_media":48798,"comment_status":"closed","ping_status":"closed","sticky":false,"template":"","format":"standard","meta":[],"categories":[7],"tags":[636,39,26],"_links":{"self":[{"href":"https:\/\/www.infokuryr.cz\/n\/wp-json\/wp\/v2\/posts\/63734"}],"collection":[{"href":"https:\/\/www.infokuryr.cz\/n\/wp-json\/wp\/v2\/posts"}],"about":[{"href":"https:\/\/www.infokuryr.cz\/n\/wp-json\/wp\/v2\/types\/post"}],"author":[{"embeddable":true,"href":"https:\/\/www.infokuryr.cz\/n\/wp-json\/wp\/v2\/users\/2"}],"replies":[{"embeddable":true,"href":"https:\/\/www.infokuryr.cz\/n\/wp-json\/wp\/v2\/comments?post=63734"}],"version-history":[{"count":0,"href":"https:\/\/www.infokuryr.cz\/n\/wp-json\/wp\/v2\/posts\/63734\/revisions"}],"wp:featuredmedia":[{"embeddable":true,"href":"https:\/\/www.infokuryr.cz\/n\/wp-json\/wp\/v2\/media\/48798"}],"wp:attachment":[{"href":"https:\/\/www.infokuryr.cz\/n\/wp-json\/wp\/v2\/media?parent=63734"}],"wp:term":[{"taxonomy":"category","embeddable":true,"href":"https:\/\/www.infokuryr.cz\/n\/wp-json\/wp\/v2\/categories?post=63734"},{"taxonomy":"post_tag","embeddable":true,"href":"https:\/\/www.infokuryr.cz\/n\/wp-json\/wp\/v2\/tags?post=63734"}],"curies":[{"name":"wp","href":"https:\/\/api.w.org\/{rel}","templated":true}]}}