{"id":63733,"date":"2024-10-07T05:57:00","date_gmt":"2024-10-07T03:57:00","guid":{"rendered":"https:\/\/www.infokuryr.cz\/n\/?p=63733"},"modified":"2024-10-07T05:57:00","modified_gmt":"2024-10-07T03:57:00","slug":"nizozemsko-potvrdilo-dodavku-f-16-do-kyjeva","status":"publish","type":"post","link":"https:\/\/www.infokuryr.cz\/n\/2024\/10\/07\/nizozemsko-potvrdilo-dodavku-f-16-do-kyjeva\/","title":{"rendered":"Nizozemsko potvrdilo dod\u00e1vku F-16 do Kyjeva"},"content":{"rendered":"<div id=\"fb-root\"><\/div>\n<p><span style=\"font-size: 18pt;\"><strong>Prvn\u00ed z Nizozem\u00ed darovan\u00fdch proudov\u00fdch st\u00edha\u010dek dorazily na Ukrajinu, uvedl ministr obrany Ruben Brekelmans<\/strong><\/span><\/p>\n<p><span>Nizozemsk\u00fd ministr obrany Ruben Brekelmans potvrdil, \u017ee prvn\u00ed v\u00e1rka st\u00edha\u010dek F-16, kter\u00e9 Nizozemsko p\u0159isl\u00edbilo Kyjevu, ji\u017e byla dod\u00e1na.<\/span><\/p>\n<p><span>Brekelmans v ned\u011bli nav\u0161t\u00edvil Kyjev a Charkov, kde odhalil nov\u00e9 podrobnosti o vojensk\u00e9 pomoci sv\u00e9 zem\u011b Ukrajin\u011b. Nizozemsko, \u010dlen takzvan\u00e9 \u201akoalice F-16\u2018, sl\u00edbilo p\u0159ed v\u00edce ne\u017e rokem darovat ukrajinsk\u00e9mu letectvu 24 letadel vyroben\u00fdch v USA, a\u010dkoli nebyl zve\u0159ejn\u011bn \u017e\u00e1dn\u00fd p\u0159esn\u00fd \u010dasov\u00fd pl\u00e1n.<\/span><\/p>\n<p><em><span>\u201ePoprv\u00e9 mohu ofici\u00e1ln\u011b ozn\u00e1mit, \u017ee prvn\u00ed holandsk\u00e9 F-16 byly dod\u00e1ny na Ukrajinu,\u201c<\/span><\/em><span>\u00a0napsal ministr na X.<\/span><\/p>\n<p><span>Dodal, \u017ee Amsterdam investuje 400 milion\u016f eur (439 milion\u016f dolar\u016f) do v\u00fdvoje high-tech dron\u016f pro ukrajinskou arm\u00e1du.<\/span><\/p>\n<p><em><span>\u201eTo zahrnuje v\u0161echny druhy pokro\u010dil\u00fdch dron\u016f, kter\u00e9 lze pou\u017e\u00edt pro pr\u016fzkum, obranu a \u00fatok. Zejm\u00e9na ve vzduchu, ale tak\u00e9 na zemi a na mo\u0159i,\u201c<\/span><\/em><span>\u00a0uvedl\u00a0<\/span><em>\u00a0<\/em><span>v prohl\u00e1\u0161en\u00ed zve\u0159ejn\u011bn\u00e9m v ned\u011bli na webu ministerstva obrany.<\/span><\/p>\n<p><span>Brekelmans zd\u016fraznil d\u016fle\u017eitost dron\u016f v modern\u00ed v\u00e1lce a poznamenal, \u017ee v\u00fdvoj syst\u00e9m\u016f dron\u016f jde\u00a0<\/span><em><span>\u201erychlost\u00ed blesku\u201c.<\/span><\/em><\/p>\n<p><em><span>\u201eNem\u00e1me ten luxus, abychom to zab\u00edrali dlouho; jde o rychlost. Obstarat prototypy, rychle je otestovat a rychle roz\u0161\u00ed\u0159it v\u00fdrobu,\u201c<\/span><\/em><span>\u00a0\u00a0\u0159ekl ministr.<\/span><\/p>\n<p><span>Zhruba polovina pen\u011bz bude utracena v Nizozemsku, zat\u00edmco zbytek si rozd\u011bl\u00ed Ukrajina a dal\u0161\u00ed st\u00e1ty, \u0159ekl Brekelmans agentu\u0159e Reuters b\u011bhem sv\u00e9 cesty.<\/span><\/p>\n<p><span>P\u0159edstavitel\u00e9 Kyjeva trvali na tom, \u017ee F-16 byly nezbytn\u00e9 k vyrovn\u00e1n\u00ed podm\u00ednek, pokud jde o leteck\u00e9 schopnosti a \u010delit n\u00e1let\u016fm z Ruska. Ukrajina si pr\u00fd tak\u00e9 st\u011b\u017eovala na tempo v\u00fdcviku sv\u00fdch pilot\u016f v USA. Kyjev ztratil sv\u016fj prvn\u00ed F-16 b\u011bhem bojov\u00e9 mise v srpnu.<\/span><\/p>\n<p><span>Nizozemsko poskytlo Ukrajin\u011b vojenskou pomoc ve v\u00fd\u0161i v\u00edce ne\u017e 3,76 miliardy eur (4,12 miliardy dolar\u016f) od roku 2022. Za\u010d\u00e1tkem tohoto roku Amsterdam ozn\u00e1mil, \u017ee pro Ukrajinu sestav\u00ed raketov\u00fd syst\u00e9m protivzdu\u0161n\u00e9 obrany Patriot. \u00da\u0159ady v\u0161ak maj\u00ed pot\u00ed\u017ee se z\u00edsk\u00e1v\u00e1n\u00edm n\u00e1hradn\u00edch d\u00edl\u016f z jin\u00fdch zem\u00ed, \u0159ekl Brekelmans agentu\u0159e Reuters.<\/span><\/p>\n<p><span>Moskva zd\u016fraznila, \u017ee \u017e\u00e1dn\u00e1 zahrani\u010dn\u00ed pomoc nezastav\u00ed jej\u00ed jednotky na Ukrajin\u011b a pouze zv\u00fd\u0161\u00ed riziko p\u0159\u00edm\u00e9ho st\u0159etu mezi Ruskem a NATO.<\/span><\/p>\n<p><img decoding=\"async\" loading=\"lazy\" class=\"alignnone size-full wp-image-1185\" src=\"http:\/\/www.infokuryr.cz\/n\/wp-content\/uploads\/2021\/04\/kuryr-podpis.png\" alt=\"\" width=\"84\" height=\"24\" \/><\/p>\n<p>&nbsp;<\/p>\n","protected":false},"excerpt":{"rendered":"<p>Prvn\u00ed z Nizozem\u00ed darovan\u00fdch proudov\u00fdch st\u00edha\u010dek dorazily na Ukrajinu, uvedl ministr obrany Ruben Brekelmans Nizozemsk\u00fd&#8230;<\/p>\n","protected":false},"author":2,"featured_media":28662,"comment_status":"closed","ping_status":"closed","sticky":false,"template":"","format":"standard","meta":[],"categories":[7],"tags":[2108,4978,781,26],"_links":{"self":[{"href":"https:\/\/www.infokuryr.cz\/n\/wp-json\/wp\/v2\/posts\/63733"}],"collection":[{"href":"https:\/\/www.infokuryr.cz\/n\/wp-json\/wp\/v2\/posts"}],"about":[{"href":"https:\/\/www.infokuryr.cz\/n\/wp-json\/wp\/v2\/types\/post"}],"author":[{"embeddable":true,"href":"https:\/\/www.infokuryr.cz\/n\/wp-json\/wp\/v2\/users\/2"}],"replies":[{"embeddable":true,"href":"https:\/\/www.infokuryr.cz\/n\/wp-json\/wp\/v2\/comments?post=63733"}],"version-history":[{"count":0,"href":"https:\/\/www.infokuryr.cz\/n\/wp-json\/wp\/v2\/posts\/63733\/revisions"}],"wp:featuredmedia":[{"embeddable":true,"href":"https:\/\/www.infokuryr.cz\/n\/wp-json\/wp\/v2\/media\/28662"}],"wp:attachment":[{"href":"https:\/\/www.infokuryr.cz\/n\/wp-json\/wp\/v2\/media?parent=63733"}],"wp:term":[{"taxonomy":"category","embeddable":true,"href":"https:\/\/www.infokuryr.cz\/n\/wp-json\/wp\/v2\/categories?post=63733"},{"taxonomy":"post_tag","embeddable":true,"href":"https:\/\/www.infokuryr.cz\/n\/wp-json\/wp\/v2\/tags?post=63733"}],"curies":[{"name":"wp","href":"https:\/\/api.w.org\/{rel}","templated":true}]}}