{"id":63715,"date":"2024-10-07T00:43:14","date_gmt":"2024-10-06T22:43:14","guid":{"rendered":"https:\/\/www.infokuryr.cz\/n\/?p=63715"},"modified":"2024-10-06T15:37:27","modified_gmt":"2024-10-06T13:37:27","slug":"miroslav-petr-ivanku-zpivej","status":"publish","type":"post","link":"https:\/\/www.infokuryr.cz\/n\/2024\/10\/07\/miroslav-petr-ivanku-zpivej\/","title":{"rendered":"Miroslav Petr: Iv\u00e1nku zp\u00edvej!"},"content":{"rendered":"<div id=\"fb-root\"><\/div>\n<p><strong>Pam\u011btn\u00edci jist\u011b znaj\u00ed vtip, jak p\u0159ijde udava\u010d na STB a zp\u00edv\u00e1- &#8222;Dobrou zpr\u00e1vu j\u00e1 p\u0159in\u00e1\u0161\u00edm v\u00e1m.&#8220; Est\u00e9b\u00e1k mu odpov\u00edd\u00e1- &#8222;Zp\u00edvej d\u00e1l, kolik v\u011bc\u00ed zn\u00e1\u0161&#8230;&#8220; Vr\u00e1bel vyz\u00fdv\u00e1 Iv\u00e1nka, aby zve\u0159ejnil v\u0161echno, co v\u00ed o kmotrech v ODS.\u00a0<\/strong><\/p>\n<p>&#8222;V\u00e1\u017een\u00fd pane Ivane Barto\u0161i, m\u00e1m pro v\u00e1s ve\u0159ejnou v\u00fdzvu a pro v\u00e1s ostatn\u00ed, abyste tuto v\u00fdzvu sd\u00edleli, aby byla tato v\u00fdzva co nejv\u00edc podpo\u0159ena lidmi. V\u010dera jste \u0159ekl, \u017ee jste zastavil tunel, kter\u00fd byl p\u0159ipraven lidmi napojen\u00fdmi na ODS. Tunel znamen\u00e1 syst\u00e9m, kdy se vyv\u00e1d\u00ed ve\u0159ejn\u00e9 prost\u0159edky do soukrom\u00fdch rukou. Dokonce mluv\u00edte o rozkr\u00e1d\u00e1n\u00ed ve\u0159ejn\u00fdch prost\u0159edk\u016f. Takov\u00e9 rozkr\u00e1d\u00e1n\u00ed ve\u0159ejn\u00fdch prost\u0159edk\u016f ka\u017ed\u00fd z n\u00e1s norm\u00e1ln\u00edch lid\u00ed vn\u00edm\u00e1 jako trestnou \u010dinnost, jako hospod\u00e1\u0159skou kriminalitu.<\/p>\n<p>To, \u017ee jste n\u011bco zastavili, je hezk\u00e9, ale to, co my ob\u010dan\u00e9 od v\u00e1s te\u010f chceme, abyste p\u0159esn\u011b popsal, kdo se toho tunelu z\u00fa\u010dastnil a jak\u00fdm zp\u016fsobem prob\u00edhal. Abyste na to podal trestn\u00ed ozn\u00e1men\u00ed a dohl\u00ed\u017eel na to, aby to org\u00e1ny vy\u0161et\u0159ily, a soud, aby to odsoudil. Proto\u017ee vy jste ten tunel evidentn\u011b vid\u011bl cel\u00e9 ty roky, dokonce mluv\u00edte o tom, \u017ee byl n\u011bkdo napojen\u00fd na st\u00e1tn\u00ed zak\u00e1zky a m\u011bl 80% z toho cel\u00e9ho byznysu. Nev\u00edm, pro\u010d jste ty roky, o kter\u00fdch mluv\u00edte, neinformoval antimonopoln\u00ed \u00fa\u0159ad a st\u00e1tn\u00ed zastupitelstv\u00ed.\u00a0 Pro\u010d to \u0159e\u0161\u00edte a\u017e te\u010f? Te\u010f od v\u00e1s chceme, abyste spolupracoval s org\u00e1ny \u010dinn\u00fdmi v trestn\u00edm \u0159\u00edzen\u00ed.<\/p>\n<p>Dal\u0161\u00ed v\u011bc, kterou jste \u0159ekl, \u017ee premi\u00e9r Fiala v jeden den potom, co v\u00e1s odvolal, tak vzal ministra Kupku, a p\u0159edal mu tuto agendu. Tu obchodn\u00ed z\u00e1le\u017eitost stejn\u00e9mu \u010dlov\u011bku, kter\u00fd na n\u00ed d\u011blal n\u011bkolik let, kdy\u017e tam byl ten tunel. Chci, abyste n\u00e1m vysv\u011btlil, jestli se ministr Kupka pod\u00edl\u00ed na t\u00e9 trestn\u00e9 \u010dinnosti te\u010f nebo se na n\u00ed bude pod\u00edlet nebo jak\u00fdm zp\u016fsobem je do toho zapojen a jak je do toho zapojen premi\u00e9r Fiala, kdy\u017e v\u00e1s odstranil. Proto\u017ee jste neumo\u017enil t\u011bm, jak vy \u0159\u00edk\u00e1te, &#8222;velk\u00fdm kluk\u016fm z ODS&#8220;, co\u017e je pro m\u011b zvl\u00e1\u0161tn\u00ed term\u00edn,\u00a0 proto\u017ee my lidem, kte\u0159\u00ed rozkr\u00e1daj\u00ed ve\u0159ejn\u00e9 finance, \u0159\u00edk\u00e1me zlod\u011bji, ne &#8222;velc\u00ed kluci z ODS&#8220;.<\/p>\n<p>Tak\u00e9 mluv\u00edte o tom, \u017ee byla p\u0159ipravena zak\u00e1zka, kter\u00e1 m\u011bla b\u00fdt p\u0159edra\u017een\u00e1 o miliardu. Proto\u017ee jsem studoval hospod\u00e1\u0159sk\u00e9 pr\u00e1vo, tak v\u00edm, \u017ee podvod ve f\u00e1zi p\u0159\u00edpravy je tak\u00e9 trestn\u00fdm \u010dinem. My v\u0161ichni po v\u00e1s chceme, abyste podal trestn\u00ed ozn\u00e1men\u00ed na toho, kdo zak\u00e1zku p\u0159ipravoval.<\/p>\n<p>Dal\u0161\u00ed v\u011bc, o kter\u00e9 mluv\u00edte, \u017ee v\u00e1s, jako ministra n\u011bkdo vyd\u00edral a to 360 miliony, tak chci, abyste to popsal. Abyste \u0159ekl, pro\u010d jste to nenahl\u00e1sil na st\u00e1tn\u00ed zastupitelstv\u00ed a ministrovi spravedlnosti. Chci, abyste zve\u0159ejnil v\u00fdhr\u016f\u017eky typu \u017ee star\u00e1 data vyd\u00e1 je za 360 milion\u016f. Ministr Kupka ozn\u00e1mil, \u017ee otev\u00edr\u00e1 cestu p\u016fvodn\u00edmu dodavateli, kter\u00fd si tak m\u016f\u017ee zachovat tenhle lukrativn\u00ed byznys. N\u00e1rod od v\u00e1s o\u010dek\u00e1v\u00e1, nejen \u017ee \u0159eknete, \u017ee premi\u00e9r Fiala je podraz\u00e1k, \u017ee v\u00e1s vyhodil, ale vy skv\u011bl\u00ed Pir\u00e1ti v\u017edy bojujete proti korupci a rozkr\u00e1d\u00e1n\u00ed ve\u0159ejn\u00fdch pen\u011bz.&#8220;<\/p>\n<p><a href=\"https:\/\/www.czechfreepress.cz\/dalsi-blogy\/ivanku-zpivej.html\">Miroslav Petr<\/a><\/p>\n<p>&nbsp;<\/p>\n","protected":false},"excerpt":{"rendered":"<p>Pam\u011btn\u00edci jist\u011b znaj\u00ed vtip, jak p\u0159ijde udava\u010d na STB a zp\u00edv\u00e1- &#8222;Dobrou zpr\u00e1vu j\u00e1 p\u0159in\u00e1\u0161\u00edm&#8230;<\/p>\n","protected":false},"author":2,"featured_media":32903,"comment_status":"closed","ping_status":"closed","sticky":false,"template":"","format":"standard","meta":[],"categories":[6],"tags":[363,8024,192,538],"_links":{"self":[{"href":"https:\/\/www.infokuryr.cz\/n\/wp-json\/wp\/v2\/posts\/63715"}],"collection":[{"href":"https:\/\/www.infokuryr.cz\/n\/wp-json\/wp\/v2\/posts"}],"about":[{"href":"https:\/\/www.infokuryr.cz\/n\/wp-json\/wp\/v2\/types\/post"}],"author":[{"embeddable":true,"href":"https:\/\/www.infokuryr.cz\/n\/wp-json\/wp\/v2\/users\/2"}],"replies":[{"embeddable":true,"href":"https:\/\/www.infokuryr.cz\/n\/wp-json\/wp\/v2\/comments?post=63715"}],"version-history":[{"count":0,"href":"https:\/\/www.infokuryr.cz\/n\/wp-json\/wp\/v2\/posts\/63715\/revisions"}],"wp:featuredmedia":[{"embeddable":true,"href":"https:\/\/www.infokuryr.cz\/n\/wp-json\/wp\/v2\/media\/32903"}],"wp:attachment":[{"href":"https:\/\/www.infokuryr.cz\/n\/wp-json\/wp\/v2\/media?parent=63715"}],"wp:term":[{"taxonomy":"category","embeddable":true,"href":"https:\/\/www.infokuryr.cz\/n\/wp-json\/wp\/v2\/categories?post=63715"},{"taxonomy":"post_tag","embeddable":true,"href":"https:\/\/www.infokuryr.cz\/n\/wp-json\/wp\/v2\/tags?post=63715"}],"curies":[{"name":"wp","href":"https:\/\/api.w.org\/{rel}","templated":true}]}}