{"id":63713,"date":"2024-10-07T00:39:25","date_gmt":"2024-10-06T22:39:25","guid":{"rendered":"https:\/\/www.infokuryr.cz\/n\/?p=63713"},"modified":"2024-10-06T15:32:00","modified_gmt":"2024-10-06T13:32:00","slug":"kdo-jsou-mladi-globalni-vudci","status":"publish","type":"post","link":"https:\/\/www.infokuryr.cz\/n\/2024\/10\/07\/kdo-jsou-mladi-globalni-vudci\/","title":{"rendered":"Kdo jsou Mlad\u00ed glob\u00e1ln\u00ed v\u016fdci"},"content":{"rendered":"<div id=\"fb-root\"><\/div>\n<p><span>To co se d\u011bje nejen u n\u00e1s, v EU, ale iv cel\u00e9m sv\u011bt\u011b je n\u011bco hrozn\u00e9ho! Lid\u00e9 se netoleruj\u00ed, nen\u00e1vid\u00ed se, zab\u00edjej\u00ed \u2026 .\u00a0<\/span><strong><span>Sv\u011bt se zm\u011bnil tak, jako nikdy p\u0159edt\u00edm!<\/span><\/strong><span>\u00a0No a smutn\u00e9 je to, \u017ee ne k lep\u0161\u00edmu, ale k hor\u0161\u00edmu! Proto je opr\u00e1vn\u011bn\u00e1 ot\u00e1zka kdo je toho hlavn\u00ed p\u0159\u00ed\u010dinou, kam to sm\u011b\u0159uje a kde to skon\u010d\u00ed? A v n\u00e1vaznosti na to: Kde jsme to za t\u011bch p\u00e1r desetilet\u00ed\u00a0<\/span><em><span>(\u00a0<\/span><strong><span>bez existence socialistick\u00fdch st\u00e1t\u016f, kter\u00e9 m\u011bly b\u00fdt brzdou zdrav\u00e9ho v\u00fdvoje<\/span><\/strong><span>\u00a0)\u00a0<\/span><\/em><span>\u00a0pod veden\u00edm z\u00e1padu dot\u00e1hli? P\u0159ece n\u00e1m\u00a0<\/span><strong><span>po z\u00e1niku hegemonie SSSR<\/span><\/strong><span>\u00a0a z\u00e1niku socialistick\u00fdch st\u00e1t\u016f nic nebr\u00e1nilo, abychom \u0161li tak, jak n\u00e1m to bylo ze strany Z\u00e1padu slibov\u00e1no \u2013 tedy \u201eT\u00cdM SPR\u00c1VN\u00ddM SM\u011aREM\u201c k bohatstv\u00ed, demokracii a prosperit\u011b! Pro\u010d je efekt \u00fapln\u011b jin\u00fd a cel\u00e1 Evropa je rozvr\u00e1cena na prahu v\u00e1lky?<\/span><\/p>\n<p><span>V\u00fdmluv a pok\u0159iven\u00fdch argument\u016f od r\u016fzn\u00fdch jako\u017ee \u201eosobnost\u00ed\u201c spole\u010dnosti najdeme mno\u017estv\u00ed a\u017e na to, \u017ee to budou jen nepravdiv\u00e9 fabulace zatajuj\u00edc\u00ed skute\u010dnost a deformuj\u00edc\u00ed pravdu a\u017e do takov\u00e9ho rozsahu,\u00a0<\/span><strong><span>\u017ee o\u010dividn\u011b \u201eB\u00cdL\u00c9\u201c je podle nich \u201e\u010cERN\u00c9\u201c a naopak.<\/span><\/strong><span>\u00a0No a to je hlavn\u00ed p\u0159\u00ed\u010dina stavu do kter\u00e9ho jsme se dostali. C\u00edlem t\u011bchto lid\u00ed je ovliv\u0148ovat n\u00e1zory, my\u0161len\u00ed a jedn\u00e1n\u00ed spole\u010dnosti tak, aby to vyhovovalo ur\u010dit\u00fdm elit\u00e1\u0159sk\u00fdm skupin\u00e1m\u00a0<\/span><em><span>(nap\u0159. Sv\u011btov\u00e9 ekonomick\u00e9 f\u00f3rum),<\/span><\/em><span>\u00a0kter\u00e9 si prosazuj\u00ed sv\u00e9 \u00fazce egoistick\u00e9 po\u017eadavky ve snaze p\u0159izp\u016fsobit celou spole\u010dnost podle jejich p\u0159edstav a tak, aby jim slou\u017eila\u00a0\u00a0<\/span><em><span>(nap\u0159. .sni\u017eov\u00e1n\u00ed stavu populace, zru\u0161en\u00ed soukrom\u00e9ho vlastnictv\u00ed a zaveden\u00ed p\u016fj\u010dov\u00e1n\u00ed, konzumace brouk\u016f, \u2026).<\/span><\/em><\/p>\n<p><strong><span>Kde se vzali tito lid\u00e9<\/span><\/strong><span>\u00a0a lid\u00e9 kte\u0159\u00ed jim tak slep\u011b v\u011b\u0159\u00ed a bez \u0161petky charakteru, studu \u010di rozumu prosazuj\u00ed tyto \u0161kodliv\u00e9 n\u00e1zory, kter\u00e9 devastuj\u00ed a rozkl\u00e1daj\u00ed spole\u010dnost jako celek? Jsou to zejm\u00e9na absolventi r\u016fzn\u00fdch institut\u016f jako nap\u0159\u00edklad\u00a0<\/span><strong><span>Aspen Institute<\/span><\/strong><span>\u00a0, kter\u00fd mimochodem absolvovalo mno\u017estv\u00ed osob z \u010cR, \u010di Slovenska, kter\u00e9 se postupn\u011b dost\u00e1vaj\u00ed na r\u016fzn\u00e9 rozhoduj\u00edc\u00ed pozice, kter\u00e9 formuj\u00ed a ovl\u00e1daj\u00ed jedn\u00e1n\u00ed spole\u010dnosti\u00a0<\/span><em><span>(nap\u0159. Evropsk\u00fd parlament, vl\u00e1dy jednotliv\u00fdch st\u00e1t\u016f, kulturn\u00ed instituce, r\u016fzn\u00e9 komise, \u2026..)<\/span><\/em><span>\u00a0. No a co se do\u010dteme v ofici\u00e1ln\u00edch zdroj\u00edch o Aspensk\u00e9m institutu? Je to mezin\u00e1rodn\u00ed neziskov\u00e1 organizace, zalo\u017een\u00e1 v USA. Tento think tank se zam\u011b\u0159uje na podporu hodnotov\u011b orientovan\u00e9ho veden\u00ed lid\u00ed a otev\u0159en\u00e9ho dialogu o sou\u010dasn\u00fdch glob\u00e1ln\u00edch probl\u00e9mech. Spolu s mezin\u00e1rodn\u00edmi partnery po\u0159\u00e1daj\u00ed pravideln\u00e9 semin\u00e1\u0159e a konference \u2026.. . Hezky napsan\u00e9, \u017ee? Ale skute\u010dnost je \u00fapln\u011b jin\u00e1. Pomoc\u00ed nich a lid\u00ed rozlezl\u00fdch v r\u016fzn\u00fdch nevl\u00e1dk\u00e1ch se rozkl\u00e1d\u00e1 demokracie a norm\u00e1ln\u00ed chod spole\u010dnosti. Chcete p\u0159\u00edklad? Pod\u00edvejte se kolem sebe na Slovensku, \u010cR, \u010di jin\u00fdch st\u00e1tech EU a uvid\u00edte to v\u0161ude!<\/span><\/p>\n<p><span>No a institut ASPEN, nen\u00ed jedin\u00fd. Takov\u00fdch organizac\u00ed je mno\u017estv\u00ed. U\u017e to dokonce ani nen\u00ed tajemstv\u00ed a publikac\u00ed, \u010dl\u00e1nk\u016f \u010di vide\u00ed o dan\u00e9m je opravdu mnoho. K nejnov\u011bj\u0161\u00edm u n\u00e1s publikovan\u00fdm materi\u00e1l\u016fm k dan\u00e9 problematice pat\u0159\u00ed nap\u0159\u00edklad kniha\u00a0<\/span><strong><span>\u201eMlad\u00ed glob\u00e1ln\u00ed v\u016fdci: D\u011bti Klause Schwaba\u201c.\u00a0<\/span><\/strong><span>\u00a0Naz\u00fdvaj\u00ed se \u201eYoung Global Leaders\u201c tedy n\u011bco, jako \u201eMlad\u00ed glob\u00e1ln\u00ed l\u00edd\u0159i\u201c. To do jak\u00e9 m\u00edry jsou v dan\u00e9 publikaci pou\u017eity konspira\u010dn\u00ed teorie hodnotit nem\u016f\u017eu, nicm\u00e9n\u011b jedno je jist\u00e9, dan\u00e1 organizace existuje a podle dostupn\u00fdch informac\u00ed uveden\u00e9 osoby ji absolvovaly a zm\u011bny, kter\u00e9 se v sou\u010dasnosti prosazuj\u00ed koresponduj\u00ed s n\u00ed \u0161\u00ed\u0159enou ideologi\u00ed. Pro lep\u0161\u00ed n\u00e1zornost p\u0159id\u00e1m jednu kr\u00e1tkou citaci z anotace k dan\u00e9 publikaci zve\u0159ejn\u011bnou na webu prodejce knih \u201eKOSMAS\u201c\u00a0<\/span><em><span>(viz.zdroj) :<\/span><\/em><\/p>\n<ul>\n<li><span>\u0158\u00edkaj\u00ed si \u201eYoung Global Leaders\u201c a\u00a0<\/span><strong><span>jsou dnes zastoupeni t\u00e9m\u011b\u0159 ve v\u0161ech parlamentech.<\/span><\/strong><span>\u00a0V\u00edce ne\u017e pades\u00e1t p\u0159edsed\u016f vl\u00e1d a n\u00e1zorov\u00fdch v\u016fdc\u016f absolvovalo \u2013 mimo pozornost ve\u0159ejnosti \u2013 vzd\u011bl\u00e1vac\u00ed program Klausem Schwabem (\u0161\u00e9fem World Economic Forum\/Sv\u011btov\u00e9ho ekonomick\u00e9ho f\u00f3ra) financovan\u00e9 nadace, kter\u00e1 si na sv\u016fj praporec ofici\u00e1ln\u011b napsala \u201e\u00a0<\/span><strong><span>Zlep\u0161en\u00ed stavu sv\u011bta<\/span><\/strong><span>\u00a0\u201c. Seznam prominentn\u00edch \u201eabsolvent\u016f\u201c sest\u00e1v\u00e1 od\u00a0<\/span><strong><span>Angely Merkelov\u00e9, Emmanuele Macrona a Tonyho Blaira p\u0159es Vladim\u00edra Putina a\u017e po Annalenu Baerbockovou a Justina Trudeaua.<\/span><\/strong><span>\u00a0Vznikla s\u00ed\u0165, kter\u00e1 chce prosadit \u201esyst\u00e9movou zm\u011bnu v glob\u00e1ln\u00edm m\u011b\u0159\u00edtku\u201c v\u00edce ne\u017e sporn\u00fdmi prost\u0159edky. Demokratick\u00e9 rozhodovac\u00ed procesy? \u2013 Velk\u00fd omyl. Ve sv\u00e9 knihe Young Global Leaders vysv\u011btluje autorsk\u00fd t\u00fdm kolem Dr. CE Nydera v\u00edce ne\u017e sporn\u00e9 pozad\u00ed elit\u00e1\u0159sk\u00e9ho kruhu, kter\u00fd chce bez souhlasu lidu podkopat osv\u011bd\u010den\u00e9 z\u00e1klady na\u0161eho ekonomick\u00e9ho a soci\u00e1ln\u00edho syst\u00e9mu. Odstran\u011bny maj\u00ed b\u00fdt majetek, soukrom\u00e1 sf\u00e9ra, ba dokonce demokracie.<\/span><br \/>\n<span>Konkr\u00e9tn\u011b se jedn\u00e1 o bezohledn\u00e9 p\u0159erozd\u011blov\u00e1n\u00ed moci a politick\u00fd boj proti b\u00edl\u00e9mu obyvatelstvu, kter\u00e9 je \u010din\u011bno zodpov\u011bdn\u00fdm za stav sv\u011bta (rozum\u011bj: klimatick\u00e9 zm\u011bny). Vzhledem k seznamu absolvent\u016f Schwabova think tanku, kte\u0159\u00ed u\u017e se pohybuj\u00ed na nejvy\u0161\u0161\u00edch mocensk\u00fdch postech, je jasn\u00e9, \u017ee jeho nedemokraticky vznikl\u00e1 sv\u011btov\u00e1 vl\u00e1da d\u00e1vno existuje.<\/span><\/li>\n<\/ul>\n<p><span>T\u00edmto sm\u011brem v\u0161ak v m\u00e9m blogu nechci j\u00edt. Vr\u00e1t\u00edme se ke skute\u010dnosti, \u017ee na\u0161e spole\u010dnost je tot\u00e1ln\u011b rozvr\u00e1cena Politicky, Ekonomicky, Vojensky, Mezin\u00e1rodn\u011b, Soci\u00e1ln\u011b, Kulturn\u011b, Ideologicky, Etnicky, \u2026. a rozvrat se st\u00e1le v\u00edce prohlubuje! Najdeme v\u0161ak mno\u017estv\u00ed dob\u0159e vy\u0161kolen\u00fdch lid\u00ed, v r\u016fzn\u00fdch nevl\u00e1dk\u00e1ch, institutech, \u00fastavech, \u2026. kte\u0159\u00ed budou tvrdit, \u017ee tomu tak nen\u00ed a v\u0161echno je v po\u0159\u00e1dku, jen kdyby nebylo Ruska, kter\u00e9 je na vin\u011b v\u0161emu \u0161patn\u00e9mu. Tak se pod\u00edvejme na n\u011bkolik nepopirateln\u00fdch skute\u010dnost\u00ed.<\/span><\/p>\n<p><strong><span>Cenzura, k\u0159iven\u00ed pravdy a \u0161\u00ed\u0159en\u00ed nepravdiv\u00fdch informac\u00ed:<\/span><\/strong><span>\u00a0Ve spole\u010dnosti je nenorm\u00e1ln\u011b vysok\u00e1 cenzura. V televizi, zda v mainstreamov\u00fdch m\u00e9di\u00edch, kter\u00e9 by m\u011bly b\u00fdt zrcadlem pravdy, se pravdu nedozv\u00edte. Maxim\u00e1ln\u011b se dozv\u00edte nekompletn\u00ed a upraven\u00e9 informace. Cenzura a nepravdy se \u0161\u00ed\u0159\u00ed ve v\u0161ech sf\u00e9r\u00e1ch spole\u010dnosti. Objektivn\u00ed informaci se bohu\u017eel m\u016f\u017eete do\u010d\u00edst jen na alternativn\u00edch zdroj\u00edch. No a pak se divme, \u017ee lid\u00e9 se jim d\u00e1vaj\u00ed p\u0159ednost p\u0159ed mainstreamem. Chcete p\u0159\u00edklad. M\u016f\u017eete jej vid\u011bt prakticky v ka\u017ed\u00e9m TV programu \u010di textech mainstreamov\u00fdch printov\u00fdch periodik. Konkr\u00e9tn\u011b?<\/span><\/p>\n<ul>\n<li><span>Tak nap\u0159\u00edklad \u201ev\u011bdom\u011b\u201c zcela nepravdiv\u00e9 informace byly p\u0159edneseny cca p\u0159ed rokem ve zpr\u00e1v\u011b p\u0159edsedkyn\u011b Evropsk\u00e9 komise Ursuly vod der Leynov\u00e9 ke stavu v rusko-ukrajinsk\u00e9m konfliktu, kde uvedla, \u017ee rusk\u00e1 arm\u00e1da u\u017e nem\u00e1 \u010d\u00edm bojovat a mus\u00ed vymontov\u00e1vat \u010dipy z pra\u010dek, vysava\u010d\u016f, \u2026 .., co\u017e evokovalo dojem, \u017ee Rusko u\u017e v\u00e1lku prohr\u00e1lo a jej\u00ed konec je ot\u00e1zkou p\u00e1r dn\u00ed, \u010di t\u00fddn\u016f.<\/span><\/li>\n<li><span>A jak\u00e1 byla a je realita. Rusko v\u00edt\u011bz\u00ed a Ukrajina je p\u0159ed por\u00e1\u017ekou. Dohoda o m\u00edru bude pro Ukrajinu podstatn\u011b hor\u0161\u00ed, ne\u017e kdyby byla o m\u00edru jednala hned v po\u010d\u00e1tc\u00edch, kdy j\u00ed to doporu\u010dovali v\u0161ichni norm\u00e1ln\u011b mysl\u00edc\u00ed lid\u00e9.<\/span><\/li>\n<li><span>No a kde Jste se do\u010detli, jestli vyslechli skute\u010dn\u00fd stav? No p\u0159ece v alternativ\u011b, p\u0159\u00edpadn\u011b paradoxn\u011b v americk\u00fdch \u010di jin\u00fdch z\u00e1padn\u00edch m\u00e9di\u00edch. Mimo\u0159\u00e1dn\u011b objektivn\u011b v tomto sm\u011bru se jev\u00ed indick\u00e9 zpravodajsk\u00e9 zdroje.<\/span><\/li>\n<li><span>\u010cl\u00e1nky, zda blogy zve\u0159ej\u0148ovan\u00e9 v r\u016fzn\u00fdch m\u00e9di\u00edch p\u00ed\u0161\u00edc\u00ed o nepohodln\u00fdch t\u00e9matech jsou upoza\u010fov\u00e1ny, neumo\u017e\u0148ov\u00e1na, zda mazan\u00e1 diskuse, \u2026\u2026 .<\/span><\/li>\n<li><span>Soci\u00e1ln\u00ed s\u00edt\u011b jsou pod tlakem, aby cenzurovaly p\u0159\u00edsp\u011bvky. Nap\u0159\u00edklad evropsk\u00e1 komise poslala E.Muskovi tajnou nab\u00eddku na r\u016fzn\u00e9 v\u00fdhody pokud zavede na j\u00edm vlastn\u011bn\u00e9 soci\u00e1ln\u00ed s\u00edti TWITTER cenzuru!\u00a0<\/span><em><span>(viz. zdroj).<\/span><\/em><\/li>\n<li><span>T\u011bch p\u0159\u00edklad\u016f jsou tis\u00edce, sta\u010d\u00ed se pod\u00edvat kolem sebe.<\/span><\/li>\n<\/ul>\n<p><strong><span>Politick\u00fd rozvrat:<\/span><\/strong><span>\u00a0Postaraly se o n\u011bj hlavn\u011b USA. Za\u010dalo to u\u017e d\u00e1vno, je\u0161t\u011b p\u0159ed n\u011bjak\u00fdmi cca 40 lety USA programem zam\u011b\u0159en\u00fdm na tvz. \u201eV\u00ddVOZ DEMOKRACE\u201c, kter\u00fd postupn\u011b p\u0159erostl v otev\u0159enou destrukci stabiln\u00edch ciz\u00edch st\u00e1t\u016f a dosazov\u00e1n\u00edm \u201esv\u00fdch lid\u00ed\u201c do \u010dela t\u011bchto st\u00e1t\u016f. Samoz\u0159ejm\u011b nikdy se to neobe\u0161lo bez n\u00e1sil\u00ed. Krom\u011b toho si USA uzurpovaly br\u00e1n\u011bn\u00ed tvz. \u201esv\u00fdch z\u00e1jm\u016f\u201c ve v\u0161ech \u010d\u00e1stech sv\u011bta. Ke stavu ve kter\u00e9m se nach\u00e1z\u00ed sou\u010d. Evropa do\u0161lo tak\u00e9 z d\u016fvodu nedodr\u017een\u00ed p\u0159\u00edslibu USA, \u017ee v p\u0159\u00edpad\u011b rozpadu SSSR nedojde k p\u0159ibl\u00ed\u017een\u00ed se org. NATO ani o jeden st\u00e1t sm\u011brem k Rusku. Rusov\u00e9 byli podvedeni, proto\u017ee NATO se roz\u0161\u00ed\u0159ilo a\u017e k jejich hranic\u00edm. Chcete p\u0159\u00edklad?<\/span><\/p>\n<ul>\n<li><span>Jako p\u0159\u00edklad uvede p\u00e1r USA agres\u00ed v\u016f\u010di ciz\u00edm st\u00e1t\u016fm. Jedn\u00edm z posledn\u00edch nelidsk\u00fdch bombardov\u00e1n\u00ed p\u0159i kter\u00fdch bylo st\u0159\u00edleno do \u017een a d\u011bt\u00ed byla b\u00fdval\u00e1 Jugosl\u00e1vie a to bez mand\u00e1tu OSN!<\/span><\/li>\n<li><span>P\u011bkn\u00fdm p\u0159\u00edkladem je Libie, kter\u00e1 byla za vl\u00e1dy M.Kadd\u00e1f\u00edho stabiln\u00edm politick\u00fdm syst\u00e9mem a doslova \u201er\u00e1jem\u201c v porovn\u00e1n\u00ed s okoln\u00edmi zem\u011bmi. M\u00e1lokdo z mlad\u00fdch v\u00ed, \u017ee obyvatel\u00e9 m\u011bli elekt\u0159inu zadarmo, zadarmo m\u011bli i bydlen\u00ed a m\u011bli mo\u017enost dostat i zdarma d\u016fm k bydlen\u00ed, ka\u017ed\u00fd novoman\u017eelsk\u00fd p\u00e1r obdr\u017eel 50.000 dolar\u016f co\u017e byla v t\u00e9 dob\u011b (ale iv sou\u010dasn\u00e9) zna\u010dn\u00e1 finan\u010dn\u00ed pomoc, \u0161koly byly zdarma, zdravotnictv\u00ed zdarma, 50% p\u0159\u00edsp\u011bvek na prvn\u00ed auto do rodiny, velk\u00e1 podpora zem\u011bd\u011blsk\u00e9 \u010dinnosti a techniky, pod\u00edl ze zisku na t\u011b\u017eb\u011b roby kterou vlastnil st\u00e1t se d\u011blil na ka\u017ed\u00e9ho obyvatele, a mnoho dal\u0161\u00edch. Krom\u011b toho vybudoval silni\u010dn\u00ed infrastrukturu po cel\u00e9 zemi, leteck\u00e9 spojen\u00ed, vybudoval neuv\u011b\u0159iteln\u00fd projekt na z\u00e1sobov\u00e1n\u00ed pitnou vodou z pou\u0161tn\u00edch zdroj\u016f do severn\u00edch oblast\u00ed zem\u011b. Po vyprovokov\u00e1n\u00ed nepokoj\u016f a jeho napaden\u00ed se do vyprovokovan\u00e9ho sporu vm\u00edchaly USA a vyhl\u00e1sily na Libii tzv.. bezletovou z\u00f3nu, a Kadd\u00e1f\u00ed byl zni\u010deni a zabit. Co n\u00e1sledovalo? Od dan\u00e9 doby je Libie v trosk\u00e1ch, soupe\u0159\u00ed mezi sebou znep\u0159\u00e1telen\u00e9 kmeny a bojuje se tam. Kdo to zp\u016fsobil? Ale jako v\u017edy USA, sv\u00fdm vm\u00edch\u00e1v\u00e1n\u00edm a n\u00e1siln\u00fdm sesazov\u00e1n\u00edm politick\u00e9ho syst\u00e9mu v zemi. Pro\u010d? No nel\u00edbila se mim Kadd\u00e1f\u00edho nez\u00e1vislost a snaha o finan\u010dn\u00ed odd\u011blen\u00ed se od USA dolaru a zaveden\u00ed zlatem kryt\u00e9ho tzv..\u00a0<\/span><strong><span>zlat\u00e9ho din\u00e1\u0159e<\/span><\/strong><span>\u00a0, p\u0159i\u010dem\u017e USA se b\u00e1li, \u017ee by je n\u00e1sledovaly ostatn\u00ed st\u00e1ty a do\u0161lo by ohro\u017eenou USA dominance.<\/span><\/li>\n<li><span>USA se doned\u00e1vna aktivn\u011b zapojovaly i do snahy o svr\u017een\u00ed legitimn\u00edho prezidenta v S\u00fdrii Ba\u0161\u0161\u00e1ra al As\u00e1da, kter\u00e9mu se poda\u0159ilo udr\u017eet jen vd\u011bk pomoci Ruska. USA v\u0161ak na ur\u010dit\u00e9 \u010d\u00e1sti syrsk\u00e9ho \u00fazem\u00ed z\u016fstaly vojensky p\u0159\u00edtomny. Zaj\u00edmav\u00e9 je to, \u017ee je to akor\u00e1t na \u00fazem\u00edch kde jsou um\u00edst\u011bna t\u011b\u017eebn\u00ed ropn\u00e1 pole, jejich\u017e produkci tak ovl\u00e1daj\u00ed. N\u00e1hoda, \u017ee?<\/span><\/li>\n<li><span>Zde je p\u00e1r USA vojensk\u00fdch z\u00e1sah\u016f ve snaze o politick\u00e9 ovliv\u0148ov\u00e1n\u00ed a prosazov\u00e1n\u00ed sv\u00fdch z\u00e1jm\u016f z minulosti. USA bombardovaly nap\u0159\u00edklad. 1945 \u010c\u00ednu, S\u00fdrii 1949, Korea 1950, \u010c\u00edna 1950, \u00cdr\u00e1n 1953, Guatemala 1954, Tibet 1955, Indon\u00e9sie 1985, Kuba 1950, Kongo 1960, Ir\u00e1k 1969, 1 1964, Kongo 1964, Guatemala 1964, Laos 1964, Dominik\u00e1nsk\u00e1 republika 1965, Peru 1965, \u0158ecko 1965, Guatemala 1967, Kambod\u017ea 1967, Chile 1970, Argentina 1976, Turecko 1980, Kambod\u017ea 1980, Angola 198 2, Grenada 1983, Filip\u00edny 1986, Libie 1986 , \u00cdr\u00e1n 1987, Libie 1989, Panama 1989, Ir\u00e1k 1991, Som\u00e1lsko 1992, Kuwajt 1991, Ir\u00e1k 1992, Bosna 1995, Ir\u00e1k 1998, S\u00fad\u00e1n 1998, Afgh\u00e1nist\u00e1n 99 002, Som\u00e1lsko 2006, \u00cdr\u00e1n 2005, Libie 2011, S\u00fdrie 2014, Ir\u00e1k 2015,<\/span><\/li>\n<li><span>Podporov\u00e1n\u00ed v\u00e1lky na Ukrajin\u011b, kter\u00e9 vede ke zni\u010den\u00ed Ukrajiny a ohro\u017een\u00ed a po\u0161kozen\u00ed Evropy.<\/span><\/li>\n<\/ul>\n<p><strong><span>Ekonomicky:\u00a0<\/span><\/strong><span>\u00a0Jako p\u0159\u00edklad mohu uv\u00e9st Slovensko, \u010di celou EU. EU byla je\u0161t\u011b p\u0159ed p\u00e1r lety velmi siln\u00fdm ekonomick\u00fdm hr\u00e1\u010dem na sv\u011btov\u00e9m poli, p\u0159i\u010dem\u017e st\u00e1le s\u00edlila. D\u00e1 se \u0159\u00edci, \u017ee pat\u0159ila mezi nejsiln\u011bj\u0161\u00ed subjekty v tomto sm\u011bru ve sv\u011bt\u011b. To v\u0161ak nevyhovovalo USA, kter\u00e9 hegemonie v tomto sm\u011bru byla EU ohro\u017eov\u00e1na. Av\u0161ak to nebylo v\u0161echno, USA se c\u00edtily ohro\u017eeny iv tom, \u017ee EU se st\u00e1le v\u00edce ve vztahu k nim osamostat\u0148ovala a s\u00edlila, co\u017e USA nemohly sn\u00e9st. Poda\u0159ilo se jim rozpoutat vojensk\u00fd konflikt na Ukrajin\u011b. N\u00e1sledn\u011b velmi \u0161ikovn\u00fdm man\u00e9vrem a dosazen\u00edm lid\u00ed na spr\u00e1vn\u00e1 m\u00edsta\u00a0<\/span><em><span>(nap\u0159\u00edklad i p\u0159es dosazen\u00e9 lidi z ji\u017e uveden\u00fdch institut\u016f, \u010di spolk\u016f, jejich\u017e my\u0161len\u00ed je zna\u010dn\u011b deformov\u00e1no a orientov\u00e1no na USA)<\/span><\/em><span>\u00a0se jim poda\u0159ilo tento konflikt podporovat a st\u00e1le v\u00edce a v\u00edce rozdm\u00fdchat. EU se dostala do spir\u00e1ly nesmysln\u00fdch sankc\u00ed, kter\u00e9 vedly ke zni\u010den\u00ed cel\u00e9 ekonomick\u00e9 dominance EU. Vlastn\u00ed hloupost\u00ed jsme se odst\u0159ihli od krve ekonomiky, kterou byly levn\u00e9 energetick\u00e9 suroviny z Ruska, jejich\u017e dod\u00e1vky byly zaji\u0161t\u011bny spolehlivou n\u00edzkon\u00e1kladovou p\u0159epravou do jednotliv\u00fdch st\u00e1t\u016f Evropy. N\u00e1sledky se projevily velmi rychle. Hybn\u00e9 \u010d\u00e1sti evropsk\u00e9 ekonomiky padaj\u00ed a jsou v recesi as nimi cel\u00e1 EU. T\u011b\u0161it se z toho mohou akor\u00e1t USA, kter\u00e9 ve vztahu k tomu co se d\u011bje v Evrop\u011b ekonomicky stoupaj\u00ed, nakolik dos\u00e1hly toho, co cht\u011bli. Podle info v m\u00e9di\u00edch v N\u011bmecku \u0159ada spole\u010dnost\u00ed uva\u017euje o p\u0159es\u00eddlen\u00ed do USA, \u010d\u00edm\u017e by se tamn\u00ed ekonomika je\u0161t\u011b v\u00edce pos\u00edlila. P\u0159\u00edklad?<\/span><\/p>\n<ul>\n<li><span>Jedn\u00edm ze sv\u011btov\u011b nejzn\u00e1m\u011bj\u0161\u00edch ocel\u00e1\u0159sk\u00fdch imp\u00e9ri\u00ed vyr\u00e1b\u011bj\u00edc\u00edch sv\u011btozn\u00e1mou ocel byl n\u011bmeck\u00fd koncern KRUPP, kter\u00fd byl na tom ekonomicky velmi dob\u0159e, jeliko\u017e Krupova ocel m\u011bla po dlouh\u00e9 generace \u0161pi\u010dkov\u00e9 jm\u00e9no po cel\u00e9m sv\u011bt\u011b. B\u011bhem 2. sv. v\u00e1lky s n\u00ed a jej\u00ed kvalitou m\u011bli prost\u0159ednictv\u00edm n\u011bmeck\u00fdch zbran\u00ed mo\u017enost potkat voj\u00e1ci a obyvatel\u00e9 cel\u00e9 Evropy. V sou\u010dasnosti si m\u016f\u017eeme p\u0159e\u010d\u00edst mnoho \u010dl\u00e1nk\u016f o tom, \u017ee tento klenot n\u011bmeck\u00e9 ekonomiky m\u00e1 velk\u00e9 probl\u00e9my, kter\u00e9 vznikly hlavn\u011b po \u201esn\u00ed\u017een\u00ed\u201c dod\u00e1vek levn\u00e9ho plynu z Ruska. Zdroj nebudu uv\u00e1d\u011bt, nakolik je to aktu\u00e1ln\u00ed informace a jsou j\u00ed pln\u00e1 m\u00e9dia\u00a0<\/span><em><span>(tedy ne na\u0161e).\u00a0<\/span><\/em><span>\u00a0No a podobn\u011b jsou na tom ostatn\u00ed n\u011bmeck\u00e9 podniky.<\/span><\/li>\n<li><span>Na Slovensku je to s energiemi podobn\u011b. Slovensko je v\u0161ak po p\u0159evratu v roce 1989 na tom je\u0161t\u011b podstatn\u011b h\u016f\u0159e. Pro\u010d? Odpov\u011b\u010f je jednoduch\u00e1. Na Slovensku n\u00e1m u\u017e nic nepat\u0159\u00ed! P\u0159i\u0161li jsme o banky. Nosn\u00e9 podniky na\u0161\u00ed ekonomiky pat\u0159\u00ed cizinc\u016fm, kte\u0159\u00ed zisky z \u010dinnosti jejich podnik\u016f p\u0159ev\u00e1d\u011bj\u00ed do zahrani\u010d\u00ed a Slovensko z nich nic nem\u00e1! Ztratili jsme potravinovou sob\u011bsta\u010dnost a jsme odk\u00e1z\u00e1ni na dovoz potravin ze zahrani\u010d\u00ed. M\u00edsto toho p\u011bstujeme jako \u201eslabomysln\u00ed\u201c hektary \u0158epky oleiky. Nejsou podm\u00ednky pro \u017eivo\u010di\u0161nou v\u00fdrobu a proto se stavy zv\u00ed\u0159at sni\u017euj\u00ed. Z\u00e1pad n\u00e1s p\u0159ed rokem 89 velmi pot\u0159eboval, proto\u017ee byl v krizi a nal\u00e9hav\u011b pot\u0159eboval nov\u00e9 odbyti\u0161t\u011b pro sv\u00e9 zbo\u017e\u00ed.<\/span><\/li>\n<li><span>V souladu s r\u016fzn\u00fdmi nesmysln\u00fdmi teoriemi v\u00fd\u0161e jmenovan\u00fdch institut\u016f jsme p\u0159ipravov\u00e1n na stravov\u00e1n\u00ed se brouky, a jin\u00e9 nesmysly.<\/span><\/li>\n<li><span>Potraviny prod\u00e1van\u00e9 v na\u0161ich obchodn\u00edch \u0159et\u011bzc\u00edch se prod\u00e1vaj\u00ed ve srovn\u00e1n\u00ed se stejn\u00fdmi \u0159et\u011bzci v zahrani\u010d\u00ed podstatn\u011b dra\u017e\u0161\u00ed a v n\u011bkter\u00fdch p\u0159\u00edpadech a\u017e v\u00edcen\u00e1sobn\u011b. P\u0159itom plat u n\u00e1s je mnohon\u00e1sobn\u011b ni\u017e\u0161\u00ed, ne\u017e plat v jin\u00fdch zem\u00edch. To ov\u0161em nen\u00ed v\u0161echno. P\u0159i porovn\u00e1v\u00e1n\u00ed slo\u017een\u00ed jednotliv\u00fdch v\u00fdrobk\u016f jsou zji\u0161\u0165ov\u00e1ny rozd\u00edly v t\u011bchto v\u00fdrobc\u00edch a to nejen v gram\u00e1\u017ei, ale i kvalit\u011b slo\u017een\u00ed dan\u00e9ho v\u00fdrobku. Je zar\u00e1\u017eej\u00edc\u00ed pokud za n\u00e1kup t\u00fdch\u017e potravin ve stejn\u00e9m \u0159et\u011bzci jen v jin\u00e9m st\u00e1t\u011b zaplat\u00edme a\u017e o 50% v\u00edce u n\u00e1s !!!! A co? A nic! Na\u0161\u00edm politikem je to jedno. Ti se staraj\u00ed jen o sv\u00e1 koryta.<\/span><\/li>\n<\/ul>\n<p><strong><span>Vojensk\u00fd:\u00a0<\/span><\/strong><span>\u00a0Nejprve uvedu, \u017ee bez ohledu na konflikt na Ukrajin\u011b av Palestin\u011b, je situace v Evrop\u011b tot\u00e1ln\u011b rozvr\u00e1cena. Ale pokud se zept\u00e1me pro\u010d a k\u00fdm, mysl\u00edm si, \u017ee odpov\u011b\u010f je jednozna\u010dn\u00e1. Ka\u017ed\u00e1 p\u0159\u00ed\u010detn\u00e1 a norm\u00e1ln\u011b mysl\u00edc\u00ed osoba, kter\u00e1 m\u00e1 jak\u00fd takov\u00fd p\u0159ehled a nen\u00ed politicky zat\u00ed\u017eena na tu \u010di onu stranu, p\u0159\u00edpadn\u011b ovlivn\u011bna n\u011bkterou z v\u00fd\u0161e uveden\u00fdch organizac\u00ed mus\u00ed v\u011bd\u011bt, \u017ee p\u0159\u00ed\u010dinou jsou jednozna\u010dn\u011b USA. Hlavn\u00ed d\u016fvody jsem ji\u017e popsal ve v\u00fd\u0161e uveden\u00fdch bodech, tak\u017ee se nebudu opakovat.<\/span><\/p>\n<p><span>V sou\u010dasnosti v\u0161ak na sv\u011bt\u011b rezonuj\u00ed hlavn\u011b 2 konflikty, kter\u00e9 ovliv\u0148uj\u00ed situaci. Prvn\u00edm je konflikt na Ukrajin\u011b, kter\u00fd vzhledem k na\u0161\u00ed \u00fazemn\u00ed lokaci je pro n\u00e1s nejz\u00e1va\u017en\u011bj\u0161\u00ed. V\u00e1lku na Ukrajin\u011b za\u010dalo Rusko a to napaden\u00edm Ukrajiny.\u00a0Av\u0161ak\u00a0vzhledem k tomu, co se d\u011blo od roku 20214 v\u016f\u010di rusky mluv\u00edc\u00edmu obyvatelstvu\u00a0<\/span><em><span>(ost\u0159elov\u00e1n\u00ed obyvatelstva, up\u00e1len\u00ed cca 30 rusky mluv\u00edc\u00edch obyvatel v Od\u011bse, z\u00e1kaz pou\u017e\u00edvat ru\u0161tinu, p\u00e1len\u00ed rusk\u00fdch knih, z\u00e1kaz rusk\u00e9 pravoslavn\u00e9 c\u00edrkve, fa\u0161izaci Ukrajiny, \u2026.)<\/span><\/em><span>\u00a0\u0159\u00edkat, \u017ee ze strany Ukrajiny bylo v\u0161echno v po\u0159\u00e1dku. Rusko si jako sv\u016fj c\u00edl speci\u00e1ln\u00ed vojensk\u00e9 operace vyty\u010dilo zaru\u010den\u00ed bezpe\u010dnosti pro oblasti ve kter\u00fdch b\u00fdvaj\u00ed rusky mluv\u00edc\u00ed ob\u010dan\u00e9 jako jsou Luhansk\u00e1, Don\u011bck\u00e1, Z\u00e1poro\u017esk\u00e1 a Chersonsk\u00e1 oblast, v\u010detn\u011b Krymu. Dal\u0161\u00edm c\u00edlem bylo zamezit \u0161\u00ed\u0159en\u00ed fa\u0161ismu. No a na z\u00e1v\u011br z\u00edsk\u00e1n\u00ed z\u00e1ruk, \u017ee Ukrajina nevstoup\u00ed do NATO. Krom\u011b USA podporuj\u00ed v boji Ukrajinu i v\u0161echny st\u00e1ty Evropy. Lid\u00e9, kte\u0159\u00ed od za\u010d\u00e1tku mluvili o m\u00edrov\u00e9m vyjedn\u00e1v\u00e1n\u00ed mezi Ruskem a Ukrajinou posm\u011b\u0161n\u011b naz\u00fdvali lid\u00e9 jmenovan\u00ed v \u00favodu tohoto blogu jako \u201e\u00a0<\/span><strong><span>CHCIMI\u0158I<\/span><\/strong><span>\u00a0\u201c kritizovali je a sm\u00e1li se z nich. Lid\u00e9, kte\u0159\u00ed vyz\u00fdvali k m\u00edrov\u00e9mu jedn\u00e1n\u00ed mezi ob\u011bma st\u00e1ty vysv\u011btlovali, \u017ee bude u\u0161et\u0159eno mno\u017estv\u00ed \u017eivot\u016f, ekonomick\u00fdch \u0161kod a hlavn\u011b, \u017ee Ukrajina m\u00e1 velmi dobr\u00e9 podm\u00ednky k jedn\u00e1n\u00ed, jeliko\u017e Rusko je\u0161t\u011b neovl\u00e1dalo t\u00e9m\u011b\u0159 \u017e\u00e1dn\u00e9 ukrajinsk\u00e9 \u00fazem\u00ed. Tito lid\u00e9 p\u0159izvukovali, \u017ee \u010d\u00edm pozd\u011bji se Ukrajina rozhodne jednat o m\u00edru s Ruskem, t\u00edm to pro ni bude hor\u0161\u00ed, proto\u017ee ztrat\u00ed i v\u00edce \u00fazem\u00ed. Tito lid\u00e9 v\u0161ak byli zesm\u011b\u0161\u0148ov\u00e1ni za to, \u017ee cht\u011bli m\u00edr. M\u00e9dia n\u00e1s usilovn\u011b lhala o situaci na front\u011b. Ukrajina st\u00e1le \u201ev\u00edt\u011bzila\u201c a Rusko \u201ep\u0159ehr\u00e1valo\u201c. Na alternativ\u011b jsme se v\u0161ak denn\u011b dozv\u00eddali opa\u010dn\u00e9 zpr\u00e1vy. No a po 2 letech se situace pomalu m\u011bn\u00ed. O m\u00edru a jedn\u00e1n\u00edch za\u010dal mluvit dokonce i Zelensk\u00fd \u010di \u010desk\u00fd prezident Havel, kter\u00fd byl velk\u00fd nep\u0159\u00edtel Ruska a podporovatel Ukrajiny v jej\u00edch v\u00e1le\u010dn\u00fdch akc\u00edch. Bohu\u017eel pro Ukrajinu je u\u017e dost pozd\u011b.\u00a0<\/span><strong><span>Uk\u00e1zalo se sice, \u017ee ti tvz. \u201eCHIM\u00cd\u0158I\u201c kte\u0159\u00ed st\u00e1le \u0159\u00edkali, \u017ee je t\u0159eba jednat a ukon\u010dit dan\u00fd konflikt m\u011bli p\u0159ece jen pravdu.<\/span><\/strong><\/p>\n<p><span>No a druh\u00fdm-li kdy\u017e vzd\u00e1len\u00fdm konfliktem je Arabsko-Izraelsk\u00fd konflikt. Vztahy mezi dan\u00fdmi stranami byly v\u017edy napjat\u00e9. Sou\u010dasn\u00fd konflikt v\u0161ak vznikl jako nep\u0159im\u011b\u0159en\u00e1 reakce Izraele na \u00fanos cca 250 izraelsk\u00fdch ob\u010dan\u016f. N\u00e1sledn\u011b Izrael za\u00fato\u010dil na obyvatele Gazy, kde u\u017e za pom\u011brn\u011b kr\u00e1tk\u00fd \u010das\u00a0<\/span><strong><span>zem\u0159elo v\u00edce ne\u017e 40 000 civilist\u016f<\/span><\/strong><span>\u00a0a to p\u0159ev\u00e1\u017en\u011b \u017een a d\u011bt\u00ed. Izrael p\u0159itom sv\u00e9 \u00fatoky st\u00e1le roz\u0161i\u0159uje na dal\u0161\u00ed \u00fazem\u00ed. Jeho jedn\u00e1n\u00ed odsuzuje prakticky cel\u00fd sv\u011bt s v\u00fdjimkou USA a Kanady. Izrael si v\u0161ak reakc\u00ed sv\u011btov\u00e9 ve\u0159ejnosti nev\u0161\u00edm\u00e1 a ve sv\u00e9 agresi pokra\u010duje. Je zaj\u00edmav\u00e9, \u017ee EU dok\u00e1\u017ee v\u016f\u010di Rusku p\u0159ij\u00edmat jednu rezoluce a sankci za druhou, ale v\u016f\u010di Izraeli jen tichounce v kout\u011b \u0161ucha no\u017ei\u010dkami! P\u0159itom zv\u011brstva p\u00e1chan\u00e1 Izraelem v Gaze, kter\u00e1 byla ve zna\u010dn\u00e9 \u010d\u00e1sti prakticky srovn\u00e1na se zem\u00ed, zab\u00edjen\u00ed d\u011bt\u00ed a \u017een \u201eve velk\u00e9m\u201c\u00a0<\/span><em><span>(40 tis\u00edc)\u00a0<\/span><\/em><span>\u00a0jsou nesrovnateln\u011b v\u011bt\u0161\u00ed a hrozn\u011bj\u0161\u00ed, ne\u017e to, co se d\u011bje na Ukrajin\u011b. Tomu se \u0159\u00edk\u00e1 objektivita a stejn\u00fd metr.<\/span><\/p>\n<p><span>USA jsou v\u0161ak um\u00edst\u011bny v mnoha \u010d\u00e1stech sv\u011bta a to i proti v\u016fli ob\u010dan\u016f dan\u00fdch zem\u00ed. Vypisovat ty st\u00e1ty nebudu, jeliko\u017e se mi nechce hodinu sed\u011bt za po\u010d\u00edta\u010dem, ale ka\u017ed\u00fd si to m\u016f\u017ee na webu dohledat.<\/span><\/p>\n<p><strong><span>Migrace:\u00a0<\/span><\/strong><span>\u00a0Je dal\u0161\u00edm fenom\u00e9nem, \u200b\u200bkter\u00fd d\u011bl\u00e1 probl\u00e9m sou\u010dasn\u00e9 spole\u010dnosti. Na Slovensku to v sou\u010dasnosti je\u0161t\u011b nen\u00ed a\u017e takov\u00fd probl\u00e9m, jak je tomu v jin\u00fdch st\u00e1tech. Jako mal\u00e9 d\u011bti se d\u00edv\u00e1me na vlny migrant\u016f z r\u016fzn\u00fdch m\u00e9n\u011b rozvinut\u00fdch st\u00e1t\u016f a nic ned\u011bl\u00e1me. Nebudu mluvit o migrantech, kte\u0159\u00ed ut\u00edkaj\u00ed p\u0159ed v\u00e1lkou, proto\u017ee t\u011bch je minimum. T\u00e9m\u011b\u0159 v\u0161ichni jsou tvz. ekonomi\u010dt\u00ed migranti. Oni v\u0161ak v\u011bd\u00ed, \u017ee pokud by to potvrdili nebude jim umo\u017en\u011bni pobyt v EU, tak\u017ee se ze v\u0161ech m\u00e1vnut\u00edm proutku st\u00e1vaj\u00ed ekonomi\u010dt\u00ed migranti. Jak jednoduch\u00e9! Sta\u010d\u00ed kdy\u017e uvedou, \u017ee ztratili pasy a je jim 16 &#8211; 20 let, no a v\u0161ichni poch\u00e1zej\u00ed ze zem\u011b kde je v\u00e1lka p\u0159ed kterou ut\u00edkaj\u00ed.<\/span><\/p>\n<p><span>Probl\u00e9m s migranty je velk\u00fd a m\u011bli bychom si to uv\u011bdomit a uznat. Celkem p\u0159ijateln\u00fdch \u0159e\u0161en\u00ed je n\u011bkolik. Asi nejvhodn\u011bj\u0161\u00ed je vybudovat na m\u00edstech odkud migranti vstupuj\u00ed na mo\u0159e, tedy pob\u0159e\u017e\u00edch mimo Evropu z\u00e1chytn\u00e9 t\u00e1bory ve kter\u00fdch vybudovat slu\u0161n\u00e9 stanov\u00e9 ubytov\u00e1n\u00ed pro tyto migranty, stravovac\u00ed za\u0159\u00edzen\u00ed, hygienick\u00e1 za\u0159\u00edzen\u00ed, zdravotn\u00ed za\u0159\u00edzen\u00ed, obchody, \u2026. zkr\u00e1tka v podstat\u011b m\u011bsto se svou polici\u00ed, kter\u00e1 by dok\u00e1zala vynutit po\u0159\u00e1dek. V takov\u00e9m ubytov\u00e1n\u00ed, by se m\u011bli p\u0159ev\u00e1\u017en\u011b v\u0161ichni tam ubytov\u00e1ni podstatn\u011b l\u00e9pe ne\u017e v podm\u00ednk\u00e1ch ve kter\u00fdch \u017eili v m\u00edst\u011b sv\u00e9ho trval\u00e9ho pobytu. \u017de by to st\u00e1lo pen\u00edze. No ano. Ale rozhodn\u011b m\u00e9n\u011b, ne\u017e jejich pobyt v Evrop\u011b. Odkud vz\u00edt dan\u00e9 pen\u00edze? Ze strany EU usly\u0161\u00edme pou\u010dov\u00e1n\u00ed o solidarit\u011b a nutnosti, abychom se na dan\u00e9 v\u0161ichni poskl\u00e1dali. Hezk\u00e9. Zkr\u00e1tka obabrat n\u00e1s, jako se v\u0161\u00edm.<\/span><\/p>\n<p><span>Nyn\u00ed \u201ezd\u00e1nliv\u011b\u201c trochu odbo\u010d\u00edm, ale jen proto, abych se dostal k meritu v\u011bci. St\u00e1ty b\u00fdval\u00e9ho Z\u00e1padu, maj\u00ed na sv\u00e9m \u00fazem\u00ed honosn\u00e1 m\u011bsta a stavby, kulturn\u00ed pam\u00e1tky a jsou na tom ekonomicky podstatn\u011b l\u00e9pe ne\u017e takov\u00e9 Slovensko. Ale co usly\u0161\u00edte od lid\u00ed uveden\u00fdch v \u00favodu blogu, asi zaslou\u017een\u011b, v\u0161ak u nich nebyl socialismus, kde se st\u00e1ty nemohly rozv\u00edjet, oni se p\u0159ece rozv\u00edjeli za tr\u017en\u00edho kapitalismu, kte\u0159\u00ed z nich ud\u011blal vysp\u011bl\u00e9 st\u00e1ty. Tak\u017ee k bohatstv\u00ed se vypracovali v r\u00e1mci vlastn\u00edho p\u0159i\u010din\u011bn\u00ed. No nev\u00edm, j\u00e1 bych se na to pod\u00edval trochu jinak. Nebudu se odvol\u00e1vat na otroctv\u00ed a st\u00e1ty, kter\u00e9 z toho nejen vyt\u011b\u017eily finan\u010dn\u011b miliardy, ani na to, \u017ee dan\u00e9 st\u00e1ty budovaly ve zna\u010dn\u00e9 m\u00ed\u0159e otroci, co\u017e na Slovensku nebylo. Zm\u00edn\u00edm v\u0161ak n\u011bco jin\u00e9ho a t\u00edm je ji\u017e zapomenut\u00e9 slovo \u201eKOLONIALISMUS a NEOKOLONIALISMUS\u201c. Pro boha, co to slovo znamen\u00e1, ale nemysl\u00edm podle slovn\u00edku ciz\u00edch slov. Mysl\u00edm, co to slovo znamenalo ve skute\u010dnosti. To slovo znamenalo, \u017ee st\u00e1t m\u011bl kolonie, tedy ovl\u00e1dal vojensky, ale hlavn\u011b ekonomicky dan\u00fd st\u00e1t, kter\u00fd vys\u00e1toval jako takov\u00fd parazit po cel\u00e1 stalet\u00ed! Jak vys\u00e1val? No tak, \u017ee t\u00e9m\u011b\u0159 v\u0161echny finance vyd\u011blan\u00e9 v kolonii byly pou\u017e\u00edv\u00e1ny k u\u017eitku ve st\u00e1t\u011b a pro st\u00e1t, kter\u00fd danou kolonii vlastnil. No a co to znamenalo pro st\u00e1t, kter\u00fd byl koloni\u00ed? No jen to, \u017ee ten d\u011blal \u201eod nevid\u00edm do nevid\u00edm\u201c pro sv\u00e9ho koloniz\u00e1tora a on z toho nem\u011bl nic jen b\u00eddu. Nic po\u0159\u00e1dn\u011b se v n\u011bm nevybudovalo nebo nebylo z \u010deho a pokud ano, tak to pat\u0159ilo obchodn\u00edk\u016fm ze st\u00e1tu kter\u00fd ho kolonizoval. Lid\u00e9 v takov\u00fdch st\u00e1tech nem\u011bli vzd\u011bl\u00e1n\u00ed, \u0159\u00e1dn\u00e9 oble\u010den\u00ed, nem\u011bli majetek, byli v podstat\u011b st\u00e1le jen otroky i kdy\u017e doba otrok\u00e1\u0159\u016f d\u00e1vno skon\u010dila. Takov\u00fd st\u00e1t se nem\u011bl jak rozv\u00edjet, nem\u011bl jak vzd\u011bl\u00e1vat sv\u00e9 obyvatele, nem\u011bl jak jim zaji\u0161\u0165ovat lep\u0161\u00ed \u017eivotn\u00ed \u00farove\u0148 \u2026.. . Zkr\u00e1tka byl to st\u00e1t, kde jeho obyvatel\u00e9 jen \u017eivo\u0159ili a v\u00fdvoj dan\u00e9 spole\u010dnosti se bu\u010f \u00fapln\u011b zastavil, nebo po\u0159\u00e1dn\u011b zpomalil. No a te\u010f si uv\u011bdomme, \u017ee n\u011bkter\u00e9 st\u00e1ty, kter\u00e9 se \u0159adily do tzv. z\u00e1padn\u00ed vysp\u011bl\u00e9 Evropy nem\u011bly jen jednu kolonii, ale dv\u011b, t\u0159i, \u010dty\u0159i, p\u011bt \u2026\u2026. . Mezi nejzn\u00e1m\u011bj\u0161\u00ed st\u00e1ty vlastn\u00edc\u00ed v \u201eminulosti\u201c kolonie pat\u0159ila nap\u0159\u00edklad: Francie, Brit\u00e1nie, Portugalsko, \u0160pan\u011blsko, Belgie, It\u00e1lie, N\u011bmecko \u2026. . Uve\u010fme si p\u00e1r konkr\u00e9tn\u00edch p\u0159\u00edklad\u016f.<\/span><\/p>\n<p><strong><span>Francie:<\/span><\/strong><span>\u00a0Pat\u0159ila mu t\u00e9m\u011b\u0159 cel\u00e1 z\u00e1padn\u00ed Afrika. Ze st\u00e1t\u016f nap\u0159\u00edklad Al\u017e\u00edrsko, Maroko, Tunisko, Mali, Niger, \u010cad, Senegal, Pob\u0159e\u017e\u00ed slonoviny, Kongo, Madagaskar, \u2026 .<\/span><\/p>\n<p><strong><span>Brit\u00e1nie:\u00a0<\/span><\/strong><span>\u00a0Jej\u00edm zlat\u00fdm vaj\u00ed\u010dkem byla Indie. Pat\u0159ila j\u00ed v\u0161ak i v\u011bt\u0161ina jihu Afriky. Nap\u0159\u00edklad Egypt, S\u00fad\u00e1n, Ke\u0148a, Zambie, Zimbabwe, Ghana, Nig\u00e9rie, JAR a ur\u010dit\u00e9 obdob\u00ed i Namibie a Tanzanie.<\/span><\/p>\n<p><strong><span>N\u011bmecko:<\/span><\/strong><span>\u00a0\u00dazem\u00ed dne\u0161n\u00ed: Tanzanie, Rwandy, Burundi, Mosambik, Namibie, Ji\u017en\u00ed Ke\u0148a, \u010d\u00e1sti \u010c\u00edny a mnoha jin\u00fdch \u010d\u00e1stech Afriky. D\u00e1le m\u011blo kolonie na \u00fazem\u00ed dne\u0161n\u00ed Ghany, Arguin (mal\u00fd ostrov pobl\u00ed\u017e pob\u0159e\u017e\u00ed Maurit\u00e1nie), ostrov Svat\u00fd Tom\u00e1\u0161 v Karibiku, ostrov Viegues v Karibiku, ostrov Tertholen v Karibiku, Whydah v dne\u0161n\u00edm Togu, Nov\u00e1 Guinea, Zem\u011b c\u00edsa\u0159a Vil\u00e9m (dnes \u010d\u00e1st Papuy Nov\u00e9 ), \u0160alamounovy ostrovy, Mariany, Marshallovy ostrovy, Palau, Karol\u00edny, Nauru.<\/span><\/p>\n<p><strong><span>It\u00e1lie:\u00a0<\/span><\/strong><span>\u00a0Som\u00e1lsko, Etiopie, Alb\u00e1nie, \u0158ecko, Kosovo, \u010cern\u00e1 Hora a men\u0161\u00ed \u00fazem\u00ed v \u010c\u00edn\u011b (Tcheien-\u0165in).<\/span><\/p>\n<p><strong><span>Belgie:\u00a0<\/span><\/strong><span>\u00a0Pat\u0159ila mu nejv\u011bt\u0161\u00ed zem\u011b na rovn\u00edku a to dne\u0161n\u00ed Kon\u017esk\u00e1 demokratick\u00e1 republika.<\/span><\/p>\n<p><strong><span>\u0160pan\u011blsko:<\/span><\/strong><span>\u00a0\u010c\u00e1st Maroka, Z\u00e1padn\u00ed Sahara, Kan\u00e1rsk\u00e9 ostrovy a takzvan\u00e9 \u0161pan\u011blsk\u00e9 severoafrick\u00e9 dr\u017eavy.<\/span><\/p>\n<p><strong><span>Portugalsko:\u00a0<\/span><\/strong><span>\u00a0Angola a Mosambik.<\/span><\/p>\n<p><span>Mo\u017en\u00e1 by V\u00e1s zaj\u00edmalo od kdy m\u011bly tyto st\u00e1ty kolonie. Ale odpov\u011b\u010f je u ka\u017ed\u00e9ho st\u00e1tu jin\u00e1. Obecn\u011b v\u0161ak lze \u0159\u00edci, \u017ee evropsk\u00e9 mocnosti a st\u00e1ty za\u010daly z\u00edsk\u00e1vat kolonie postupn\u011b a to ji\u017e v 15. stolet\u00ed av n\u011bkter\u00fdch p\u0159\u00edpadech se jejich vlastnictv\u00ed pod r\u016fzn\u00fdmi okolnostmi m\u011bnilo.<\/span><\/p>\n<p><span>Ale vra\u0165me se po kr\u00e1tk\u00e9 odbo\u010dce zp\u011bt k meritu v\u011bci. Tak\u017ee u\u017e v\u00edte pro\u010d je Pa\u0159\u00ed\u017e, zda Lond\u00fdn tak p\u011bkn\u011b vybudov\u00e1n a pro\u010d jsou st\u00e1ty takzvan\u00e9ho \u201evysp\u011bl\u00e9ho\u201c Z\u00e1padu tak p\u011bkn\u011b vybudov\u00e1ny, bohat\u0161\u00ed a p\u0159ed n\u00e1mi. Nen\u00ed to jejich v\u011bt\u0161\u00ed p\u00edl\u00ed \u010di inteligenc\u00ed. Je to t\u00edm, \u017ee po stalet\u00ed zotro\u010dovaly jin\u00e9 st\u00e1ty, kter\u00e9 na nich d\u011blaly a nemohly rozvinout sv\u00e9 vlastn\u00ed hospod\u00e1\u0159stv\u00ed. Ano p\u0159i\u0161li Jste na to. Tou p\u0159\u00ed\u010dinou byl Kolonialismus a obrovsk\u00e9 zisky, kter\u00e9 koloniz\u00e1torem tvo\u0159il. Je jen logick\u00e9, \u017ee se ho necht\u011bli vzd\u00e1t.<\/span><\/p>\n<p><span>No a jak\u00fd to m\u00e1 souvislost se zabr\u00e1n\u011bn\u00edm migrace a pot\u0159eb\u011b investov\u00e1n\u00ed do z\u00e1chytn\u00fdch t\u00e1bor\u016f o kter\u00fdch jsem v t\u00e9to stati psal? No jednoduch\u00fd. Kdy\u017e tyto tzv. vysp\u011bl\u00e9 Z\u00e1padn\u00ed st\u00e1ty po \u201estalet\u00ed\u201c zotro\u010dovaly jin\u00e9 zejm\u00e9na africk\u00e9 n\u00e1rody p\u0159i\u010dem\u017e je ob\u00edraly o ve\u0161ker\u00fd zisk, bylo by jen \u201esymbolickou\u201c kapkou v mo\u0159i kdyby se nyn\u00ed postaraly o financov\u00e1n\u00ed sb\u011brn\u00fdch t\u00e1bor\u016f migrant\u016f a to is jejich \u201eslu\u0161n\u00fdm\u201c vybaven\u00edm. Tak\u017ee kdy\u017e sly\u0161\u00edm v t\u00e9to souvislosti slovo \u201eSOLIDARITA\u201c a \u017ee se to t\u00fdk\u00e1 v\u0161ech a m\u011bli bychom platit v\u0161ichni, rad\u011bji poml\u010d\u00edm, jeliko\u017e vid\u00edm, \u017ee zase s n\u00e1mi cht\u011bj\u00ed st\u00e1ty tzv. \u201eSOLIDARITA\u201c. vysp\u011bl\u00e9ho Z\u00e1padu \u201eVy\u2026\u2026\u201c! A\u0165 plat\u00ed ten, kdo po stalet\u00ed tyto n\u00e1rody o\u017eebra\u010doval a benefity si nech\u00e1val jen pro sebe! To by byla solidarita, i kdy\u017e u\u017e pozd\u011b a skute\u010dn\u011b jen symbolick\u00e1.<\/span><\/p>\n<p><span>Velmi p\u011bkn\u011b to \u0159ekl I.Maiga, kter\u00fd videi ze sv\u00e9 vlasti v Mali pravideln\u011b promlouv\u00e1 Slov\u00e1k\u016fm, kde popisuje jak se m\u00e1, jak se v Mali \u017eije a hlavn\u011b, co se tam ve skute\u010dnosti d\u011bje. Pro\u010d z Mali vyhodili Francouze a po\u017e\u00e1dali o pomoc Rusy. Jeho videa jsou autentick\u00e1 a velmi zaj\u00edmav\u00e1. Dozv\u00edte se z nich v\u011bci o kter\u00fdch V\u00e1s na\u0161e m\u00edn\u011btvorn\u00e1 m\u00e9dia neinformuj\u00ed ani v n\u00e1znac\u00edch.\u00a0<\/span><strong><span>Maiga uvedl, \u017ee Mali m\u00e1 obrovsk\u00e9 z\u00e1soby zlata a jin\u00fdch zlat\u00fdch surovin (uran, nikl, kobalt, bauxit, ropu, plyn, \u2026.) kter\u00e9 se ve velk\u00e9m t\u011b\u017e\u00ed a p\u0159itom jeho zem\u011b je velmi chud\u00e1. Pro\u010d tomu tak je? Jako p\u0159\u00edklad uvedl, \u017ee Francouzi u nich t\u011b\u017e\u00ed jejich uran, p\u0159i\u010dem\u017e za hmotnou jednotku plat\u00ed Mali 4 000 Z\u00e1padoafrick\u00fdch frank\u016f, p\u0159i\u010dem\u017e tut\u00e9\u017e hmotnou jednotku prod\u00e1vaj\u00ed v Kanad\u011b za 120 000!!!\u00a0<\/span><\/strong><em><span>(No a toto se d\u011bje a umo\u017e\u0148uje se v r\u00e1mci tzv. neokolonialismu)<\/span><\/em><span>\u00a0Pak se div\u00edme, africk\u00e9 zem\u011b jsou chud\u00e9??? D\u00e1le uvedl, \u017ee Mali je ve sv\u011bt\u011b na 4. m\u00edst\u011b v z\u00e1sob\u00e1ch zlata. Francie nem\u00e1 na sv\u00e9m \u00fazem\u00ed ani jeden d\u016fl na zlato. Zato v Mali jich je p\u0159es 50 a Francie v nich zaji\u0161\u0165uje t\u011b\u017ebu. No av re\u00e1lu i kdy\u017e m\u00e1 Mali v\u00edce ne\u017e 50 dol\u016f na zlato nem\u00e1 v podstat\u011b \u017e\u00e1dn\u00e9 jeho z\u00e1soby, p\u0159itom Francie i kdy\u017e nem\u00e1 \u017e\u00e1dn\u00fd sv\u016fj d\u016fl na zlato, je ve vlastnictv\u00ed zlata na 4. m\u00edst\u011b na sv\u011bt\u011b! Co mysl\u00edte pro\u010d? Video je velmi zaj\u00edmav\u00e9 a link na n\u011bj si m\u016f\u017eete prohl\u00e9dnout\u00a0<\/span><a href=\"https:\/\/www.tiktok.com\/@jiripatent\/video\/7408429754258296097?_r=1&amp;_t=8pHqJyp4ong\"><span>zde<\/span><\/a><span>\u00a0, nebo ve zdroj\u00edch.<\/span><\/p>\n<p><span>No abych uzav\u0159el toto t\u00e9ma. Tak to se t\u00edm st\u00e1tem, co m\u011bli v minulosti, nebo v sou\u010dasnosti kolonie \u017eilo a \u017eije. Potom si mohou vyskakovat a ukazovat jak jsou vysp\u011bl\u00e9. Ov\u0161em za jakou cenu? Je to na \u00fakor jin\u00fdch \u017eiv\u00fdch bytost\u00ed. Jak nazvat takov\u00fd p\u0159\u00edstup? Proti tomu EU neprotestuje? \u017d\u00e1dn\u00e1 rezoluce, \u017e\u00e1dn\u00e1 sankce \u2013 jestli? Jasn\u011b \u017ee ne, nakolik by je museli ve v\u011bt\u0161in\u011b p\u0159\u00edpad\u016f p\u0159ij\u00edmat v\u016f\u010di vlastn\u00edm \u010dlen\u016fm!<\/span><\/p>\n<p><strong><span>Kulturn\u011b a Ideologicky:<\/span><\/strong><span>\u00a0Ani jsme si nev\u0161imli, jak se za posledn\u00ed desetilet\u00ed propletl n\u00e1\u0161 \u017eivot a to doslova ve v\u0161ech oblastech r\u016fzn\u00fdmi neziskovky a osobami uveden\u00fdmi v \u00favodu tohoto blogu. Ty ovl\u00e1dly ve\u0161ker\u00e9 d\u011bn\u00ed v na\u0161\u00ed spole\u010dnosti a doslova ho otr\u00e1vili. Pod\u00edvejme se, co vytv\u00e1\u0159ej\u00ed \u201ejako\u017ee\u201c herci a r\u016fzn\u00ed \u201ejako\u017ee\u201c um\u011blci. D\u011blaj\u00ed politiku a sna\u017e\u00ed se rozhodovat o v\u011bcech o kter\u00fdch maj\u00ed rozhodovat volen\u00ed z\u00e1stupci lidu.<\/span><\/p>\n<p><span>Pom\u011brn\u011b \u010dasto diskutovan\u00fdm probl\u00e9mem jsou organizace propojen\u00e9 na Soro\u0161e, \u0160vabacha, \u2026\u2026, zda instituce typu Aspensk\u00fd institut o kter\u00e9m jsem u\u017e psal naho\u0159e. Je to u\u017e takov\u00e1 chobotnice, kter\u00e1 spoutala celou spole\u010dnost a nedovol\u00ed d\u00fdchat norm\u00e1ln\u00edm lidem. Ti lid\u00e9 jsou doslova v\u0161ude. Prohl\u00e9dn\u011bte si video ve kter\u00e9m je vyjmenov\u00e1v\u00e1na \u010d\u00e1st lid\u00ed z \u010cR, kte\u0159\u00ed dan\u00fd institut absolvovali a jak je vid\u011bt p\u016fsob\u00ed na nejvy\u0161\u0161\u00edch m\u00edstech ve st\u00e1tn\u00edm apar\u00e1tu \u010cR. Podle dan\u00e9ho videa jsou to nap\u0159\u00edklad: Fiala (p\u0159edseda vl\u00e1dy \u010cR), Peter Pavel (prezident \u010cR), Mark\u00e9ta Pekarov\u00e1 (p\u0159edsedkyn\u011b poslaneck\u00e9 sn\u011bmovny \u010cR), M.Jure\u010dka (ministr pr\u00e1ce a soc. v\u011bc\u00ed \u010cR), V.Raku\u0161an (ministr vnitra \u010cR) ), J.Lipavsk\u00fd (min. zahr. v\u011bc\u00ed \u010cR) a skute\u010dn\u011b velk\u00e9 mno\u017estv\u00ed jin\u00fdch. Jak vid\u00edte z politick\u00e9ho hlediska se nejedn\u00e1 o n\u011bjak\u00e9 bezv\u00fdznamn\u00e9 lidi. Cel\u00fd seznam a video si m\u016f\u017eete prohl\u00e9dnout na\u00a0<\/span><a href=\"https:\/\/www.tiktok.com\/@user1220910078282\/video\/7421818543462812961?_r=1&amp;_t=8qH2lRz7GC1\"><span>tomto linku<\/span><\/a><span>\u00a0, nebo v \u010d\u00e1sti zdroj. M\u011bl jsem si mo\u017enost vyslechnout j\u00e1 seznam slovensk\u00fdch absolvent\u016f, ale se mi ho nepoda\u0159ilo zp\u011btn\u011b dohledat, tak\u017ee ten neuv\u00e1d\u00ed, ale bylo tam mno\u017estv\u00ed zn\u00e1m\u00fdch a vlivn\u00fdch jmen politikova a lid\u00ed zn\u00e1m\u00fdch ze spole\u010densk\u00e9ho \u017eivota. Tu\u0161\u00edm tam byla i b\u00fdval\u00e1 premi\u00e9rka I. Radi\u010dov\u00e1 co\u017e jsem byl velmi p\u0159ekvapen. Pokud se dob\u0159e pamatuji tak tam m\u011bla b\u00fdt i Veronika Cifrov\u00e1 Ost\u0159iho\u0148ov\u00e1, ale tvrdit to ani u jedn\u00e9 na 100 procent nebudu, nakolik t\u011bch jmen je mnoho a jak uv\u00e1d\u00edm seznam se mi nepoda\u0159ilo zp\u011btn\u011b dohledat.<\/span><\/p>\n<p><span>No a specialita sou\u010dasn\u00e9 doby jsou \u00f3dy na \u201eLGBTQ\u201c komunitu. D\u011bl\u00e1n\u00ed zmatk\u016f ve spole\u010dnosti a zvyklostech. Zav\u00e1d\u011bn\u00ed v\u00edce ne\u017e 70 r\u016fzn\u00fdch pohlav\u00ed, pojm\u016f jako kdo se jak identifikuje. Nikdo nem\u00e1 nic proti \u201eLGBTQ\u201c ale a\u0165 \u017eij\u00ed jako ostatn\u00ed, neupozor\u0148uj\u00ed zbyte\u010dn\u011b na sebe r\u016fzn\u00fdmi pochody a um\u011bl\u00fdmi konflikty. V\u0161ichni jsme lid\u00e9 a m\u00e1me podle toho i spolu jako lid\u00e9 vych\u00e1zet.<\/span><\/p>\n<p><strong><span>Mezin\u00e1rodn\u00ed vztahy:\u00a0<\/span><\/strong><span>\u00a0P\u016fsoben\u00edm USA do\u0161lo k jejich tot\u00e1ln\u00edmu zni\u010den\u00ed.<\/span><\/p>\n<p><a href=\"https:\/\/eduard.blog.pravda.sk\/2024\/10\/05\/kto-su-mladi-globalni-vodcovia\/\">-eduard-<\/a><\/p>\n<p><em><strong><span>Zdroje:<\/span><\/strong><\/em><\/p>\n<ol>\n<li><em><span>https:\/\/eduard.blog.pravda.sk\/wp-admin\/post.php?post=2242&amp;action=edit<\/span><\/em><\/li>\n<li><span>https:\/\/www.kosmas.cz\/knihy\/535889\/mladi-globalni-vudci\/ (a stovky jin\u00fdch)<\/span><\/li>\n<li><span>https:\/\/jednotneslovensko.info\/2024\/07\/13\/eu-komise-poslala-muskovi-tajnu-nab\u00eddku-zve\u0159ejnil-ji\/ (a mnoho jin\u00fdch zdroj\u016f)<\/span><\/li>\n<li><span>https:\/\/www.tiktok.com\/@den.265\/photo\/7421043563930176800?_d=secCgYIASAHKAESPgo8xzu1ym7GWTq30nyF0AKTukxY9LdCweLsQoj6vKUZ7is0jOvfrlBH2 5Ad3IGgA%3D&amp;_r=1&amp;aweme_type=150&amp;checksum=b4d65963f48c8f280a579ac01fc66acc2caa8118768b16c8e947c0f8413577c6&amp;link_ref cnt=1&amp;preview_pb=0&amp;sec_user_id=MS4wLjABAAAA8X7q0B26KhqM-YPyJLLJl-R8cVdub8HS- V1-tvEl_QnLRlQRr8x-tnCDih-fuv-z&amp;share_app_id=1233&amp;share_item_id=7421043563930176800&amp;share_link_id=3c407168-dfe3-4ad7-89ee&amp;9 _share_type=14&amp;source=h5_m\u00d7tamp=1728078352&amp;u_code=e74i1ai2fdi7g3&amp;ug_btm=b2001&amp;ug_photo_idx=0&amp;ugbiz_name=UNKNOWN&amp;user_id=721447100 m_medium=android&amp;utm_source=whatsapp<\/span><\/li>\n<li><span>https:\/\/www.tiktok.com\/@jiripatent\/video\/7408429754258296097?_r=1&amp;_t=8pHqJyp4ong<\/span><\/li>\n<li><span>https:\/\/www.tiktok.com\/@user1220910078282\/video\/7421818543462812961?_r=1&amp;_t=8qH2lRz7GC1<\/span><\/li>\n<\/ol>\n<p>&nbsp;<\/p>\n","protected":false},"excerpt":{"rendered":"<p>To co se d\u011bje nejen u n\u00e1s, v EU, ale iv cel\u00e9m sv\u011bt\u011b je n\u011bco&#8230;<\/p>\n","protected":false},"author":2,"featured_media":37870,"comment_status":"closed","ping_status":"closed","sticky":false,"template":"","format":"standard","meta":[],"categories":[6],"tags":[1503,35,276,5492],"_links":{"self":[{"href":"https:\/\/www.infokuryr.cz\/n\/wp-json\/wp\/v2\/posts\/63713"}],"collection":[{"href":"https:\/\/www.infokuryr.cz\/n\/wp-json\/wp\/v2\/posts"}],"about":[{"href":"https:\/\/www.infokuryr.cz\/n\/wp-json\/wp\/v2\/types\/post"}],"author":[{"embeddable":true,"href":"https:\/\/www.infokuryr.cz\/n\/wp-json\/wp\/v2\/users\/2"}],"replies":[{"embeddable":true,"href":"https:\/\/www.infokuryr.cz\/n\/wp-json\/wp\/v2\/comments?post=63713"}],"version-history":[{"count":1,"href":"https:\/\/www.infokuryr.cz\/n\/wp-json\/wp\/v2\/posts\/63713\/revisions"}],"predecessor-version":[{"id":63714,"href":"https:\/\/www.infokuryr.cz\/n\/wp-json\/wp\/v2\/posts\/63713\/revisions\/63714"}],"wp:featuredmedia":[{"embeddable":true,"href":"https:\/\/www.infokuryr.cz\/n\/wp-json\/wp\/v2\/media\/37870"}],"wp:attachment":[{"href":"https:\/\/www.infokuryr.cz\/n\/wp-json\/wp\/v2\/media?parent=63713"}],"wp:term":[{"taxonomy":"category","embeddable":true,"href":"https:\/\/www.infokuryr.cz\/n\/wp-json\/wp\/v2\/categories?post=63713"},{"taxonomy":"post_tag","embeddable":true,"href":"https:\/\/www.infokuryr.cz\/n\/wp-json\/wp\/v2\/tags?post=63713"}],"curies":[{"name":"wp","href":"https:\/\/api.w.org\/{rel}","templated":true}]}}