{"id":63697,"date":"2024-10-07T00:40:35","date_gmt":"2024-10-06T22:40:35","guid":{"rendered":"https:\/\/www.infokuryr.cz\/n\/?p=63697"},"modified":"2024-10-06T14:36:00","modified_gmt":"2024-10-06T12:36:00","slug":"thomas-roper-francie-se-spojila-s-teroristy-proti-rusku","status":"publish","type":"post","link":"https:\/\/www.infokuryr.cz\/n\/2024\/10\/07\/thomas-roper-francie-se-spojila-s-teroristy-proti-rusku\/","title":{"rendered":"Thomas R\u00f6per: Francie se spojila s teroristy proti Rusku"},"content":{"rendered":"<div id=\"fb-root\"><\/div>\n<p><span style=\"font-size: 14pt;\"><strong>Francie podporuje teroristy v Africe, o kter\u00fdch tvrd\u00ed, \u017ee d\u0159\u00edve bojovali, aby oslabila vl\u00e1dy africk\u00fdch st\u00e1t\u016f, kter\u00e9 se v posledn\u00edch letech vzbou\u0159ily proti b\u00fdval\u00e9 koloni\u00e1ln\u00ed mocnosti Francii.<\/strong><\/span><\/p>\n<p><span>Geopolitika je nemor\u00e1ln\u00ed a nem\u00e1 nic spole\u010dn\u00e9ho s \u201ehodnotami\u201c, lidsk\u00fdmi pr\u00e1vy nebo demokraci\u00ed. Tato hesla zn\u00ed dob\u0159e a jejich c\u00edlem je p\u0159im\u011bt obyvatelstvo z\u00e1padn\u00edch zem\u00ed, aby v\u011b\u0159ilo, \u017ee Z\u00e1pad bojuje za u\u0161lechtilou v\u011bc. Ve skute\u010dnosti je to mnohem ban\u00e1ln\u011bj\u0161\u00ed, proto\u017ee je to v\u0161echno o moci, p\u0159\u00edrodn\u00edch zdroj\u00edch, prodejn\u00edch trz\u00edch a pen\u011bz\u00edch. To plat\u00ed i pro Afriku, kde je aktu\u00e1ln\u011b velmi zaj\u00edmav\u00fd v\u00fdvoj.<\/span><\/p>\n<h3 class=\"wp-block-heading\"><span style=\"font-size: 18pt;\">V\u00fdchoz\u00ed situace<\/span><\/h3>\n<p><span>Je\u0161t\u011b p\u0159ed p\u00e1r lety p\u016fsobil Bundeswehr tak\u00e9 v Africe a \u00fadajn\u011b bojoval proti terorist\u016fm spole\u010dn\u011b s francouzskou arm\u00e1dou v Mali. Ve skute\u010dnosti \u0161lo p\u0159edev\u0161\u00edm o zaji\u0161t\u011bn\u00ed dod\u00e1vek uranu ze sousedn\u00edho Nigeru do Francie, proto\u017ee Francie jako b\u00fdval\u00e1 jadern\u00e1 velmoc zajistila t\u011b\u017eebn\u00ed pr\u00e1va na nigersk\u00fd uran. Prvn\u00edm d\u016fvodem rozm\u00edst\u011bn\u00ed Bundeswehru v Mali bylo zabr\u00e1nit terorist\u016fm v p\u0159\u00edchodu do Nigeru a ohro\u017een\u00ed \u201efrancouzsk\u00e9ho\u201c uranu, na kter\u00e9m je zalo\u017een francouzsk\u00fd energetick\u00fd pr\u016fmysl.<\/span><\/p>\n<p><span>Druh\u00fdm d\u016fvodem nasazen\u00ed bylo upevn\u011bn\u00ed pozice Francie v jej\u00edch b\u00fdval\u00fdch koloni\u00edch. \u00dadajn\u00fd boj proti terorist\u016fm k tomu byl ide\u00e1ln\u00ed z\u00e1minkou podle hesla \u201ePot\u0159ebujete Francii pro svou ochranu, Francie je ta dobr\u00e1, kter\u00e1 v\u00e1m pom\u016f\u017ee a ochr\u00e1n\u00ed v\u00e1s\u201c.<\/span><\/p>\n<p><span>V\u00edt\u011bzstv\u00ed proti terorist\u016fm bylo proto ne\u017e\u00e1douc\u00ed, proto\u017ee pokud by se situace v z\u00e1padn\u00ed Africe stabilizovala, byla by eliminov\u00e1na z\u00e1minka, pod kterou tam Francie um\u00edstila svou arm\u00e1du, jej\u00edm\u017e \u00fakolem bylo zajistit francouzskou nadvl\u00e1du ve sv\u00fdch b\u00fdval\u00fdch koloni\u00edch.<\/span><\/p>\n<p><span>Proto\u017ee to m\u00edstn\u00ed lid\u00e9 ch\u00e1pali a z\u00e1rove\u0148 byli \u010d\u00edm d\u00e1l nespokojen\u011bj\u0161\u00ed s t\u00edm, \u017ee Francie pokra\u010dovala ve vyko\u0159is\u0165ov\u00e1n\u00ed sv\u00fdch b\u00fdval\u00fdch koloni\u00ed, zat\u00edmco ty se propadaly st\u00e1le hloub\u011bji do chudoby, do\u0161lo v Mali, Burkin\u011b Faso a Nigeru k vojensk\u00fdm p\u0159evrat\u016fm, kter\u00fdm fandili. obyvatel, na\u010de\u017e&#8230; Profrancouz\u0161t\u00ed guvern\u00e9\u0159i byli zbaveni moci a francouz\u0161t\u00ed voj\u00e1ci, m\u00e9dia a nevl\u00e1dn\u00ed organizace vyhozeny ze zem\u00ed, kter\u00e9 tam m\u011bly \u0161\u00ed\u0159it profrancouzsk\u00e9 n\u00e1lady.<\/span><\/p>\n<h3 class=\"wp-block-heading\"><span style=\"font-size: 18pt;\">\u201eTerorist\u00e9\u201c se st\u00e1vaj\u00ed \u201erebely\u201c<\/span><\/h3>\n<p><span>Z\u00e1padn\u00ed m\u00e9dia proto zm\u011bnila jm\u00e9na. Terorist\u00e9, proti kter\u00fdm \u00fadajn\u011b bojovala francouzsk\u00e1 arm\u00e1da a Bundeswehr, ji\u017e nejsou v z\u00e1padn\u00edch m\u00e9di\u00edch ozna\u010dov\u00e1ni jako \u201eterorist\u00e9\u201c a \u201eislamist\u00e9\u201c, ale jako \u201erebelov\u00e9\u201c, proto\u017ee bojuj\u00ed proti vl\u00e1d\u00e1m, kter\u00e9 m\u011bly tu drzost vyhodit Francii. jejich zem\u00ed.<\/span><\/p>\n<p><span>Od 22. do 27. \u010dervence 2024 se v severn\u00edm Mali odehr\u00e1la bitva, ve kter\u00e9 po\u010detn\u011b daleko vy\u0161\u0161\u00ed s\u00edly z \u0159ad tuaregsk\u00fdch separatist\u016f a teroristick\u00e9 organizace al-K\u00e1ida porazily malisk\u00e9 voj\u00e1ky a voj\u00e1ky z rusk\u00e9 Wagnerovy skupiny, kte\u0159\u00ed nyn\u00ed vedou Mali v boj proti teroru podporov\u00e1n, napad\u00e1n. Bitva se zm\u011bnila v debakl, p\u0159i kter\u00e9m Wagner utrp\u011bl pravd\u011bpodobn\u011b dosud nejv\u011bt\u0161\u00ed ztr\u00e1ty v Africe. Neexistuj\u00ed \u017e\u00e1dn\u00e9 ofici\u00e1ln\u00ed odhady, kter\u00e9 se pohybuj\u00ed mezi 20 a 80 mrtv\u00fdmi Wagnerov\u00fdmi voj\u00e1ky. Tuaregov\u00e9 tvrd\u00ed, \u017ee zabili 84 voj\u00e1k\u016f Wagnera a 47 malijsk\u00fdch voj\u00e1k\u016f.<\/span><\/p>\n<p><span>Tato epizoda by st\u011b\u017e\u00ed ud\u011blala p\u0159\u00edli\u0161 mnoho mezin\u00e1rodn\u00edch titulk\u016f, kdyby nebylo Kyjeva a jeho upov\u00eddan\u00fdch p\u0159edstavitel\u016f tajn\u00fdch slu\u017eeb. Andrej Jusov, mluv\u010d\u00ed ukrajinsk\u00e9 vojensk\u00e9 rozv\u011bdky, pot\u00e9 \u0159ekl, \u017ee terorist\u00e9 (Juzov mluvil o \u201erebelech\u201c) dostali z Kyjeva \u201enezbytn\u00e9 informace\u201c k proveden\u00ed \u00fatok\u016f v Mali.<\/span><\/p>\n<p><span>O trapn\u00e9m faktu, \u017ee Ukrajina, kterou Z\u00e1pad podporuje stovkami miliard dolar\u016f, zase podporuje teroristy v Africe, se v z\u00e1padn\u00edch m\u00e9di\u00edch t\u00e9m\u011b\u0159 nemluvilo. Kdy\u017e to bylo ozn\u00e1meno,\u00a0<\/span><a href=\"https:\/\/anti-spiegel.ru\/2024\/wenn-experten-im-spiegel-ueber-die-lage-in-westafrika-berichten\/\"><span>hovo\u0159ilo se o \u201erebelech\u201c nebo \u201emilitantn\u00edch skupin\u00e1ch<\/span><\/a><span>\u00a0\u201c, ale ne o \u201eteroristech\u201c. A rozhodn\u011b v t\u00e9to souvislosti nebylo zm\u00edn\u011bno, \u017ee Kyjev nyn\u00ed podporuje pr\u00e1v\u011b ty s\u00edly, kter\u00e9 byly ned\u00e1vno \u201eislamistick\u00fdmi teroristy\u201c, proti kter\u00fdm \u00fadajn\u011b bojoval Bundeswehr.<\/span><\/p>\n<p><span>Incident v\u0161ak vyvolal v Africe zna\u010dn\u00fd rozruch a n\u011bkter\u00e9 zem\u011b pot\u00e9 p\u0159eru\u0161ily sv\u00e9 diplomatick\u00e9 styky s Ukrajinou, ozna\u010dily Ukrajinu za \u201ep\u0159\u00edznivce terorismu\u201c a tak\u00e9 ost\u0159e odsoudily Z\u00e1pad za financov\u00e1n\u00ed a dod\u00e1vky zbran\u00ed podporovatel\u016fm terorist\u016f v Kyjev\u011b, kter\u00fd pak skon\u010d\u00ed v rukou africk\u00fdch terorist\u016f.<\/span><\/p>\n<h3 class=\"wp-block-heading\"><span style=\"font-size: 18pt;\">Francie prohl\u00e1sila Rusko za sv\u00e9ho \u201ehlavn\u00edho protivn\u00edka\u201c<\/span><\/h3>\n<p><span>Jak se b\u00fdval\u00e9 francouzsk\u00e9 kolonie v Africe obracej\u00ed k Rusku a Rusko je velmi popul\u00e1rn\u00ed v zem\u00edch z\u00e1padn\u00ed Afriky, Pa\u0159\u00ed\u017e nyn\u00ed vid\u00ed Rusko jako sv\u00e9ho \u201ehlavn\u00edho protivn\u00edka\u201c. Nejen francouzsk\u00e1 levn\u00e1 jadern\u00e1 energie (80 procent francouzsk\u00e9 elekt\u0159iny poch\u00e1z\u00ed z jadern\u00fdch elektr\u00e1ren), ale tak\u00e9 jej\u00ed geopolitick\u00e1 s\u00edla se op\u00edr\u00e1 o z\u00e1padn\u00ed Afriku. Region je bohat\u00fd na p\u0159\u00edrodn\u00ed zdroje, kter\u00e9 francouzsk\u00e9 korporace levn\u011b vyu\u017e\u00edvaj\u00ed, a je geograficky d\u016fle\u017eit\u00fd, proto\u017ee m\u016f\u017ee \u0159\u00eddit lodn\u00ed dopravu ve st\u0159edn\u00edm Atlantiku.<\/span><\/p>\n<p><span>Pro Francii je boj o z\u00e1padn\u00ed Afriku rozhodn\u011b o jej\u00ed (politick\u00e9) existenci jako sv\u011btov\u00e9 velmoci ve druh\u00e9 lize.<\/span><\/p>\n<p><span>Nen\u00ed proto p\u0159ekvapen\u00edm, \u017ee francouzsk\u00fd ministr obrany S\u00e9bastien Lecornu minul\u00fd t\u00fdden v rozhovoru\u00a0<\/span><a href=\"https:\/\/de.rt.com\/international\/221404-frankreich-erklaert-russland-zur-groessten-bedrohung\/\"><span>\u0159ekl<\/span><\/a><span>\u00a0, \u017ee Rusko je v sou\u010dasnosti \u201ehlavn\u00edm protivn\u00edkem Francie\u201c. Na ot\u00e1zku, kter\u00e1 zem\u011b nebo herec p\u0159edstavuje \u201enejv\u011bt\u0161\u00ed hrozbu pro Francii\u201c, Lecornu odpov\u011bd\u011bl:<\/span><\/p>\n<p><em>&#8222;Krom\u011b teroristick\u00fdch skupin je to jednozna\u010dn\u011b Rusk\u00e1 federace.&#8220;<\/em><\/p>\n<p><span>D\u00e1le tvrdil, \u017ee Moskva je letos \u201eje\u0161t\u011b agresivn\u011bj\u0161\u00ed\u201c ne\u017e v letech 2022 a 2023, a dodal i to, co je v s\u00e1zce \u2013 toti\u017e ne o Ukrajin\u011b, ale o Africe. Rusko ohro\u017euje \u201enejen na\u0161e z\u00e1jmy v Africe, ale tak\u00e9 p\u0159\u00edmo na\u0161e ozbrojen\u00e9 s\u00edly,\u201c vysv\u011btlil Lecornu.<\/span><\/p>\n<p><span>Nen\u00ed proto divu, \u017ee francouzsk\u00fd prezident v rozporu s v\u00fdsledky voleb prosadil vl\u00e1du, kter\u00e1 pokra\u010duje v protirusk\u00e9m kurzu, nam\u00edsto vl\u00e1dy, kter\u00e1 bude kone\u010dn\u011b \u0159e\u0161it soci\u00e1ln\u00ed a ekonomick\u00e9 probl\u00e9my Francie, pro kterou voli\u010di hlasovali v r. m\u011bly parlamentn\u00ed volby.<\/span><\/p>\n<p><span>A tato vl\u00e1da okam\u017eit\u011b oznamuje, \u017ee ot\u00e1zka vysl\u00e1n\u00ed francouzsk\u00fdch jednotek na Ukrajinu je st\u00e1le aktu\u00e1ln\u00ed. Ale Pa\u0159\u00ed\u017ei nejde o Ukrajinu, ale o to, aby tam v\u00e1lka pokra\u010dovala, aby se oslabilo Rusko.<\/span><\/p>\n<p><span>Pokud je prohl\u00e1\u0161en\u00ed o mo\u017en\u00e9m vysl\u00e1n\u00ed francouzsk\u00fdch jednotek na Ukrajinu nahl\u00ed\u017eeno na pozad\u00ed skute\u010dnosti, \u017ee Pa\u0159\u00ed\u017e prohl\u00e1sila Moskvu za \u201e\u00fahlavn\u00edho nep\u0159\u00edtele\u201c, d\u00e1v\u00e1 vysl\u00e1n\u00ed francouzsk\u00fdch jednotek na Ukrajinu z pohledu francouzsk\u00e9 vl\u00e1dy smysl, i kdyby riskoval velkou v\u00e1lku v Evrop\u011b.<\/span><\/p>\n<p><span>Z pohledu francouzsk\u00e9 vl\u00e1dy by to, \u017ee se dal\u0161\u00ed zem\u011b jako Polsko nebo Pobalt\u00ed p\u0159ipojily k v\u00e1lce proti Rusku na Ukrajin\u011b, mohlo dokonce st\u00e1t c\u00edlem oslabit Rusko a donutit ho st\u00e1hnout sv\u00e9 s\u00edly z Afriky, proto\u017ee je p\u0159\u00edli\u0161 dom\u00e1c\u00ed. To by Pa\u0159\u00ed\u017ei usnadnilo znovu z\u00edskat kontrolu nad z\u00e1padn\u00ed Afrikou.<\/span><\/p>\n<p><span>Pa\u0159\u00ed\u017ei je jedno, \u017ee za francouzsk\u00e9 z\u00e1jmy by krom\u011b Ukrajinc\u016f um\u00edrali i Pol\u00e1ci a Pobalt\u00ed, proto\u017ee jak jsem \u0159ekl na za\u010d\u00e1tku, geopolitika je nemor\u00e1ln\u00ed a nem\u00e1 nic spole\u010dn\u00e9ho s \u201ehodnotami\u201c, lidsk\u00fdmi pr\u00e1vy ani demokraci\u00ed. .<\/span><\/p>\n<h3 class=\"wp-block-heading\"><span style=\"font-size: 18pt;\">Pakt Francie s teroristy<\/span><\/h3>\n<p><span>Je p\u0159\u00edhodn\u00e9, \u017ee francouzsk\u00fd list\u00a0<\/span><a href=\"https:\/\/www.lemonde.fr\/international\/article\/2024\/09\/10\/au-sahel-les-rebelles-du-nord-se-liguent-contre-les-putschistes-du-sud_6310498_3210.html\"><span>Le Monde 10. z\u00e1\u0159\u00ed informoval,<\/span><\/a><span>\u00a0\u017ee \u201esevern\u00ed rebelov\u00e9\u201c se koncem srpna shrom\u00e1\u017edili v Tin Zaouatine na hranici mezi Al\u017e\u00edrskem a Mali, aby podepsali \u201epakt o vz\u00e1jemn\u00e9 pomoci\u201c.<\/span><\/p>\n<p><span>To zahrnuje skupiny z Nigeru a Mali. Jde o malijsk\u00e9 hnut\u00ed \u201eStrategick\u00fd r\u00e1mec obrany lidu Azawadu\u201c (CSP-PDA), kter\u00e9 samo o sob\u011b nen\u00ed jednotn\u00e9 a skl\u00e1d\u00e1 se z n\u011bkolika skupin. Azawad odkazuje na oblasti na severu Mali, kter\u00e9 tuareg\u0161t\u00ed separatist\u00e9 prohla\u0161uj\u00ed za sv\u016fj vlastn\u00ed st\u00e1t. Druhou skupinou je \u201ePatriotic Liberation Front\u201c (FPL) z Nigeru.<\/span><\/p>\n<p><span>Skute\u010dnost, \u017ee Le Monde informoval o setk\u00e1n\u00ed terorist\u016f, proti kter\u00fdm Francie ned\u00e1vno ofici\u00e1ln\u011b bojovala, a to soucitn\u00fdm t\u00f3nem, sv\u011bd\u010d\u00ed o z\u00e1jmu francouzsk\u00e9 vl\u00e1dy, respektive francouzsk\u00fdch tajn\u00fdch slu\u017eeb, o to. Je velmi pravd\u011bpodobn\u00e9, \u017ee za setk\u00e1n\u00edm teroristick\u00e9 organizace st\u00e1ly francouzsk\u00e9 tajn\u00e9 slu\u017eby.<\/span><\/p>\n<p><span>To, \u017ee se setk\u00e1n\u00ed dnes ji\u017e tzv. \u201esevern\u00edch rebel\u016f\u201c konalo v Tin Zaouatine, nen\u00ed n\u00e1hoda, ale vzkaz Rusku, proto\u017ee pr\u00e1v\u011b tam byli zabiti bojovn\u00edci ze skupiny Wagner a malij\u0161t\u00ed voj\u00e1ci s ukrajinskou podporou v r. p\u0159epaden\u00ed v \u010dervenci se stalo.<\/span><\/p>\n<p><span>Zat\u00edmco Burkina Faso, Mali a Niger vytvo\u0159ily na konci roku 2023 Sahelskou alianci a zav\u00e1zaly se k boji proti d\u017eih\u00e1dismu a dal\u0161\u00edm vn\u011bj\u0161\u00edm hrozb\u00e1m, francouzsk\u00e1 m\u00e9dia pozitivn\u011b informuj\u00ed o setk\u00e1n\u00edch stejn\u00fdch terorist\u016f bojuj\u00edc\u00edch proti Sahelsk\u00e9 alianci. Zlo\u010dinem sahelsk\u00fdch st\u00e1t\u016f je, \u017ee \u201evyhnaly francouzsk\u00e9 voj\u00e1ky a vyslance, obr\u00e1tily se na nov\u00e9 partnery, v\u010detn\u011b Ruska, a zpochybnily \u0159\u00e1d chr\u00e1n\u011bn\u00fd Hospod\u00e1\u0159sk\u00fdm spole\u010denstv\u00edm z\u00e1padoafrick\u00fdch st\u00e1t\u016f (ECOWAS),\u201c\u00a0<\/span><a href=\"https:\/\/www.jeuneafrique.com\/1564632\/politique\/au-mali-les-groupes-separatistes-forment-une-nouvelle-coalition\/\"><span>napsal Le Monde v kv\u011btnu<\/span><\/a><span>\u00a0.<\/span><\/p>\n<p><span>V\u0161e je tedy op\u011bt o geopolitice. A to pro z\u00e1padn\u00ed st\u00e1ty znamen\u00e1, \u017ee mohou podporovat i teroristy, pokud se nab\u00edzej\u00ed jako u\u017eite\u010dn\u00ed idioti.<\/span><\/p>\n<h3 class=\"wp-block-heading\"><span style=\"font-size: 18pt;\">Vojensk\u00e1, ekonomick\u00e1 a medi\u00e1ln\u00ed v\u00e1lka<\/span><\/h3>\n<p><span>Francie se tak\u00e9 netaj\u00ed t\u00edm, \u017ee m\u00e1 v Africe vlastn\u00ed vojenskou strategii a \u017ee tato strategie musela b\u00fdt korigov\u00e1na po vyhn\u00e1n\u00ed francouzsk\u00fdch jednotek z Nigeru. 1. srpna se nov\u00fdm velitelem francouzsk\u00e9ho africk\u00e9ho velitelstv\u00ed stal gener\u00e1l Pascal Ianni. Pr\u00e1v\u011b v dob\u011b, kdy se po\u010det francouzsk\u00fdch voj\u00e1k\u016f v Africe sn\u00ed\u017eil po vyhn\u00e1n\u00ed francouzsk\u00fdch jednotek z n\u011bkter\u00fdch b\u00fdval\u00fdch koloni\u00ed, Francie z\u0159\u00eddila samostatn\u00e9 velen\u00ed pro Afriku a sv\u011b\u0159ilo jeho veden\u00ed mu\u017ei, kter\u00fd byl\u00a0<\/span><a href=\"https:\/\/www.lefigaro.fr\/international\/la-france-adapte-sa-presence-militaire-a-la-nouvelle-realite-au-sahel-20240723\"><span>slovy francouzsk\u00fdch novin\u00e1\u0159\u016f<\/span><\/a><span>\u00a0\u201e \u201eSpecialista na vliv a informa\u010dn\u00ed v\u00e1lku\u201c.<\/span><\/p>\n<p><span>Tak\u017ee v tuto chv\u00edli je to v\u0161echno o informa\u010dn\u00ed v\u00e1lce. Pa\u0159\u00ed\u017esk\u00e1 strategie je proto snadno pochopiteln\u00e1: na jedn\u00e9 stran\u011b francouzsk\u00e1 tajn\u00e1 slu\u017eba posiluje teroristy, aby obyvatel\u00e9 sahelsk\u00fdch zem\u00ed poc\u00edtili, \u017ee jejich vl\u00e1dy nemohou zajistit bezpe\u010dnost, zat\u00edmco kampa\u0148 nab\u00edr\u00e1 na s\u00edle. v m\u00e9di\u00edch a na soci\u00e1ln\u00edch s\u00edt\u00edch tvrd\u00ed, \u017ee Afri\u010dan\u00e9 by na tom byli l\u00e9pe, kdyby jim bezpe\u010dnost op\u011bt zajistila Francie.<\/span><\/p>\n<p><span>K tomu se p\u0159id\u00e1v\u00e1 standardn\u00ed z\u00e1padn\u00ed n\u00e1stroj sankc\u00ed, kter\u00e9 profrancouzsk\u00e9 spole\u010denstv\u00ed st\u00e1t\u016f ECOWAS uvalilo na odbojn\u00e9 sahelsk\u00e9 st\u00e1ty. Z\u00e1padn\u00ed pojet\u00ed sankc\u00ed p\u0159edpokl\u00e1d\u00e1, \u017ee funguj\u00ed podle principu \u201eneust\u00e1l\u00e9 kap\u00e1n\u00ed opot\u0159ebov\u00e1v\u00e1 k\u00e1men\u201c a \u017ee d\u0159\u00edve nebo pozd\u011bji p\u0159inesou z\u00e1padem po\u017eadovan\u00fd efekt, tedy podkopou podporu obyvatelstva pro jejich vl\u00e1du.<\/span><\/p>\n<p><span>To nikdy v historii nefungovalo, ale Z\u00e1pad na to nad\u00e1le spol\u00e9h\u00e1, \u200b\u200bproto\u017ee sankce (\u00a0<\/span><a href=\"https:\/\/anti-spiegel.ru\/2024\/russland-geht-es-mit-den-sanktionen-sogar-besser-als-vorher\/\"><span>krom\u011b Ruska<\/span><\/a><span>\u00a0) v\u017edy maj\u00ed za n\u00e1sledek v\u00fdrazn\u00e9 ekonomick\u00e9 a politick\u00e9 oslaben\u00ed protivn\u00edk\u016f.<\/span><\/p>\n<h3 class=\"wp-block-heading\"><span style=\"font-size: 18pt;\">Praktick\u00fd p\u0159\u00edklad<\/span><\/h3>\n<p><span>Pr\u00e1v\u011b popsan\u00e1 strategie se ji\u017e prov\u00e1d\u00ed. Na konci srpna do\u0161lo ve m\u011bst\u011b Barsalogho v Burkin\u011b Faso k \u00fatoku d\u017eih\u00e1dist\u016f, p\u0159i kter\u00e9m bylo povra\u017ed\u011bno mnoho civilist\u016f. OSN odhadla po\u010det ob\u011bt\u00ed na p\u0159ibli\u017en\u011b 200. D\u017eam\u00e1&#8217;at Nusrat al-Islam wal-Muslimin (JNIM), odno\u017e al-K\u00e1idy, po \u00fatoku uvedla, \u017ee zabila 300 lid\u00ed, ale \u017ee ter\u010dem byly spojeneck\u00e9 vl\u00e1dy. milice, nikoli civilist\u00e9.<\/span><\/p>\n<p><span>Nyn\u00ed p\u0159ich\u00e1z\u00ed do hry informa\u010dn\u00ed v\u00e1lka, jak na za\u010d\u00e1tku \u0159\u00edjna\u00a0<\/span><a href=\"https:\/\/edition.cnn.com\/2024\/10\/04\/africa\/burkina-faso-massacre-600-dead-french-intel-intl\/index.html\"><span>uvedla CNN<\/span><\/a><span>\u00a0s odkazem na francouzskou vl\u00e1du, \u017ee p\u0159i \u00fatoku bylo skute\u010dn\u011b zabito a\u017e 600 lid\u00ed. Nen\u00ed divu, \u017ee tato zpr\u00e1va poch\u00e1z\u00ed z Pa\u0159\u00ed\u017ee, ze v\u0161ech m\u00edst, jejich\u017e z\u00e1jmem je o\u010dkovat obyvatelstvo Burkiny Faso, \u017ee jejich vl\u00e1da nem\u016f\u017ee zajistit bezpe\u010dnost a \u017ee je k tomu zapot\u0159eb\u00ed Francouz\u016f.<\/span><\/p>\n<p><span>Samoz\u0159ejm\u011b o tom tak\u00e9 Spiegel informoval pod titulkem \u201e\u00a0<\/span><a href=\"https:\/\/www.spiegel.de\/ausland\/burkina-faso-bei-massaker-im-august-starben-offenbar-doppelt-so-viele-menschen-wie-bisher-angenommen-a-6ad4e2ca-8a1b-47f8-a167-f6880ca58a18\"><span>\u00datok d\u017eih\u00e1dist\u016f \u2013 Masakr v Burkin\u011b Faso zjevn\u011b zab\u00edj\u00ed dvakr\u00e1t tolik, ne\u017e se d\u0159\u00edve p\u0159edpokl\u00e1dalo<\/span><\/a><span>\u00a0\u201c. A samoz\u0159ejm\u011b \u010d\u00e1ste\u010dn\u00fd titulek \u010dl\u00e1nku Spiegel byl:<\/span><\/p>\n<p><em>&#8222;Expert: &#8222;Rusk\u00e1 p\u0159\u00edtomnost nepom\u00e1h\u00e1 proti islamistick\u00fdm povstalc\u016fm&#8220;<\/em><\/p>\n<p><span>V bl\u00edzk\u00e9 budoucnosti pravd\u011bpodobn\u011b p\u0159ijdou dal\u0161\u00ed \u0161patn\u00e9 zpr\u00e1vy z Afriky, kde nyn\u00ed Francie zah\u00e1jila boj o vliv, spol\u00e9h\u00e1 na teroristy a \u00fakoluje ukrajinsk\u00e9 tajn\u00e9 slu\u017eby, aby francouzsk\u00e9 tajn\u00e9 slu\u017eby v Africe nem\u011bly p\u0159\u00edmou p\u0159\u00edtomnost v boj\u00edch proti rusk\u00fdm voj\u00e1k\u016fm.<\/span><\/p>\n<p><a href=\"https:\/\/anti-spiegel.ru\/2024\/frankreich-verbuendet-sich-mit-terroristen-gegen-russland\/\">Thomas R\u00f6per<\/a><\/p>\n<p><img decoding=\"async\" loading=\"lazy\" class=\"alignnone  wp-image-22016\" src=\"http:\/\/www.infokuryr.cz\/n\/wp-content\/uploads\/2023\/01\/Thomas-Roper-298x300.jpg\" alt=\"\" width=\"182\" height=\"183\" srcset=\"https:\/\/www.infokuryr.cz\/n\/wp-content\/uploads\/2023\/01\/Thomas-Roper-298x300.jpg 298w, https:\/\/www.infokuryr.cz\/n\/wp-content\/uploads\/2023\/01\/Thomas-Roper-150x150.jpg 150w, https:\/\/www.infokuryr.cz\/n\/wp-content\/uploads\/2023\/01\/Thomas-Roper.jpg 596w\" sizes=\"(max-width: 182px) 100vw, 182px\" \/><\/p>\n<p>&nbsp;<\/p>\n","protected":false},"excerpt":{"rendered":"<p>Francie podporuje teroristy v Africe, o kter\u00fdch tvrd\u00ed, \u017ee d\u0159\u00edve bojovali, aby oslabila vl\u00e1dy africk\u00fdch&#8230;<\/p>\n","protected":false},"author":2,"featured_media":63698,"comment_status":"closed","ping_status":"closed","sticky":false,"template":"","format":"standard","meta":[],"categories":[7],"tags":[1271,130,22,1014,835],"_links":{"self":[{"href":"https:\/\/www.infokuryr.cz\/n\/wp-json\/wp\/v2\/posts\/63697"}],"collection":[{"href":"https:\/\/www.infokuryr.cz\/n\/wp-json\/wp\/v2\/posts"}],"about":[{"href":"https:\/\/www.infokuryr.cz\/n\/wp-json\/wp\/v2\/types\/post"}],"author":[{"embeddable":true,"href":"https:\/\/www.infokuryr.cz\/n\/wp-json\/wp\/v2\/users\/2"}],"replies":[{"embeddable":true,"href":"https:\/\/www.infokuryr.cz\/n\/wp-json\/wp\/v2\/comments?post=63697"}],"version-history":[{"count":0,"href":"https:\/\/www.infokuryr.cz\/n\/wp-json\/wp\/v2\/posts\/63697\/revisions"}],"wp:featuredmedia":[{"embeddable":true,"href":"https:\/\/www.infokuryr.cz\/n\/wp-json\/wp\/v2\/media\/63698"}],"wp:attachment":[{"href":"https:\/\/www.infokuryr.cz\/n\/wp-json\/wp\/v2\/media?parent=63697"}],"wp:term":[{"taxonomy":"category","embeddable":true,"href":"https:\/\/www.infokuryr.cz\/n\/wp-json\/wp\/v2\/categories?post=63697"},{"taxonomy":"post_tag","embeddable":true,"href":"https:\/\/www.infokuryr.cz\/n\/wp-json\/wp\/v2\/tags?post=63697"}],"curies":[{"name":"wp","href":"https:\/\/api.w.org\/{rel}","templated":true}]}}