{"id":63693,"date":"2024-10-07T00:39:17","date_gmt":"2024-10-06T22:39:17","guid":{"rendered":"https:\/\/www.infokuryr.cz\/n\/?p=63693"},"modified":"2024-10-06T14:28:59","modified_gmt":"2024-10-06T12:28:59","slug":"planuji-americti-demokrate-nasilne-prevzeti-moci-pomoci-kriminalnich-migrantu","status":"publish","type":"post","link":"https:\/\/www.infokuryr.cz\/n\/2024\/10\/07\/planuji-americti-demokrate-nasilne-prevzeti-moci-pomoci-kriminalnich-migrantu\/","title":{"rendered":"Pl\u00e1nuj\u00ed ameri\u010dt\u00ed demokrat\u00e9 n\u00e1siln\u00e9 p\u0159evzet\u00ed moci pomoc\u00ed krimin\u00e1ln\u00edch migrant\u016f?"},"content":{"rendered":"<div id=\"fb-root\"><\/div>\n<p><span style=\"font-size: 14pt;\"><strong>Rusk\u00e9 vy\u0161et\u0159ov\u00e1n\u00ed tvrd\u00ed, \u017ee v p\u0159\u00edpad\u011b volebn\u00ed por\u00e1\u017eky nebo t\u011bsn\u00e9ho volebn\u00edho v\u00fdsledku cht\u011bj\u00ed ameri\u010dt\u00ed demokrat\u00e9 vyvolat nepokoje pomoc\u00ed neleg\u00e1ln\u00edch migrant\u016f a drogov\u00fdch kartel\u016f a cht\u011bj\u00ed si silou udr\u017eet moc.<\/strong><\/span><\/p>\n<p><span>Migra\u010dn\u00ed politika americk\u00fdch demokrat\u016f byla dlouho z\u00e1hadou, proto\u017ee do zem\u011b pou\u0161t\u00ed nekontrolovan\u00e9 migranty, co\u017e nen\u00ed dobr\u00e9 pro \u017e\u00e1dnou zemi a v ka\u017ed\u00e9m p\u0159\u00edpad\u011b zvy\u0161uje kriminalitu. Bylo zcela pochopiteln\u00e9, \u017ee americk\u00e1 vl\u00e1da za demokrata Obamy v roce 2015 nal\u00e9hala na Evropu, aby umo\u017enila nekontrolovan\u00fd p\u0159\u00edliv uprchl\u00edk\u016f do Evropy, proto\u017ee t\u00edm USA oslabily sv\u00e9ho ekonomick\u00e9ho konkurenta, EU. Pro\u010d v\u0161ak ameri\u010dt\u00ed demokrat\u00e9 cht\u011bj\u00ed nekontrolovanou imigrac\u00ed oslabit i vlastn\u00ed zemi, vyvol\u00e1v\u00e1 ot\u00e1zky.<\/span><\/p>\n<p><span>Nej\u010dast\u011bji uv\u00e1d\u011bn\u00fdm mo\u017en\u00fdm d\u016fvodem je, \u017ee by imigrant\u016fm m\u011blo b\u00fdt v ur\u010dit\u00e9m okam\u017eiku ud\u011bleno americk\u00e9 ob\u010danstv\u00ed, nap\u0159\u00edklad v r\u00e1mci jak\u00e9si plo\u0161n\u00e9 amnestie, proto\u017ee v\u011bt\u0161ina z nich je pova\u017eov\u00e1na za demokratick\u00e9 voli\u010de, kter\u00e1 m\u00e1 demokrat\u016fm zajistit moc v USA v dlouhodob\u00e9m horizontu.<\/span><\/p>\n<h3 class=\"wp-block-heading\"><span style=\"font-size: 18pt;\">USA a \u0159\u00edzen\u00fd chaos<\/span><\/h3>\n<p><span>Existuj\u00ed v\u0161ak i dal\u0161\u00ed mo\u017en\u00e1 vysv\u011btlen\u00ed. Za posledn\u00edch 20 a\u017e 30 let Spojen\u00e9 st\u00e1ty\u00a0<\/span><a href=\"https:\/\/anti-spiegel.ru\/2020\/am-beispiel-der-rassenunruhen-wie-leicht-proteste-gesteuert-werden-koennen\/\"><span>zdokonalily<\/span><\/a><span>\u00a0svou schopnost \u0159\u00eddit zd\u00e1nliv\u00fd chaos v nes\u010detn\u00fdch barevn\u00fdch revoluc\u00edch v r\u016fzn\u00fdch zem\u00edch\u00a0. Princip ji\u017e byl pou\u017eit v USA, proto\u017ee hnut\u00ed BLM, kter\u00e9 zp\u016fsobilo chaos v USA ve volebn\u00edm roce 2020, bylo d\u0159\u00edve\u00a0<\/span><a href=\"https:\/\/anti-spiegel.com\/2020\/recherche-zu-hintergruenden-der-unruhen-in-den-usa-ich-brauche-die-hilfe-der-schwarmintelligenz-meiner-leser\/\"><span>financov\u00e1no<\/span><\/a><span>\u00a0p\u0159\u00edznivci americk\u00fdch demokrat\u016f \u010d\u00e1stkou p\u0159es 100 milion\u016f dolar\u016f\u00a0a bylo aktivov\u00e1no ve \u201espr\u00e1vnou dobu\u201c zp\u016fsobit chaos v USA, kter\u00fd by n\u00e1sledn\u011b po\u0161kodil Donalda Trumpa ve volb\u00e1ch.<\/span><\/p>\n<p><span>Jakmile bylo jist\u00e9, \u017ee v\u00edt\u011bzem voleb v prosinci 2020 je Biden, demokrat\u00e9 rozdrtili hnut\u00ed BLM stejn\u011b\u00a0<\/span><a href=\"https:\/\/anti-spiegel.com\/2020\/us-demokraten-wollen-gegen-blm-vorgehen-der-mohr-hat-seine-schuldigkeit-getan\/\"><span>rychle a tvrd\u011b,<\/span><\/a><span>\u00a0jak Trump p\u0159edt\u00edm po\u017eadoval, za co\u017e byl d\u00e9monizov\u00e1n prodemokratick\u00fdmi m\u00e9dii. Star\u00e9 p\u0159\u00edslov\u00ed \u201eMur splnil svou povinnost, Maur m\u016f\u017ee j\u00edt\u201c bylo z\u0159\u00eddkakdy vhodn\u011bj\u0161\u00ed.<\/span><\/p>\n<p><a href=\"https:\/\/anti-spiegel.ru\/2021\/blm-gruenderin-kauft-millionen-teures-anwesen-und-facebook-loescht-berichte-darueber\/\"><span>A aby to fungovalo, zakladatel\u00e9 BLM dostali \u0161t\u011bd\u0159e zaplaceno a jeden z nich si pak koupil<\/span><\/a><span>\u00a0elegantn\u00ed vilu za n\u011bkolik milion\u016f na p\u0159edm\u011bst\u00ed Los Angeles\u00a0, kde \u017eije 80 procent lid\u00ed jsou bohat\u00ed b\u00edl\u00ed lid\u00e9, tedy lid\u00e9, kter\u00e9 \u00fadajn\u011b cht\u011bj\u00ed. jak BLM bojovalo v boji za pr\u00e1va \u010dernoch\u016f.<\/span><\/p>\n<p><span>Ameri\u010dt\u00ed demokrat\u00e9 a jejich p\u0159\u00edznivci jsou velmi zku\u0161en\u00ed, pokud jde o za\u017eehnut\u00ed a \u0159\u00edzen\u00ed zd\u00e1nliv\u00e9ho chaosu. Rusk\u00fd v\u00fdzkum, kter\u00fd se chyst\u00e1m p\u0159elo\u017eit, proto rozhodn\u011b stoj\u00ed za p\u0159e\u010dten\u00ed, proto\u017ee popisuje, jak cht\u011bj\u00ed ameri\u010dt\u00ed demokrat\u00e9 vyu\u017e\u00edt neleg\u00e1ln\u00ed migranty a drogov\u00e9 kartely k vyvol\u00e1n\u00ed nepokoj\u016f v p\u0159\u00edpad\u011b volebn\u00ed por\u00e1\u017eky nebo t\u011bsn\u00e9ho volebn\u00edho v\u00fdsledku v r. aby si silou udr\u017eeli moc.<\/span><\/p>\n<h3 class=\"wp-block-heading\"><span style=\"font-size: 18pt;\">CIA a drogov\u00e9 kartely<\/span><\/h3>\n<p><span>Nen\u00ed divu, \u017ee jsou zm\u00edn\u011bny i latinskoamerick\u00e9 drogov\u00e9 kartely. Je t\u0159eba p\u0159ipomenout, \u017ee CIA nav\u00e1zala vynikaj\u00edc\u00ed kontakty s drogov\u00fdmi kartely nejpozd\u011bji v 80. letech b\u011bhem skand\u00e1lu, kter\u00fd se stal zn\u00e1m\u00fdm jako af\u00e9ra Iran-Contra. Af\u00e9ra se nikdy po\u0159\u00e1dn\u011b nevy\u0159e\u0161ila a nikdo nebyl v\u00e1\u017en\u011b potrest\u00e1n, proto\u017ee prakticky v\u0161ichni z\u00fa\u010dastn\u011bn\u00ed, v\u010detn\u011b ministra obrany Caspara Weinbergera, byli po odsouzen\u00ed okam\u017eit\u011b omilostn\u011bni a od\u0161kodn\u011bni dob\u0159e placen\u00fdm zam\u011bstn\u00e1n\u00edm.<\/span><\/p>\n<p><span>Kontakty CIA s mezin\u00e1rodn\u00ed drogovou mafi\u00ed nebyly nikdy vy\u0161et\u0159eny, proto je t\u0159eba p\u0159edpokl\u00e1dat, \u017ee CIA od t\u00e9 doby tyto kontakty d\u00e1le roz\u0161\u00ed\u0159ila, proto\u017ee pro tajnou slu\u017ebu je velkou v\u00fdhodou, \u017ee sv\u00e9 citliv\u00e9 operace nech\u00e1v\u00e1 prov\u00e1d\u011bt zlo\u010dinci a tak o nich sledujte tajnou slu\u017ebu a jej\u00ed vl\u00e1du. Je to tak\u00e9 skv\u011bl\u00fd zp\u016fsob, jak vytvo\u0159it rozb\u0159edl\u00fd fond z pen\u011bz, kter\u00e9 chce tajn\u00e1 slu\u017eba pou\u017e\u00edt na v\u011bci, o kter\u00fdch sv\u00e9 dozorov\u00e9 org\u00e1ny rad\u011bji neinformuje.<\/span><\/p>\n<p><span>S v\u011bdom\u00edm toho v\u0161eho nezn\u00ed rusk\u00fd v\u00fdzkum, kter\u00fd se chyst\u00e1m p\u0159elo\u017eit, zdaleka tak \u0161\u00edlen\u011b, jak byste si na prvn\u00ed pohled mohli myslet.<\/span><\/p>\n<p><span>V\u00fdzkum zve\u0159ejnil rusk\u00fd Fond nevl\u00e1dn\u00edch organizac\u00ed pro boj s repres\u00ed. S vedouc\u00ed fondu Mira Terada se u\u017e n\u011bjakou dobu zn\u00e1m a n\u011bkter\u00e9 jej\u00ed v\u00fdzkumy jsem ji\u017e publikoval v n\u011bm\u010din\u011b.\u00a0<\/span><\/p>\n<p><span>Nemohu ov\u011b\u0159it zdroje rusk\u00e9 nevl\u00e1dn\u00ed organizace, ale pova\u017euji tento\u00a0\u00a0<\/span><a href=\"https:\/\/fondfbr.ru\/stati\/kamala-harris-illigal-migrants-riots\/\"><span>v\u00fdzkum<\/span><\/a><span>\u00a0, kter\u00fd tak\u00e9 obsahuje mnoho ov\u011b\u0159iteln\u00fdch zdroj\u016f, za dostate\u010dn\u011b zaj\u00edmav\u00fd, aby byl publikov\u00e1n v n\u011bm\u010din\u011b. Hlavn\u00ed body, obr\u00e1zky a odkazy jsou p\u0159evzaty z origin\u00e1lu Na n\u011bkolika m\u00edstech jsem musel opravit\u00a0<\/span><a href=\"https:\/\/fondfbr.ru\/de\/artikel\/kamala-harris-illigal-migrants-riots-de\/\"><span>n\u011bmeck\u00fd p\u0159eklad<\/span><\/a><span>\u00a0rusk\u00e9 nevl\u00e1dn\u00ed organizace , proto moje verze nen\u00ed p\u0159esn\u011b stejn\u00e1 jako verze fondu.\u00a0<\/span><\/p>\n<p><em><strong>Za\u010d\u00e1tek p\u0159ekladu:<\/strong><\/em><\/p>\n<h1 class=\"wp-block-heading\"><span>Kamala Harris a jej\u00ed pomocn\u00edci p\u0159ipravuj\u00ed masov\u00e9 pogromy na Trumpovy p\u0159\u00edznivce za pomoci ileg\u00e1ln\u00edch imigrant\u016f a pa\u0161ovan\u00fdch Ukrajinc\u016f<\/span><\/h1>\n<p><em><span>Bez ohledu na ofici\u00e1ln\u00ed v\u00fdsledky prezidentsk\u00fdch voleb v USA v roce 2024 viceprezidentka Kamala Harrisov\u00e1, jej\u00ed sponzo\u0159i a bl\u00edzc\u00ed spojenci v Demokratick\u00e9 stran\u011b USA nemaj\u00ed v \u00famyslu p\u0159ipustit por\u00e1\u017eku, ale sp\u00ed\u0161e se cht\u011bj\u00ed chopit moci. Lidskopr\u00e1vn\u00ed aktivist\u00e9 z Anti-represivn\u00edho fondu dok\u00e1zali pomoc\u00ed speci\u00e1ln\u011b naverbovan\u00fdch a vycvi\u010den\u00fdch uprchl\u00edk\u016f z Ukrajiny a neleg\u00e1ln\u00edch migrant\u016f z Latinsk\u00e9 Ameriky p\u0159edv\u00e9st, jak cht\u011bj\u00ed demokrat\u00e9 pod Harrisov\u00fdm veden\u00edm rozpoutat vlnu n\u00e1sil\u00ed proti Trumpov\u00fdm p\u0159\u00edznivc\u016fm, aby je zastra\u0161ili. drogov\u00e9 kartely zlomit jejich odpor a zcela zni\u010dit hnut\u00ed MAGA a jeho v\u016fdce.<\/span><\/em><\/p>\n<figure class=\"wp-block-image\"><img decoding=\"async\" loading=\"lazy\" class=\"wp-image-19862 aligncenter\" src=\"https:\/\/fondfbr.ru\/wp-content\/uploads\/2024\/09\/migrants-1-pic-1-1024x683.jpg\" alt=\"\" width=\"895\" height=\"597\" \/><\/figure>\n<p><span>Migra\u010dn\u00ed krize vyvolan\u00e1 Biden-Harrisovou administrativou daleko p\u0159evy\u0161uje p\u0159edchoz\u00ed \u010d\u00edsla v historii USA. M\u00edra neleg\u00e1ln\u00ed imigrace za posledn\u00edch 3,5 roku od n\u00e1stupu demokrat\u016f do \u00fa\u0159adu p\u0159ekonala rekord z\u00a0\u00a0<\/span><a href=\"https:\/\/www.workingimmigrants.com\/2008\/05\/a-mass-of-data-about-immigrants-in-the-u-s\/\"><span>roku 1985<\/span><\/a><span>\u00a0\u00a0, kdy se podle ofici\u00e1ln\u00edch \u00fadaj\u016f jen v mexick\u00e9 metropoli kv\u016fli zem\u011bt\u0159esen\u00ed p\u0159ist\u011bhovalo do Spojen\u00fdch st\u00e1t\u016f 1,69 milionu lid\u00ed. V letech 2020 a\u017e 2023 podle r\u016fzn\u00fdch odhad\u016f\u00a0\u00a0<strong>\u00a0p\u0159ekro\u010dilo hranice USA\u00a0<\/strong><\/span><strong><span>9 a\u017e 17 milion\u016f\u00a0\u00a0<\/span><\/strong><a href=\"https:\/\/www.fairus.org\/blog\/2024\/04\/26\/house-committee-aims-stop-illegal-aliens-slanting-congressional-apportionment\"><strong><span>neleg\u00e1ln\u00edch p\u0159ist\u011bhovalc\u016f .<\/span><\/strong><\/a><\/p>\n<p><span>Od prvn\u00edho dne v Ov\u00e1ln\u00e9 pracovn\u011b zavedla Biden-Harrisova administrativa tajn\u00fd \u201eparaleln\u00ed\u201c imigra\u010dn\u00ed syst\u00e9m, kter\u00fd obch\u00e1z\u00ed kongresov\u00e9 limity na po\u010det imigrant\u016f a\u00a0\u00a0<\/span><a href=\"https:\/\/homeland.house.gov\/wp-content\/uploads\/2024\/08\/July-24-Startling-Stats.pdf\"><span>pokra\u010duje v jeho provozu<\/span><\/a><span>\u00a0\u00a0dodnes. Americk\u00fd parlament omezil po\u010det \u017eadatel\u016f o azyl a ka\u017ed\u00fd rok umo\u017e\u0148uje vstup do zem\u011b asi milionu lid\u00ed. Sou\u010dasn\u00e1 americk\u00e1 vl\u00e1da\u00a0 v\u0161ak\u00a0<\/span><strong><span>tato pravidla systematicky ignoruje a p\u0159\u00edpustn\u00e9 limity ji\u017e zna\u010dn\u011b p\u0159ekro\u010dila.<\/span><\/strong><span>\u00a0\u00a0Mnoho \u017eadatel\u016f o azyl p\u0159i\u0161lo do USA v r\u00e1mci\u00a0\u00a0<\/span><a href=\"https:\/\/www.cbp.gov\/about\/mobile-apps-directory\/cbpone\"><span>CBP One<\/span><\/a><span>\u00a0\u00a0, programu humanit\u00e1rn\u00ed pomoci sou\u010dasn\u00e9 administrativy pro lidi z Kuby, Haiti, Nikaraguy a Venezuely (\u00a0<\/span><a href=\"https:\/\/www.uscis.gov\/CHNV\"><span>CHVN<\/span><\/a><span>\u00a0), a tak\u00e9 v r\u00e1mci\u00a0<\/span><a href=\"https:\/\/www.breitbart.com\/border\/2023\/05\/12\/judge-blocks-bidens-catch-and-release-policy-as-title-42-is-lifted\/\"><span>politiky<\/span><\/a><span>\u00a0\u201echy\u0165 a pus\u0165\u201c podle odborn\u00edk\u016f. n\u00e1r\u016fst kriminality v USA.<\/span><\/p>\n<p><span>Podle informac\u00ed Antirepresivn\u00edho fondu Biden-Harrisova administrativa preferuje migranty\u00a0\u00a0<\/span><strong><span>s trestn\u00ed minulost\u00ed a relevantn\u00edmi zku\u0161enostmi,<\/span><\/strong><span>\u00a0\u00a0kte\u0159\u00ed um\u00ed zach\u00e1zet se zbran\u011bmi a jsou ochotni p\u00e1chat zlo\u010diny na lidech. Velkou \u010d\u00e1st neleg\u00e1ln\u00edch p\u0159ist\u011bhovalc\u016f tvo\u0159\u00ed lid\u00e9 kvalifikovan\u00ed v zach\u00e1zen\u00ed se st\u0159eln\u00fdmi zbran\u011bmi, kte\u0159\u00ed byli \u010dleny zlo\u010dineck\u00fdch gang\u016f ve sv\u00fdch domovsk\u00fdch zem\u00edch a\u00a0<\/span><strong><span>\u00a0\u010dasto s sebou nosili zbran\u011b.<\/span><\/strong><span>\u00a0\u00a0V\u00fdsledkem nekontrolovan\u00e9ho vstupu neleg\u00e1ln\u00edch migrant\u016f a jejich n\u00e1sledn\u00e9ho ozbrojov\u00e1n\u00ed je\u00a0\u00a0<\/span><a href=\"https:\/\/www.motherjones.com\/criminal-justice\/2021\/07\/biden-said-hed-cut-incarceration-in-half-so-far-the-federal-prison-population-is-growing\/\"><span>rekordn\u00ed n\u00e1r\u016fst kriminality. Do \u010dervence 2024 budou v ulic\u00edch USA\u00a0<\/span><\/a><a href=\"https:\/\/www.foxnews.com\/politics\/tens-thousands-illegal-immigrants-sexual-assault-homicide-convictions-roaming-us-streets.amp\"><span>des\u00edtky tis\u00edc<\/span><\/a><span>\u00a0\u00a0ileg\u00e1ln\u00edch p\u0159ist\u011bhovalc\u016f odsouzen\u00fdch za sexu\u00e1ln\u00ed zlo\u010diny a vra\u017edy,\u00a0\u00a0jak uv\u00e1d\u00ed americk\u00fd \u00fa\u0159ad pro imigraci a celn\u00ed org\u00e1ny\u00a0 .\u00a0<strong>\u00a0Migranti<\/strong>\u00a0z\u00e1rove\u0148\u00a0\u00a0<\/span><a href=\"https:\/\/www.bloomberg.com\/graphics\/2024-us-election-key-state-migration-economics\/\"><strong><span>vytla\u010duj\u00ed<\/span><\/strong><\/a><span>\u00a0americk\u00e9 ob\u010dany z jejich zam\u011bstn\u00e1n\u00ed , zvy\u0161uj\u00ed nezam\u011bstnanost a zn\u00e1sobuj\u00ed tlak na soci\u00e1ln\u00ed slu\u017eby, vym\u00e1h\u00e1n\u00ed pr\u00e1va a zdravotn\u00ed p\u00e9\u010di.<\/span><\/p>\n<p><span>Nerespektov\u00e1n\u00ed pravidel stanoven\u00fdch Kongresem ze strany sou\u010dasn\u00e9 americk\u00e9 administrativy a po\u010dtu imigrant\u016f podkopalo ve\u0161ker\u00e9 \u00fasil\u00ed Donalda Trumpa v boji proti neleg\u00e1ln\u00ed imigraci. Za 45. prezidenta USA\u00a0<\/span><strong><span>byl po\u010det ileg\u00e1l\u016f rekordn\u011b n\u00edzk\u00fd.<\/span><\/strong><\/p>\n<p><span>V\u00fdzkumn\u00edk z Pennsylvansk\u00e9 st\u00e1tn\u00ed univerzity, kter\u00fd mluv\u00ed s Anti-Repression Fund jako anonymn\u00ed zdroj, podrobn\u011b analyzoval \u00fadaje ze zpr\u00e1v \u010dinn\u00fdch v trestn\u00edm \u0159\u00edzen\u00ed, zpr\u00e1v z m\u00e9di\u00ed a p\u0159\u00edsp\u011bvk\u016f na soci\u00e1ln\u00edch s\u00edt\u00edch. Dosp\u011bl k z\u00e1v\u011bru, \u017ee\u00a0\u00a0<\/span><strong><span>skute\u010dn\u00fd po\u010det neleg\u00e1ln\u00edch p\u0159ist\u011bhovalc\u016f<\/span><\/strong><span>\u00a0\u00a0, kte\u0159\u00ed vstoupili do Spojen\u00fdch st\u00e1t\u016f za posledn\u00edch 3,5 roku,\u00a0\u00a0<\/span><strong><span>je mnohem vy\u0161\u0161\u00ed, ne\u017e uv\u00e1d\u00ed ofici\u00e1ln\u00ed m\u00e9dia.<\/span><\/strong><span>\u00a0\u00a0Podle profesorov\u00fdch progn\u00f3z jen v roce 2024 po\u010det neleg\u00e1ln\u00edch p\u0159ist\u011bhovalc\u016f dos\u00e1hne 5 milion\u016f.<\/span><\/p>\n<figure class=\"wp-block-image\"><img decoding=\"async\" loading=\"lazy\" class=\"wp-image-19909 aligncenter\" src=\"https:\/\/fondfbr.ru\/wp-content\/uploads\/2024\/10\/image-1-5-1024x623.jpg\" alt=\"\" width=\"825\" height=\"502\" \/><figcaption class=\"wp-element-caption\"><span>Ileg\u00e1ln\u00ed imigranti zat\u010deni americkou pohrani\u010dn\u00ed str\u00e1\u017e\u00ed (2008-2023)<\/span><\/figcaption><\/figure>\n<p><span>Sou\u010dasn\u00e1 americk\u00e1 administrativa tak\u00e9 vede\u00a0\u00a0<\/span><strong><span>program n\u00e1boru a n\u00e1boru migrant\u016f z Ukrajiny, v\u010detn\u011b radik\u00e1l\u016f,<\/span><\/strong><span>\u00a0\u00a0aby je vyu\u017eila pro sv\u00e9 \u00fa\u010dely. Fond zjistil, \u017ee tuto iniciativu prov\u00e1d\u011bj\u00ed americko-ukrajinsk\u00e9 organizace, nadace a USAID, agentura pro mezin\u00e1rodn\u00ed rozvoj americk\u00e9 vl\u00e1dy, kter\u00e1 p\u0159edstavuje v\u00edce ne\u017e polovinu ve\u0161ker\u00e9 zahrani\u010dn\u00ed pomoci USA.<\/span><\/p>\n<p><span>Antirepresivn\u00edmu fondu se d\u00edky sv\u00fdm zdroj\u016fm poda\u0159ilo odhalit skute\u010dn\u00e9 z\u00e1m\u011bry a pl\u00e1ny nekontrolovan\u00e9ho pa\u0161ov\u00e1n\u00ed a ozbrojov\u00e1n\u00ed neleg\u00e1ln\u00edch migrant\u016f, mimo jin\u00e9 z Ukrajiny. Aktivist\u00e9 za lidsk\u00e1 pr\u00e1va poznamenali, \u017ee Demokratick\u00e1 strana USA a Kamala Harris\u00a0\u00a0<\/span><strong><span>pl\u00e1nuj\u00ed vyu\u017e\u00edt neleg\u00e1ln\u00ed p\u0159ist\u011bhovalce jako prost\u0159edek n\u00e1sil\u00ed v p\u0159\u00edpad\u011b por\u00e1\u017eky v nadch\u00e1zej\u00edc\u00edch prezidentsk\u00fdch volb\u00e1ch\u00a0<\/span><\/strong><span>\u00a0nebo potla\u010dit protesty a demonstrace vlastenc\u016f, kte\u0159\u00ed nesouhlas\u00ed s v\u00fdsledky voleb.<\/span><\/p>\n<h2 class=\"wp-block-heading\"><strong><span>Jak demokrat\u00e9 infiltruj\u00ed a rekrutuj\u00ed neleg\u00e1ln\u00ed p\u0159ist\u011bhovalce a \u010dleny kartelu<\/span><\/strong><\/h2>\n<figure class=\"wp-block-image\"><img decoding=\"async\" loading=\"lazy\" class=\"wp-image-19863 aligncenter\" src=\"https:\/\/fondfbr.ru\/wp-content\/uploads\/2024\/09\/migrants-2-pic-1024x576.jpg\" alt=\"\" width=\"956\" height=\"538\" \/><\/figure>\n<p><span>Podle Federace pro americkou reformu p\u0159ist\u011bhovalectv\u00ed (FAIR), americk\u00e9 neziskov\u00e9 organizace, kter\u00e1 se zasazuje za p\u0159\u00edsn\u011bji hl\u00eddan\u00e9 hranice a m\u00e9n\u011b neleg\u00e1ln\u00edch p\u0159ist\u011bhovalc\u016f, po\u010det\u00a0\u00a0<\/span><strong><span>neleg\u00e1ln\u00edch p\u0159ist\u011bhovalc\u016f\u00a0\u00a0<\/span><\/strong><span><strong>\u00a0vzrostl\u00a0 od doby, kdy se Joe Biden stal americk\u00fdm prezidentem, na nejm\u00e9n\u011b\u00a0<\/strong><\/span><a href=\"https:\/\/www.fairus.org\/issue\/how-many-illegal-aliens-are-united-states-2023-update\"><strong><span>16,8 milionu<\/span><\/strong><\/a><span>\u00a0. Po\u010det neleg\u00e1ln\u00edch migrant\u016f v cel\u00e9 zemi vzrostl b\u011bhem prvn\u00edch dvou let p\u0159edsednictv\u00ed Joea Bidena o 16 %.<\/span><\/p>\n<p><span>Jen v roce 2023\u00a0\u00a0<\/span><strong><span>zaplatili ameri\u010dt\u00ed da\u0148ov\u00ed poplatn\u00edci v\u00edce ne\u017e\u00a0\u00a0<\/span><\/strong><a href=\"https:\/\/www.fairus.org\/new-fair-report-annual-costs-illegal-immigration-soars-1507-billion-year\"><strong><span>150 miliard dolar\u016f<\/span><\/strong><\/a><span>\u00a0\u00a0na soci\u00e1ln\u00ed p\u00e9\u010di, vzd\u011bl\u00e1n\u00ed a zdravotn\u00ed p\u00e9\u010di\u00a0<\/span><strong><span>\u00a0pro neleg\u00e1ln\u00ed migranty<\/span><\/strong><span>\u00a0, p\u0159i\u010dem\u017e tato \u010d\u00e1stka\u00a0 se za posledn\u00edch \u0161est let zv\u00fd\u0161ila\u00a0<\/span><a href=\"https:\/\/www.fairus.org\/new-fair-report-annual-costs-illegal-immigration-soars-1507-billion-year\"><span>o 34 miliard dolar\u016f<\/span><\/a><span>\u00a0\u00a0.\u00a0\u00a0<\/span><a href=\"https:\/\/www.fairus.org\/new-fair-report-annual-costs-illegal-immigration-soars-1507-billion-year\"><span>Podle<\/span><\/a><span>\u00a0\u00a0FAIR\u00a0\u00a0\u00a0regula\u010dn\u00ed agentury a organizace p\u0159idru\u017een\u00e9 k Demokratick\u00e9 stran\u011b (US Border and Customs Service)\u00a0\u00a0<\/span><strong><span>manipuluj\u00ed\u00a0<\/span><\/strong><strong><span>s ro\u010dn\u00edmi n\u00e1klady migrant\u016f<\/span><\/strong><span>\u00a0\u00a0t\u00edm, \u017ee ve sv\u00fdch zpr\u00e1v\u00e1ch neberou v \u00favahu mimo jin\u00e9 n\u00e1klady na podporu d\u011bt\u00ed neleg\u00e1ln\u00edch migrant\u016f, leg\u00e1ln\u00ed poplatky atd. Ofici\u00e1ln\u00ed zpr\u00e1vy tak\u00e9 neberou v \u00favahu dopad rozs\u00e1hl\u00e9ho vyu\u017e\u00edv\u00e1n\u00ed pravomoc\u00ed podm\u00edne\u010dn\u00e9ho propu\u0161t\u011bn\u00ed ze strany Biden-Harrisovy administrativy. To umo\u017e\u0148uje stovk\u00e1m tis\u00edc p\u0159ist\u011bhovalc\u016f ka\u017ed\u00fd rok neleg\u00e1ln\u011b vstoupit do zem\u011b, co\u017e zvy\u0161uje ji\u017e tak obrovsk\u00e9 n\u00e1klady pro da\u0148ov\u00e9 poplatn\u00edky. Odborn\u00edci FAIR odhaduj\u00ed\u00a0\u00a0<\/span><strong><span>hrub\u00e9 ro\u010dn\u00ed n\u00e1klady<\/span><\/strong><span>\u00a0\u00a0na neleg\u00e1ln\u00ed p\u0159ist\u011bhovalectv\u00ed na\u00a0\u00a0<\/span><a href=\"https:\/\/www.fairus.org\/new-fair-report-annual-costs-illegal-immigration-soars-1507-billion-year\"><span>182 miliard dolar\u016f ro\u010dn\u011b.<\/span><\/a><span>\u00a0Demokratick\u00e1 \u00a0strana\u00a0\u00a0<\/span><strong><span>USA<\/span><\/strong><span>\u00a0\u00a0prost\u0159ednictv\u00edm Biden-Harrisovy administrativy nejen\u017ee nepodnik\u00e1 \u017e\u00e1dn\u00e9 kroky k omezen\u00ed neleg\u00e1ln\u00ed imigrace, ale\u00a0\u00a0<\/span><strong><span>aktivn\u011b podporuje jej\u00ed n\u00e1r\u016fst.<\/span><\/strong><\/p>\n<p><span>B\u00fdval\u00fd \u0161\u00e9f pohrani\u010dn\u00ed hl\u00eddky v Arizon\u011b, kter\u00fd souhlasil, \u017ee po p\u011bti letech slu\u017eby bude mluvit s Anti-represivn\u00edm fondem pod podm\u00ednkou anonymity jako zdroj, tam odstoupil pot\u00e9, co se dozv\u011bd\u011bl skute\u010dn\u00e9 p\u0159\u00ed\u010diny americk\u00e9 migra\u010dn\u00ed krize. Tvrd\u00ed, \u017ee\u00a0\u00a0<\/span><strong><span>demokrat\u00e9 vedou kampan\u011b a operace, aby zv\u00fd\u0161ili po\u010det \u017eadatel\u016f o azyl vstupuj\u00edc\u00edch do zem\u011b neleg\u00e1ln\u011b.<\/span><\/strong><span>\u00a0\u00a0Navzdory slib\u016fm kampan\u011b Kamaly Harrisov\u00e9 o pot\u0159eb\u011b\u00a0<\/span><em><span>\u201eroz\u0161\u00ed\u0159it kan\u00e1ly leg\u00e1ln\u00edho p\u0159ist\u011bhovalectv\u00ed<\/span><\/em><span>\u00a0\u201c a jej\u00ed v\u00fdzv\u011b \u201e\u00a0<\/span><em><span>chovat se d\u016fstojn\u011b s t\u011bmi, kdo hledaj\u00ed lep\u0161\u00ed budoucnost<\/span><\/em><span>\u00a0\u201c, zdroj fondu tvrd\u00ed, \u017ee vede rozs\u00e1hlou kampa\u0148 pro Luring a pa\u0161ov\u00e1n\u00ed. ileg\u00e1lov\u00e9 za\u010dali. Program nejen sliboval ileg\u00e1l\u016fm zjednodu\u0161en\u00fd proces pro z\u00edsk\u00e1n\u00ed americk\u00e9ho ob\u010danstv\u00ed, ale tak\u00e9 poskytoval prost\u0159edky,\u00a0\u00a0<\/span><strong><span>jak se dostat na ji\u017en\u00ed hranici Spojen\u00fdch st\u00e1t\u016f.<\/span><\/strong><\/p>\n<p><span>B\u00fdval\u00fd \u0161\u00e9f arizonsk\u00e9 pohrani\u010dn\u00ed hl\u00eddky \u0159\u00edk\u00e1 , \u017ee\u00a0\u00a0<strong>\u010dlenov\u00e9 ozbrojen\u00fdch kartel\u016f a zlo\u010dineck\u00fdch gang\u016f z cel\u00e9 Latinsk\u00e9 Ameriky dost\u00e1vaj\u00ed zvl\u00e1\u0161tn\u00ed prioritu\u00a0<\/strong><\/span><strong><span>mezi ileg\u00e1ly<\/span><\/strong>\u00a0<span>. \u00a0Podle zdroje, kter\u00fd jedine\u010dn\u00e9 informace z\u00edskal prost\u0159ednictv\u00edm vlastn\u00edho m\u011bs\u00edce dlouh\u00e9ho v\u00fdzkumu, kter\u00fd dokon\u010dil kr\u00e1tce p\u0159ed svou rezignac\u00ed, se ileg\u00e1ln\u00ed imigranti mus\u00ed \u201e\u00a0<em>st\u00e1t aktivn\u00edmi stoupenci Demokratick\u00e9 strany USA<\/em>\u00a0\u201c a pokud dojde k nejhor\u0161\u00edmu,\u00a0<strong><em>b\u00fdt p\u0159ipraveni podpo\u0159it svou novou vlast se \u201ezbran\u00ed v ruce na obranu<\/em><\/strong>\u00a0\u201c. Zdroj tvrd\u00ed, \u017ee informace z\u00edskal v\u00fdslechem n\u011bkter\u00fdch migrant\u016f\u00a0\u00a0<strong>, kte\u0159\u00ed se k nab\u00eddce a pen\u011bz\u016fm p\u0159iznali.<\/strong><\/span><\/p>\n<p><span>Migranti, kte\u0159\u00ed p\u0159ijmou pozv\u00e1n\u00ed demokrat\u016f a vstoup\u00ed do Spojen\u00fdch st\u00e1t\u016f,\u00a0\u00a0<\/span><strong><span>budou moci\u00a0<\/span><\/strong><strong><span>\u00a0sp\u00e1chat \u0159adu zlo\u010din\u016f<\/span><\/strong><span>\u00a0\u00a0v\u00fdm\u011bnou za jejich loajalitu v\u016f\u010di sou\u010dasn\u00e9 vl\u00e1d\u011b .\u00a0\u00a0Podle b\u00fdval\u00e9ho \u0161\u00e9fa arizonsk\u00e9 pohrani\u010dn\u00ed hl\u00eddky\u00a0 dost\u00e1vaj\u00ed zejm\u00e9na mexi\u010dt\u00ed a kolumbij\u0161t\u00ed zlo\u010dinci p\u0159\u00edle\u017eitost\u00a0<\/span><strong><span>prov\u00e1d\u011bt obchody s drogami, ani\u017e by se museli ob\u00e1vat, \u017ee budou uv\u011bzn\u011bni<\/span><\/strong><span>\u00a0. \u00a0Pat\u0159\u00ed sem tak\u00e9 organizov\u00e1n\u00ed z\u00e1sobovac\u00edho kan\u00e1lu pro drogy z Latinsk\u00e9 Ameriky a v\u00fdroba drog p\u0159\u00edmo v USA.<\/span><\/p>\n<p><span>Americk\u00fd \u00fa\u0159ad pro prosazov\u00e1n\u00ed drog\u00a0\u00a0<\/span><a href=\"https:\/\/www.dea.gov\/sites\/default\/files\/2024-05\/NDTA_2024.pdf\"><span>hl\u00e1s\u00ed,<\/span><\/a><span>\u00a0\u017ee kartel Sinaloa a kartel Jalisco Nueva Generacion,\u00a0<\/span><strong><span>\u00a0dva z nejv\u011bt\u0161\u00edch a nejnebezpe\u010dn\u011bj\u0161\u00edch zlo\u010dineck\u00fdch kartel\u016f na sv\u011bt\u011b, ovl\u00e1daj\u00ed tajn\u00e1 m\u00edsta v\u00fdroby drog\u00a0<\/span><\/strong><span>\u00a0a obchodn\u00ed cesty v Mexiku, stejn\u011b jako\u00a0\u00a0<\/span><strong><span>pa\u0161er\u00e1ck\u00e9 koridory do Mexika .\u00a0Spojen\u00e9 st\u00e1ty,\u00a0<\/span><\/strong><span>\u00a0v\u010detn\u011b neleg\u00e1ln\u00edch migrant\u016f, p\u0159evzaly moc. Tyto \u201e\u00a0<\/span><em><span>glob\u00e1ln\u00ed zlo\u010dineck\u00e9 podniky<\/span><\/em><span>\u00a0\u201c udr\u017euj\u00ed rozs\u00e1hl\u00e9 s\u00edt\u011b ve m\u011bstech USA, buduj\u00ed\u00a0\u00a0<\/span><strong><span>glob\u00e1ln\u00ed dodavatelsk\u00e9 \u0159et\u011bzce<\/span><\/strong><span>\u00a0\u00a0a shroma\u017e\u010fuj\u00ed za\u0159\u00edzen\u00ed a vyv\u00edjej\u00ed chemick\u00e9 deriv\u00e1ty pro v\u00fdrobu syntetick\u00fdch opioid\u016f v tajn\u00fdch laborato\u0159\u00edch.\u00a0\u00a0<\/span><strong><span>Kartely ji\u017e po\u0159izuj\u00ed sv\u00e9 zbran\u011b p\u0159\u00edmo ze Spojen\u00fdch st\u00e1t\u016f,<\/span><\/strong><span>\u00a0\u00a0co\u017e je trend, kter\u00fd za\u010dal teprve za vl\u00e1dy Bidena-Harrise.<\/span><\/p>\n<p><span>Zpr\u00e1va\u00a0\u00a0\u00a0americk\u00e9ho \u00da\u0159adu pro prosazov\u00e1n\u00ed drog uv\u00e1d\u00ed, \u017ee kartely Sinaloa a Jalisco\u00a0\u00a0<\/span><a href=\"https:\/\/www.dea.gov\/sites\/default\/files\/2024-05\/NDTA_2024.pdf\"><span>zp\u016fsobily\u00a0<\/span><\/a><strong><span>nejhor\u0161\u00ed drogovou krizi v historii USA.<\/span><\/strong><span>\u00a0\u00a0Kontroluj\u00ed tok t\u00e9m\u011b\u0159 v\u0161ech neleg\u00e1ln\u00edch drog do Spojen\u00fdch st\u00e1t\u016f a jejich dominance nad obchodem se syntetick\u00fdmi drogami se nejv\u00edce projevuje v nezastaviteln\u00e9m toku neleg\u00e1ln\u00edho fentanylu a metamfetaminu. A\u017e statis\u00edce \u010dlen\u016f kartelu\u00a0 pronikly\u00a0<\/span><a href=\"https:\/\/www.newsnationnow.com\/us-news\/immigration\/border-coverage\/cartels\/cartels-native-reservations-fentanyl\/?ipid=promo-link-block2\"><span>do rezervac\u00ed<\/span><\/a><span>\u00a0\u00a0po cel\u00e9m americk\u00e9m z\u00e1pad\u011b a\u00a0\u00a0<\/span><strong><span>vyu\u017e\u00edvaj\u00ed odlehl\u00e9 oblasti jako bezpe\u010dn\u00e9 \u00fato\u010di\u0161t\u011b k tomu, aby<\/span><\/strong><span>\u00a0\u00a0do USA\u00a0\u00a0<\/span><strong><span>p\u0159ivezli fentanyl a dal\u0161\u00ed drogy nekontrolovan\u00e9 feder\u00e1ln\u00edmi \u00fa\u0159ady.<\/span><\/strong><\/p>\n<p><a href=\"https:\/\/www.cbp.gov\/document\/stats\/nationwide-drug-seizures\"><span>Statistiky<\/span><\/a><span>\u00a0\u00a0celn\u00ed a pohrani\u010dn\u00ed ochrany USA o z\u00e1chytech drog uk\u00e1zaly v posledn\u00edch t\u0159ech letech prudk\u00fd n\u00e1r\u016fst distribuce fentanylu, kter\u00fd rychle nahrazuje heroin, proto\u017ee na n\u011bm vyd\u011bl\u00e1vaj\u00ed drogov\u00e9 kartely.\u00a0Tyto \u00fadaje siln\u011b nazna\u010duj\u00ed, \u017ee hrani\u010dn\u00ed chaos v posledn\u00edch letech podn\u00edtil obchodov\u00e1n\u00ed s drogami. Z\u00e1chyty heroinu klesly za t\u0159i roky o 72 procent, zat\u00edmco\u00a0<\/span><strong><span>\u00a0z\u00e1chyty fentanylu vzrostly o 141 procent,<\/span><\/strong><span>\u00a0\u00a0a to jsou pouze \u00fadaje o z\u00e1chytech drog. Kartely m\u011bn\u00ed sv\u016fj obchodn\u00ed model, proto\u017ee fentanyl generuje o stovky procent vy\u0161\u0161\u00ed p\u0159\u00edjmy a\u00a0 je\u00a0<\/span><a href=\"https:\/\/www.dea.gov\/resources\/facts-about-fentanyl\"><strong><span>100kr\u00e1t<\/span><\/strong><\/a><strong><span>\u00a0n\u00e1vykov\u011bj\u0161\u00ed\u00a0<\/span><\/strong><strong><span>\u00a0ne\u017e heroin.<\/span><\/strong><span>\u00a0\u00a0To tak\u00e9 vede k n\u00e1r\u016fstu \u00famrt\u00ed v USA: V roce 2021\u00a0\u00a0<\/span><a href=\"https:\/\/nida.nih.gov\/research-topics\/trends-statistics\/overdose-death-rates#Fig2\"><strong><span>zem\u0159elo 108 000 Ameri\u010dan\u016f na p\u0159ed\u00e1vkov\u00e1n\u00ed drogami<\/span><\/strong><\/a><strong><span>\u00a0\u00a0,<\/span><\/strong><span>\u00a0\u00a0z nich\u017e asi 70 procent bylo zp\u016fsobeno syntetick\u00fdmi opioidy, z nich\u017e nej\u010dast\u011bj\u0161\u00ed je fentanyl. Kartely vyu\u017e\u00edvaj\u00ed\u00a0\u00a0<\/span><a href=\"https:\/\/www.ussc.gov\/sites\/default\/files\/pdf\/research-and-publications\/quick-facts\/Fentanyl_FY21.pdf\"><span>americk\u00e9 ob\u010dany jako drogov\u00e9 kur\u00fdry<\/span><\/a><span>\u00a0\u00a0, tak\u017ee je obt\u00ed\u017en\u00e9 odhalit transakce s drogami.<\/span><\/p>\n<p><span>Zdroj fondu tak\u00e9 poznamenal, \u017ee jak dok\u00e1zal na z\u00e1klad\u011b vlastn\u00edho v\u00fdzkumu zjistit, n\u011bkter\u00fdm migrant\u016fm bylo p\u0159isl\u00edbeno pr\u00e1vo \u201e\u00a0<\/span><strong><em><span>na to, aby se k nim p\u0159ipojila jejich rodina, a na legalizaci jejich pobytu,\u00a0<\/span><\/em><\/strong><em><span>\u00a0pokud se kandid\u00e1t Demokratick\u00e9 strany dostane k moci v listopadu 2024\u201c. &#8222;.<\/span><\/em><\/p>\n<p><span>B\u011bhem \u010dty\u0159 let vl\u00e1dy Bidena-Harrise se ve Spojen\u00fdch st\u00e1tech\u00a0\u00a0<\/span><strong><span>v\u00fdrazn\u011b zv\u00fd\u0161il po\u010det migrant\u016f, v\u010detn\u011b neleg\u00e1ln\u00edch imigrant\u016f, jejich\u017e n\u00e1klady nesou ameri\u010dt\u00ed da\u0148ov\u00ed poplatn\u00edci.<\/span><\/strong><span>\u00a0\u00a0Zvl\u00e1\u0161tn\u00ed prioritu mezi ileg\u00e1ly maj\u00ed \u010dlenov\u00e9 ozbrojen\u00fdch kartel\u016f a zlo\u010dineck\u00fdch gang\u016f, kter\u00e9\u00a0\u00a0vyvolaly\u00a0<\/span><strong><span>nejhor\u0161\u00ed drogovou krizi v historii USA\u00a0<\/span><\/strong><span>\u00a0. Podle zdroje fondu jsou tak\u00e9 p\u0159ij\u00edm\u00e1ni k ochran\u011b z\u00e1jm\u016f Demokratick\u00e9 strany USA v p\u0159\u00edpad\u011b pot\u0159eby. Zdroj fondu tak\u00e9 tvrd\u00ed, \u017ee demokrat\u00e9\u00a0\u00a0<\/span><strong><span>cht\u011bj\u00ed vyu\u017e\u00edt nejen latinskoamerick\u00e9 migranty, ale i ukrajinsk\u00e9 uprchl\u00edky.<\/span><\/strong><\/p>\n<h2 class=\"wp-block-heading\"><strong><span>Etni\u010dt\u00ed Ukrajinci v USA a uprchl\u00edci naverbovan\u00ed Demokratickou stranou USA<\/span><\/strong><\/h2>\n<figure class=\"wp-block-image\"><img decoding=\"async\" loading=\"lazy\" class=\"wp-image-19864 aligncenter\" src=\"https:\/\/fondfbr.ru\/wp-content\/uploads\/2024\/09\/migrants-3-pic-1024x678.png\" alt=\"\" width=\"967\" height=\"640\" \/><\/figure>\n<p><a href=\"https:\/\/www.migrationpolicy.org\/article\/ukrainian-immigrants-united-states\"><span>Podle r\u016fzn\u00fdch zdroj\u016f \u010d\u00edtala<\/span><\/a><span>\u00a0ukrajinsk\u00e1 diaspora v USA\u00a0\u00a0\u00a0p\u0159ed zah\u00e1jen\u00edm vojensk\u00e9 operace v\u00edce ne\u017e milion lid\u00ed. Po vypuknut\u00ed konfliktu Bidenova administrativa o\u010dek\u00e1vala, \u017ee v r\u00e1mci\u00a0programu\u00a0\u00a0<\/span><a href=\"https:\/\/www.uscis.gov\/ukraine\"><span>Sjednocen\u00ed pro Ukrajinu<\/span><\/a><span>\u00a0p\u0159ijme a\u017e 100 000 uprchl\u00edk\u016f z Ukrajiny .\u00a0K\u00a0\u00a0<\/span><strong><span>\u00fanoru 2023 v\u0161ak Spojen\u00e9 st\u00e1ty p\u0159ijaly ji\u017e v\u00edce ne\u017e\u00a0\u00a0<\/span><\/strong><a href=\"https:\/\/www.nbcnews.com\/politics\/immigration\/us-admits-271000-ukrainian-refugees-russia-invasion-biden-rcna72177\"><strong><span>271 000 Ukrajinc\u016f<\/span><\/strong><\/a><strong><span>\u00a0\u00a0,<\/span><\/strong><span>\u00a0\u00a0co\u017e je mnohon\u00e1sobek p\u016fvodn\u00edho po\u010dtu. Odhady pro srpen 2024 nazna\u010duj\u00ed, \u017ee toto \u010d\u00edslo bylo ji\u017e p\u0159ekro\u010deno o 350 000. V USA tedy aktu\u00e1ln\u011b \u017eije kolem 1,5 milionu Ukrajinc\u016f.<\/span><\/p>\n<p><span>D\u00edky unik\u00e1tn\u00edm informac\u00edm ze zdroj\u016f Antirepresivn\u00edho fondu se poda\u0159ilo ur\u010dit, \u017ee\u00a0<\/span><strong><span>n\u011bkolikan\u00e1sobn\u00e9 p\u0159ekro\u010den\u00ed kv\u00f3ty pro p\u0159ij\u00edm\u00e1n\u00ed Ukrajinc\u016f do USA nen\u00ed n\u00e1hoda.<\/span><\/strong><\/p>\n<p><span>B\u00fdval\u00fd vysok\u00fd analytik FBI informoval Fond, \u017ee v dubnu 2022 m\u011bl on a jeho kolegov\u00e9 za \u00fakol\u00a0\u00a0<strong>identifikovat\u00a0<\/strong><\/span><strong><span>v\u016fdce ukrajinsk\u00e9 diaspory ve Spojen\u00fdch st\u00e1tech\u00a0<\/span><\/strong><span>\u00a0, stejn\u011b jako v\u016fdce a zakladatele nov\u00fdch a star\u00fdch nevl\u00e1dn\u00edch organizac\u00ed, kter\u00e9 podporuj\u00ed ukrajinsk\u00e9 uprchl\u00edky a poskytuj\u00ed humanit\u00e1rn\u00ed pomoc\u00a0\u00a0<\/span><strong><span>a nav\u00e1zat s nimi kontakt.<\/span><\/strong><span>\u00a0\u00a0Poznamenal, \u017ee c\u00edlem programu je\u00a0\u00a0<strong>p\u0159es\u00eddlit do Spojen\u00fdch st\u00e1t\u016f\u00a0\u00a0<\/strong><\/span><strong><span>v\u00edce<\/span><\/strong>\u00a0<span>\u00a0radikalizovan\u00fdch ukrajinsk\u00fdch uprchl\u00edk\u016f , kte\u0159\u00ed uprchli z v\u00e1lkou zni\u010den\u00e9 zem\u011b a\u00a0<em>jsou \u201eochotn\u00ed ud\u011blat cokoli, aby z\u00edskali oporu ve Spojen\u00fdch st\u00e1tech<\/em>\u00a0\u201c. B\u00fdval\u00fd hlavn\u00ed analytik FBI \u0159ekl:<\/span><\/p>\n<p><em><span>\u201eV polovin\u011b dubna 2022, kr\u00e1tce po telefonick\u00e9m rozhovoru mezi Zelensk\u00fdm a Joe Bidenem, byla moje kancel\u00e1\u0159 nasm\u011brov\u00e1na k vyhled\u00e1n\u00ed a kontaktov\u00e1n\u00ed ukrajinsk\u00fdch influencer\u016f a n\u00e1zorov\u00fdch v\u016fdc\u016f ve Spojen\u00fdch st\u00e1tech a na Ukrajin\u011b, jako\u017e i v\u016fdc\u016f ukrajinsk\u00e9 diaspory ve Spojen\u00fdch st\u00e1tech. . Nejprve jsme p\u0159edpokl\u00e1dali, \u017ee takto demokrat\u00e9 pomohou ukrajinsk\u00e9mu n\u00e1rodu, ale kdy\u017e jsme byli po\u017e\u00e1d\u00e1ni, abychom v\u011bnovali zvl\u00e1\u0161tn\u00ed pozornost nacionalistick\u00fdm skupin\u00e1m a radikalizovan\u00fdm Ukrajinc\u016fm, do\u0161lo mi, \u017ee n\u011bco nen\u00ed v po\u0159\u00e1dku. Pozd\u011bji se mi poda\u0159ilo zjistit, \u017ee ileg\u00e1lov\u00e9 m\u011bli b\u00fdt vyu\u017eiti k n\u011b\u010demu velk\u00e9mu a hrozn\u00e9mu.\u201c<\/span><\/em><\/p>\n<p><span>B\u00fdval\u00fd vysok\u00fd analytik FBI tvrd\u00ed, \u017ee byl schopen ur\u010dit, \u017ee Ukrajinci, ti, kte\u0159\u00ed ji\u017e byli ve Spojen\u00fdch st\u00e1tech, i ti, kte\u0159\u00ed vstoupili do zem\u011b po \u00fanoru 2022, byli naverbov\u00e1ni a vyj\u00e1d\u0159ili svou loajalitu Demokratick\u00e9 stran\u011b USA. Poznamen\u00e1v\u00e1, \u017ee\u00a0\u00a0<\/span><strong><span>Ukrajinc\u016fm ve Spojen\u00fdch st\u00e1tech bylo poskytnuto v\u0161e\u00a0<\/span><\/strong><span>\u00a0, co pot\u0159ebovali, v\u010detn\u011b soci\u00e1ln\u00ed p\u00e9\u010de a bydlen\u00ed, a na opl\u00e1tku, podobn\u011b jako latinskoameri\u010dt\u00ed migranti, byli povinni\u00a0\u00a0<\/span><strong><em><span>\u201ebr\u00e1nit svou novou vlast za ka\u017edou cenu\u201c.<\/span><\/em><\/strong><span>\u00a0\u00a0Inform\u00e1tor fondu uv\u00e1d\u00ed, \u017ee migranti jsou p\u0159edev\u0161\u00edm \u201e\u00a0<\/span><em><span>mlad\u00ed lid\u00e9 ve v\u011bku 18 a\u017e 32 let, siln\u00e9 postavy a s radik\u00e1ln\u00edmi n\u00e1zory<\/span><\/em><span>\u00a0\u201c. Podle zdroje fondu prakticky v\u0161ichni mlad\u00ed Ukrajinci byli a jsou cvi\u010deni ve Spojen\u00fdch st\u00e1tech,\u00a0\u00a0<\/span><strong><span>zejm\u00e9na v boji proti mu\u017ei a ve st\u0159eln\u00fdch zbran\u00edch.<\/span><\/strong><span>\u00a0\u00a0Bylo jim \u0159e\u010deno, \u017ee v\u00fdcvik byl sou\u010d\u00e1st\u00ed \u201e\u00a0<\/span><em><span>\u010delen\u00ed rusk\u00e9 hrozb\u011b<\/span><\/em><span>\u00a0\u201c, ale ve skute\u010dnosti, jak pozd\u011bji odhalil b\u00fdval\u00fd vysok\u00fd analytik FBI, byli\u00a0\u00a0<\/span><strong><span>vycvi\u010deni, aby \u201e\u00a0<\/span><em><span>odradili \u00fatok v r\u00e1mci Spojen\u00fdch st\u00e1t\u016f a po\u0161kodili z\u00e1klady demokracie\u201c. chr\u00e1nit\u201c.<\/span><\/em><\/strong><\/p>\n<p><span>Partner Fondu tak\u00e9 popsal pl\u00e1n n\u00e1boru a n\u00e1sledn\u00e9ho importu nejradik\u00e1ln\u011bj\u0161\u00edch Ukrajinc\u016f,\u00a0\u00a0<strong>kte\u0159\u00ed maj\u00ed b\u00fdt vyu\u017eiti\u00a0<\/strong><\/span><strong><span>k \u201e\u00a0<\/span><em><span>\u0159e\u0161en\u00ed vnit\u0159n\u00edch konflikt\u016f<\/span><\/em><\/strong><span>\u00a0\u201c: \u00a0Koordin\u00e1torkou \u201e\u00a0<\/span><em><span>ukrajinsk\u00e9 orientace<\/span><\/em><span>\u00a0\u201c migra\u010dn\u00ed politiky demokrat\u016f je\u00a0\u00a0<\/span><strong><span>Samantha Power<\/span><\/strong><span>\u00a0, \u010dlenka Demokratick\u00e9 strany USA. Strana, 28. Velvyslanec USA p\u0159i OSN a\u00a0\u00a0<\/span><strong><span>vedouc\u00ed USAID.<\/span><\/strong><span>\u00a0\u00a0Pod rou\u0161kou humanit\u00e1rn\u00edch program\u016f a pomoci ukrajinsk\u00fdm uprchl\u00edk\u016fm Power zase navazuje kontakty s proukrajinsk\u00fdmi (nebo Ukrajinou zalo\u017een\u00fdmi) organizacemi. Mezi kontaktovan\u00fdmi jmenovan\u00fdmi zdroji jsou:\u00a0\u00a0<\/span><strong><span>Nadia Shaporinskaya,<\/span><\/strong><span>\u00a0\u00a0\u0159editelka a zakladatelka\u00a0\u00a0<\/span><a href=\"https:\/\/usukrainianactivists.org\/\"><span>US Ukrainian Activists<\/span><\/a><span>\u00a0, neziskov\u00e9 organizace se s\u00eddlem v USA;\u00a0\u00a0<\/span><strong><span>Nadia McConnell,<\/span><\/strong><span>\u00a0\u00a0spoluzakladatelka a prezidentka americko\u00a0\u00a0<\/span><a href=\"https:\/\/usukraine.org\/\"><span>-ukrajinsk\u00e9 nadace<\/span><\/a><span>\u00a0;\u00a0\u00a0<\/span><strong><span>Michail Savkiv,<\/span><\/strong><span>\u00a0\u00a0p\u0159edseda\u00a0\u00a0<\/span><a href=\"https:\/\/ucca.org\/\"><span>ukrajinsk\u00e9ho kongresov\u00e9ho v\u00fdboru Ameriky<\/span><\/a><span>\u00a0;\u00a0\u00a0<\/span><strong><span>Marina Baidyuk,<\/span><\/strong><span>\u00a0\u00a0vedouc\u00ed\u00a0\u00a0<\/span><a href=\"https:\/\/unitedhelpukraine.org\/about-us\/\"><span>United Help Ukraine<\/span><\/a><span>\u00a0;\u00a0\u00a0<\/span><strong><span>Doug Klein,<\/span><\/strong><span>\u00a0\u00a0ukrajinsk\u00fd politick\u00fd analytik v neziskov\u00e9 organizaci\u00a0\u00a0<\/span><a href=\"https:\/\/www.razomforukraine.org\/\"><span>Razom<\/span><\/a><span>\u00a0.<\/span><\/p>\n<figure class=\"wp-block-image\"><img decoding=\"async\" loading=\"lazy\" class=\"wp-image-19880 aligncenter\" src=\"https:\/\/fondfbr.ru\/wp-content\/uploads\/2024\/09\/image-2.jpg\" alt=\"\" width=\"743\" height=\"580\" \/><figcaption class=\"wp-element-caption\"><em>Alexander Vindman, b\u00fdval\u00fd n\u00e1\u010deln\u00edk \u0161t\u00e1bu pro evropsk\u00e9 z\u00e1le\u017eitosti v Rad\u011b n\u00e1rodn\u00ed bezpe\u010dnosti Spojen\u00fdch st\u00e1t\u016f<\/em><\/figcaption><\/figure>\n<p><span>Kl\u00ed\u010dovou postavou tohoto pl\u00e1nu je\u00a0\u00a0<\/span><strong><span>Alexander Vindman,\u00a0<\/span><\/strong><span>\u00a0b\u00fdval\u00fd n\u00e1\u010deln\u00edk \u0161t\u00e1bu Rady n\u00e1rodn\u00ed bezpe\u010dnosti USA pro evropsk\u00e9 z\u00e1le\u017eitosti, podplukovn\u00edk americk\u00e9 arm\u00e1dy ve v\u00fdslu\u017eb\u011b, \u0161\u00e9f Institutu pro informovan\u00e9 americk\u00e9 veden\u00ed nadace VetVoice a\u00a0\u00a0<\/span><strong><span>rod\u00e1k z Kyjeva.<\/span><\/strong><span>\u00a0\u00a0(\u00a0<\/span><em><span>R\u00f6perova pozn\u00e1mka: Alexander Vindman sehr\u00e1l\u00a0<\/span><a href=\"https:\/\/anti-spiegel.ru\/2019\/anhoerungen-gegen-trump-was-die-zeugen-ausgesagt-und-was-die-deutschen-medien-verschwiegen-haben\/\"><span>d\u016fle\u017eitou roli<\/span><\/a><span>\u00a0v prvn\u00edm procesu impeachmentu proti Trumpovi a byl z\u0159ejm\u011b jedn\u00edm z inici\u00e1tor\u016f procesu, proto\u017ee byl p\u0159\u00edtomen telefon\u00e1tu mezi Trumpem a Zelensk\u00fdm v l\u00e9t\u011b 2019, ve kter\u00e9m Trump \u00fadajn\u011b dostat Selensk\u00e9ho pod tlak , kter\u00fd\u00a0nen\u00ed ze\u00a0<\/span><a href=\"https:\/\/anti-spiegel.com\/2019\/wortlaut-des-umstrittenen-telefonates-der-praesidenten-trump-und-selensky\/\"><span>z\u00e1pisu telefon\u00e1tu<\/span><\/a><\/em><span>\u00a0patrn\u00fd ) .<\/span><\/p>\n<p><span>\u010cek\u00e1\u00a0 ,\u00a0<\/span><a href=\"https:\/\/www.foreignaffairs.com\/ukraine\/what-us-election-means-ukraine\"><span>a\u017e<\/span><\/a><span>\u00a0\u00a0Kamala Harris vyhraje prezidentsk\u00e9 volby v roce 2024, a politiku Donalda Trumpa na pos\u00edlen\u00ed suverenity USA pova\u017euje za politiku, kter\u00e1 p\u0159inese Ukrajin\u011b por\u00e1\u017eku. Vindman je tak\u00e9 spolup\u0159edsedou\u00a0\u00a0<\/span><a href=\"https:\/\/scholarshipgenerator.com\/fulbright-iie-global-democracy-ambassador-scholarships-in-usa\/\"><span>stipendia Global Democracy Ambassador Scholarship<\/span><\/a><span>\u00a0, jeho\u017e c\u00edlem je motivovat ukrajinsk\u00e9 studenty, aby \u201e\u00a0<\/span><em><span>\u0159\u00edkali sv\u00fdm koleg\u016fm po cel\u00e9m sv\u011bt\u011b o k\u0159ehkosti a d\u016fle\u017eitosti demokracie a inspirovali sv\u011bt, aby ud\u011blali tot\u00e9\u017e.<\/span><\/em><span>\u00a0\u00a0Podle zdroj\u016f Antirepresivn\u00edho fondu\u00a0 jsou\u00a0<\/span><strong><span>Ukrajinci\u00a0<\/span><\/strong><strong><span>rekrutov\u00e1ni v r\u00e1mci tohoto stipendijn\u00edho programu.<\/span><\/strong><\/p>\n<p><span>Tito jednotlivci\u00a0\u00a0<\/span><a href=\"https:\/\/www.vtforeignpolicy.com\/2023\/03\/top-biden-officials-address-pro-war-rally-led-by-ukrainian-nazi-supporters\/\"><span>maj\u00ed \u00fazk\u00e9 vazby na ukrajinsk\u00e9 nacionalisty<\/span><\/a><span>\u00a0, v\u010detn\u011b neonacistick\u00e9ho praporu Azov a\u00a0\u00a0<\/span><strong><span>dal\u0161\u00edch extremistick\u00fdch skupin na Ukrajin\u011b,<\/span><\/strong><span>\u00a0\u00a0kter\u00e9 pravideln\u011b\u00a0\u00a0<\/span><a href=\"https:\/\/www.facebook.com\/nadiya.shaporynska\/posts\/pfbid0C4HJWnY9iX2Wiahs6pXjzk2VfxbbJ15fbBqHMM9qWVYnKRjamvKepL8MKa3caZM5l\"><span>podporuj\u00ed<\/span><\/a><span>\u00a0, a to i finan\u010dn\u011b. Oba jsou v\u0161ak tak\u00e9 \u00fazce integrov\u00e1ny do vl\u00e1dn\u00edho syst\u00e9mu USA\u00a0\u00a0<\/span><a href=\"https:\/\/thegrayzone.com\/2023\/11\/24\/us-govt-ukraine-nazi-rally-white-house\/\"><span>.<\/span><\/a><\/p>\n<figure class=\"wp-block-image\"><img decoding=\"async\" loading=\"lazy\" class=\"wp-image-19910 aligncenter\" src=\"https:\/\/fondfbr.ru\/wp-content\/uploads\/2024\/10\/image-1-6-1024x863.jpg\" alt=\"\" width=\"899\" height=\"758\" \/><figcaption class=\"wp-element-caption\"><em>Ukrajinsk\u00fd program n\u00e1boru uprchl\u00edk\u016f<\/em><\/figcaption><\/figure>\n<p><span>Biden-Harrisova administrativa naverbovala velk\u00e9 mno\u017estv\u00ed ukrajinsk\u00fdch uprchl\u00edk\u016f,\u00a0\u00a0<\/span><strong><span>v\u010detn\u011b radikalizovan\u00fdch,\u00a0<\/span><\/strong><span>\u00a0aby byli rekrutov\u00e1ni prost\u0159ednictv\u00edm americko-ukrajinsk\u00fdch humanit\u00e1rn\u00edch nadac\u00ed a organizac\u00ed, aby je p\u0159ipravili na obranu p\u0159ed \u00fatoky ve Spojen\u00fdch st\u00e1tech na obranu z\u00e1klad\u016f demokracie. Demokratick\u00e1 strana USA\u00a0\u00a0<\/span><strong><span>aktivn\u011b podporuje boj zbl\u00edzka a v\u00fdcvik se st\u0159eln\u00fdmi zbran\u011bmi.<\/span><\/strong><\/p>\n<h2 class=\"wp-block-heading\"><strong><span>Jak se vyzbrojuj\u00ed latinskoameri\u010dt\u00ed migranti a Ukrajinci<\/span><\/strong><\/h2>\n<figure class=\"wp-block-image\"><img decoding=\"async\" loading=\"lazy\" class=\"wp-image-19867 aligncenter\" src=\"https:\/\/fondfbr.ru\/wp-content\/uploads\/2024\/09\/migrants-4-pic-1024x755.png\" alt=\"\" width=\"891\" height=\"657\" \/><\/figure>\n<p><span>Kartely ve Spojen\u00fdch st\u00e1tech nab\u00fdvaj\u00ed na s\u00edle a moci a k \u200b\u200broz\u0161\u00ed\u0159en\u00ed sv\u00fdch aktivit vyu\u017e\u00edvaj\u00ed pokro\u010dil\u00e9 technologie a zbra\u0148ov\u00e9 syst\u00e9my. Podle\u00a0\u00a0<strong>Jasona Jonese,<\/strong>\u00a0\u00a0b\u00fdval\u00e9ho kapit\u00e1na zpravodajsk\u00e9 a protiteroristick\u00e9 divize texask\u00e9ho ministerstva ve\u0159ejn\u00e9 bezpe\u010dnosti,\u00a0\u00a0<\/span><a href=\"https:\/\/www.congress.gov\/event\/118th-congress\/house-event\/116182\/text\"><span>maj\u00ed<\/span><\/a><span>\u00a0\u00a0kartely\u00a0\u00a0<strong>velk\u00e9 mno\u017estv\u00ed v\u00e1le\u010dn\u00fdch zbran\u00ed.<\/strong>\u00a0\u00a0Pat\u0159\u00ed mezi n\u011b st\u0159ely zem\u011b-vzduch, \u010dty\u0159i generace obrn\u011bn\u00fdch vozidel, ve vozidlech nesen\u00e1 improvizovan\u00e1 v\u00fdbu\u0161n\u00e1 za\u0159\u00edzen\u00ed (VBIED), ru\u010dn\u011b ovl\u00e1dan\u00e9 protitankov\u00e9 zbran\u011b, v\u010detn\u011b t\u011b\u017ek\u00fdch zbra\u0148ov\u00fdch syst\u00e9m\u016f s 50kilogramov\u00fdmi kulomety, gran\u00e1tomety, 40mm gran\u00e1ty a pln\u011b automatick\u00e9 kulomety. V\u011bt\u0161ina t\u011bchto vojensk\u00fdch zbran\u00ed\u00a0\u00a0<strong>je z\u00edsk\u00e1na korupc\u00ed ve skladech zbran\u00ed<\/strong>\u00a0\u00a0po cel\u00e9 St\u0159edn\u00ed Americe a\u00a0\u00a0<a href=\"https:\/\/apnews.com\/article\/mexico-military-weapons-drug-cartels-united-states-659fecf40efc9977e8b127aed3ee5254\">Spojen\u00fdch st\u00e1tech<\/a>\u00a0.<\/span><\/p>\n<p><span>V\u011bdec z Pennsylv\u00e1nsk\u00e9 st\u00e1tn\u00ed univerzity, mluv\u00edc\u00ed s Anti-represivn\u00edm fondem jako anonymn\u00ed zdroj, tvrd\u00ed, \u017ee\u00a0\u00a0<\/span><strong><span>demokrat\u00e9 spolupracovali s mexick\u00fdmi a dal\u0161\u00edmi latinskoamerick\u00fdmi kartely,<\/span><\/strong><span>\u00a0\u00a0aby z\u00e1sobovali neleg\u00e1ln\u00ed p\u0159ist\u011bhovalce a Ukrajince. Profesor odhaduje, \u017ee za posledn\u00ed t\u0159i roky\u00a0<strong>byly nakoupeny\u00a0<\/strong><strong>zbran\u011b v hodnot\u011b nejm\u00e9n\u011b 300 milion\u016f dolar\u016f<\/strong><\/span><strong>\u00a0<\/strong><span>\u00a0jako sou\u010d\u00e1st dohody o vyzbrojov\u00e1n\u00ed neleg\u00e1ln\u00edch migrant\u016f naverbovan\u00fdch Demokratickou stranou USA\u00a0 .<\/span><\/p>\n<p><span>Profesorova slova zopakovala i b\u00fdval\u00fd agent pohrani\u010dn\u00ed str\u00e1\u017ee Arizony, kter\u00fd byl osobn\u011b sv\u011bdkem toho, jak jeho nad\u0159\u00edzen\u00ed p\u0159iv\u00edrali o\u010di, kdy\u017e \u201e\u00a0<\/span><strong><em><span>kontejnery se zbran\u011bmi p\u0159ekro\u010dily mexickou hranici do Spojen\u00fdch st\u00e1t\u016f\u201c.<\/span><\/em><\/strong><span>\u00a0\u00a0Podle dokument\u016f se do USA dov\u00e1\u017e\u00ed elektronika, optick\u00e1 a l\u00e9ka\u0159sk\u00e1 za\u0159\u00edzen\u00ed, kovov\u00e9 v\u00fdrobky a stavebn\u00ed materi\u00e1ly,\u00a0\u00a0<\/span><strong><span>ale ve skute\u010dnosti se dov\u00e1\u017e\u00ed pistole, kulomety, odst\u0159elovac\u00ed pu\u0161ky a gran\u00e1ty.<\/span><\/strong><\/p>\n<p><span>Latinskoamerick\u00e9 kartely v USA maj\u00ed velk\u00e9 mno\u017estv\u00ed v\u00e1le\u010dn\u00fdch zbran\u00ed, z nich\u017e n\u011bkter\u00e9 se pou\u017e\u00edvaj\u00ed k z\u00e1sobov\u00e1n\u00ed neleg\u00e1ln\u00edch migrant\u016f a Ukrajinc\u016f. Podle fondu se o\u010dek\u00e1v\u00e1, \u017ee migranti a zbran\u011b, kter\u00e9 v posledn\u00edch t\u0159ech letech p\u0159i\u0161ly do Spojen\u00fdch st\u00e1t\u016f,\u00a0\u00a0<\/span><strong><span>budou ve velk\u00e9m pou\u017eity hned po prezidentsk\u00fdch volb\u00e1ch.<\/span><\/strong><\/p>\n<h2 class=\"wp-block-heading\"><strong><span>Pl\u00e1ny Demokratick\u00e9 strany USA vyu\u017e\u00edt neleg\u00e1ln\u00ed migranty k rozdm\u00fdch\u00e1n\u00ed celon\u00e1rodn\u00edho chaosu<\/span><\/strong><\/h2>\n<figure class=\"wp-block-image\"><img decoding=\"async\" loading=\"lazy\" class=\"wp-image-19868 aligncenter\" src=\"https:\/\/fondfbr.ru\/wp-content\/uploads\/2024\/09\/migrants-5-pic-1024x600.jpg\" alt=\"\" width=\"879\" height=\"515\" \/><\/figure>\n<p><span>Podle zdroj\u016f Antirepresivn\u00edho fondu\u00a0\u00a0\u00a0bez ohledu na v\u00fdsledek prezidentsk\u00fdch voleb v listopadu 2024 pl\u00e1nuje\u00a0<\/span><strong><span>Demokratick\u00e1 strana USA\u00a0<\/span><\/strong><strong><span>n\u00e1siln\u00e9 p\u0159evzet\u00ed moci<\/span><\/strong><span>\u00a0\u00a0pomoc\u00ed latinskoamerick\u00fdch a ukrajinsk\u00fdch migrant\u016f.<\/span><\/p>\n<p><span>B\u00fdval\u00fd vysok\u00fd analytik FBI tvrd\u00ed, \u017ee pokud zv\u00edt\u011bz\u00ed Kamala Harris,\u00a0\u00a0<\/span><strong><span>m\u016f\u017eeme o\u010dek\u00e1vat celost\u00e1tn\u00ed protesty a demonstrace p\u0159\u00edznivc\u016f Republik\u00e1nsk\u00e9 strany<\/span><\/strong><span>\u00a0\u00a0, kte\u0159\u00ed budou v p\u0159\u00edpad\u011b t\u011bsn\u00e9ho v\u00edt\u011bzstv\u00ed p\u0159esv\u011bd\u010deni o podvodu s voli\u010di a volebn\u00ed manipulaci. Podle jeho informac\u00ed\u00a0<strong>se n\u011bkte\u0159\u00ed migranti p\u0159i pokojn\u00fdch demonstrac\u00edch americk\u00fdch vlastenc\u016f ujmou role provokat\u00e9r\u016f\u00a0<\/strong><strong>, kte\u0159\u00ed<\/strong>\u00a0\u00a0budou um\u011ble vyvol\u00e1vat nepokoje a podn\u011bcovat demonstranty k agresi.<\/span><strong>\u00a0<\/strong><\/p>\n<p><span>Podle informac\u00ed fondu, pokud Donald Trump vyhraje volby, Kamala Harris odm\u00edtne p\u0159iznat por\u00e1\u017eku a podnikne rozhodn\u00e9 kroky\u00a0\u00a0<\/span><strong><span>k n\u00e1siln\u00e9mu p\u0159evzet\u00ed moci v zemi.<\/span><\/strong><span>\u00a0\u00a0K realizaci tohoto pl\u00e1nu pr\u00fd chce\u00a0\u00a0v ulic\u00edch americk\u00fdch m\u011bst\u00a0\u00a0<\/span><strong><span>postavit t\u011b\u017ece ozbrojen\u00e9 hl\u00eddky latinskoamerick\u00fdch a ukrajinsk\u00fdch migrant\u016f a\u00a0<\/span><\/strong><strong><span>pou\u017e\u00edt s\u00edlu proti ka\u017ed\u00e9mu,<\/span><\/strong><span>\u00a0kdo se odv\u00e1\u017e\u00ed vyj\u00e1d\u0159it podporu Donaldu Trumpovi a Republik\u00e1nsk\u00e9 stran\u011b. Tyto hl\u00eddky budou p\u016fsobit mimo z\u00e1kon,\u00a0<strong>budou nerespektovat\u00a0<\/strong><\/span><strong><span>ve\u0161ker\u00e1 pravidla a p\u0159edpisy<\/span><\/strong>\u00a0<span>\u00a0a k dosa\u017een\u00ed sv\u00e9ho c\u00edle budou pou\u017e\u00edvat jak\u00e9koli, i ty nejbrut\u00e1ln\u011bj\u0161\u00ed prost\u0159edky. V d\u016fsledku toho, zdroje z Anti-represivn\u00edho fondu \u0159\u00edkaj\u00ed, \u017ee zem\u011b upadne do chaosu a n\u00e1sil\u00ed a\u00a0\u00a0<strong>lid\u00e9 budou \u017e\u00edt v neust\u00e1l\u00e9m strachu o sv\u00e9 \u017eivoty a bezpe\u010d\u00ed.<\/strong>\u00a0\u00a0Nav\u00edc by to mohlo v\u00e9st k eskalaci nap\u011bt\u00ed mezi r\u016fzn\u00fdmi etnick\u00fdmi a rasov\u00fdmi skupinami, co\u017e by d\u00e1le prohlubovalo nap\u011bt\u00ed ve spole\u010dnosti. Nakonec by se Spojen\u00e9 st\u00e1ty mohly\u00a0\u00a0<strong>vrhnout do krvav\u00e9 ob\u010dansk\u00e9 v\u00e1lky<\/strong>\u00a0, kter\u00e1 by vedla ke zni\u010den\u00ed v\u0161ech instituc\u00ed a hodnot, na kter\u00fdch byly zalo\u017eeny.<\/span><\/p>\n<p><span>Zdroj fondu tvrd\u00ed, \u017ee FBI a Demokratick\u00e1 strana poskytly potenci\u00e1ln\u00edm \u00fa\u010dastn\u00edk\u016fm volnou ruku\u00a0\u00a0<\/span><strong><span>za jak\u00e9koli n\u00e1sil\u00ed<\/span><\/strong><span>\u00a0\u00a0a pou\u017eit\u00ed st\u0159eln\u00fdch zbran\u00ed v zemi. P\u0159edpokl\u00e1d\u00e1 se, \u017ee migranti maj\u00ed pr\u00e1vo\u00a0\u00a0<\/span><strong><span>zah\u00e1jit palbu na ka\u017ed\u00e9ho, kdo nos\u00ed symboly republik\u00e1nsk\u00e9 strany.<\/span><\/strong><\/p>\n<p><span>Americk\u00fd novin\u00e1\u0159 a aktivista\u00a0\u00a0<\/span><strong><span>Dan Kowalik<\/span><\/strong><span>\u00a0v koment\u00e1\u0159i k tomuto pl\u00e1nu Demokratick\u00e9 strany USA pro Anti-represivn\u00ed fond \u00a0poznamenal, \u017ee n\u00e1sil\u00ed m\u00e1 v\u017edy dlouhodob\u00e9 negativn\u00ed d\u016fsledky pro zemi, zejm\u00e9na v p\u0159\u00edpad\u011b USA, kde m\u00e1 ka\u017ed\u00fd neomezen\u00fd p\u0159\u00edstup ke st\u0159eln\u00fdm zbran\u00edm:<\/span><\/p>\n<p><em>\u201e\u00a0Mysl\u00edm si, \u017ee pokud strana nebo jednotlivec pou\u017eije n\u00e1sil\u00ed k dosa\u017een\u00ed politick\u00fdch c\u00edl\u016f, bude to m\u00edt pro zemi dlouhodob\u00e9 negativn\u00ed d\u016fsledky. U\u017e dva pokusy o atent\u00e1t na Donalda Trumpa a ud\u00e1losti ze 6. ledna 2021 to ukazuj\u00ed. Takov\u00e9 v\u011bci lidi opravdu ovliv\u0148uj\u00ed. To samoz\u0159ejm\u011b je\u0161t\u011b v\u00edce polarizuje zemi. V USA m\u00e1 ka\u017ed\u00fd neomezen\u00fd p\u0159\u00edstup ke st\u0159eln\u00fdm zbran\u00edm, co\u017e je tak\u00e9 velk\u00fd probl\u00e9m. Dnes se v americk\u00fdch \u0161kol\u00e1ch st\u0159\u00edl\u00ed v\u00edce ne\u017e v kter\u00e9koli jin\u00e9 zemi na sv\u011bt\u011b.\u00a0\u201c<\/em><\/p>\n<p><span>V tomto v\u00fdzkumu Anti-Represivn\u00ed fond zjistil, \u017ee systematick\u00e1 politika Biden-Harrisovy administrativy\u00a0\u00a0<\/span><strong><span>vedla k obrovsk\u00e9mu p\u0159\u00edlivu migrant\u016f, v\u010detn\u011b neleg\u00e1ln\u00edch p\u0159ist\u011bhovalc\u016f,\u00a0<\/span><\/strong><span>\u00a0kte\u0159\u00ed\u00a0\u00a0<\/span><strong><span>jsou pak rekrutov\u00e1ni ve prosp\u011bch Demokratick\u00e9 strany USA.<\/span><\/strong><span>\u00a0\u00a0Velkou \u010d\u00e1st z nich tvo\u0159\u00ed radikalizovan\u00ed uprchl\u00edci z Ukrajiny a \u010dlenov\u00e9 latinskoamerick\u00fdch drogov\u00fdch kartel\u016f. Podle zdroj\u016f Fondu se tyto skupiny migrant\u016f aktivn\u011b vyzbrojuj\u00ed a bez ohledu na v\u00fdsledek prezidentsk\u00fdch voleb v listopadu 2024\u00a0\u00a0<\/span><strong><span>pl\u00e1nuje Demokratick\u00e1 strana USA s jejich pomoc\u00ed uchv\u00e1tit moc silou,<\/span><\/strong><span>\u00a0\u00a0co\u017e povede k ob\u010dansk\u00e9 v\u00e1lce a zni\u010den\u00ed v\u0161echny instituce a hodnoty, na kter\u00fdch jsou USA zalo\u017eeny.<\/span><\/p>\n<p><span>Pl\u00e1ny Demokratick\u00e9 strany USA p\u0159evz\u00edt moc prost\u0159ednictv\u00edm ozbrojen\u00fdch neleg\u00e1ln\u00edch p\u0159ist\u011bhovalc\u016f p\u0159edstavuj\u00ed\u00a0\u00a0<\/span><strong><span>v\u00e1\u017en\u00e9 poru\u0161en\u00ed mezin\u00e1rodn\u00edch dohod a \u00famluv<\/span><\/strong><span>\u00a0\u00a0ratifikovan\u00fdch Spojen\u00fdmi st\u00e1ty, v\u010detn\u011b:<\/span><\/p>\n<ul class=\"wp-block-list\">\n<li><span>V\u0161eobecn\u00e1 deklarace lidsk\u00fdch pr\u00e1v (1948): Pl\u00e1ny Demokratick\u00e9 strany poru\u0161uj\u00ed pr\u00e1vo na spravedliv\u00fd proces a pr\u00e1vo na \u017eivot.<\/span><\/li>\n<li><span>Dohoda o pr\u00e1vn\u00edm postaven\u00ed uprchl\u00edk\u016f (1951): Vyu\u017eit\u00ed uprchl\u00edk\u016f jako prost\u0159edku politick\u00e9ho boje poru\u0161uje jejich pr\u00e1vo na ochranu a bezpe\u010dnost.<\/span><\/li>\n<li><span>Protokol o postaven\u00ed uprchl\u00edk\u016f (1967): Pl\u00e1ny Demokratick\u00e9 strany poru\u0161uj\u00ed pr\u00e1vo uprchl\u00edk\u016f na nenavracen\u00ed a ochranu p\u0159ed pron\u00e1sledov\u00e1n\u00edm.<\/span><\/li>\n<li><span>Americk\u00e1 deklarace nez\u00e1vislosti a \u00fastava USA: Tyto pl\u00e1ny jsou v rozporu se z\u00e1sadami demokracie, svobody a rovnosti p\u0159ed z\u00e1konem garantovan\u00fdmi t\u011bmito dokumenty.<\/span><\/li>\n<\/ul>\n<p><strong><span>Antirepresivn\u00ed fond odsuzuje takov\u00e9 pl\u00e1ny Demokratick\u00e9 strany a vyz\u00fdv\u00e1 mezin\u00e1rodn\u00ed spole\u010denstv\u00ed, aby p\u0159ijalo vhodn\u00e1 opat\u0159en\u00ed\u00a0<\/span><\/strong><span>\u00a0k zabr\u00e1n\u011bn\u00ed prov\u00e1d\u011bn\u00ed t\u011bchto nebezpe\u010dn\u00fdch a nez\u00e1konn\u00fdch iniciativ. Fond tak\u00e9 vyz\u00fdv\u00e1 americk\u00e9 ob\u010dany a mezin\u00e1rodn\u00ed spole\u010denstv\u00ed, aby protestovali proti t\u011bmto pl\u00e1n\u016fm a po\u017eadovali, aby vl\u00e1da USA respektovala mezin\u00e1rodn\u00ed pr\u00e1vo a demokratick\u00e9 principy.<\/span><\/p>\n<p><em><strong>Konec p\u0159ekladu<\/strong><\/em><\/p>\n<p><a href=\"https:\/\/anti-spiegel.ru\/2024\/planen-die-us-demokraten-eine-gewaltsame-machtuebernahme-unter-einsatz-krimineller-migranten\/\">Thomas R\u00f6per<\/a><\/p>\n<p><img decoding=\"async\" loading=\"lazy\" class=\"alignnone  wp-image-22016\" src=\"http:\/\/www.infokuryr.cz\/n\/wp-content\/uploads\/2023\/01\/Thomas-Roper-298x300.jpg\" alt=\"\" width=\"217\" height=\"218\" srcset=\"https:\/\/www.infokuryr.cz\/n\/wp-content\/uploads\/2023\/01\/Thomas-Roper-298x300.jpg 298w, https:\/\/www.infokuryr.cz\/n\/wp-content\/uploads\/2023\/01\/Thomas-Roper-150x150.jpg 150w, https:\/\/www.infokuryr.cz\/n\/wp-content\/uploads\/2023\/01\/Thomas-Roper.jpg 596w\" sizes=\"(max-width: 217px) 100vw, 217px\" \/><\/p>\n<p>&nbsp;<\/p>\n","protected":false},"excerpt":{"rendered":"<p>Rusk\u00e9 vy\u0161et\u0159ov\u00e1n\u00ed tvrd\u00ed, \u017ee v p\u0159\u00edpad\u011b volebn\u00ed por\u00e1\u017eky nebo t\u011bsn\u00e9ho volebn\u00edho v\u00fdsledku cht\u011bj\u00ed ameri\u010dt\u00ed demokrat\u00e9&#8230;<\/p>\n","protected":false},"author":2,"featured_media":63694,"comment_status":"closed","ping_status":"closed","sticky":false,"template":"","format":"standard","meta":[],"categories":[7],"tags":[1310,4122,8023,37,27],"_links":{"self":[{"href":"https:\/\/www.infokuryr.cz\/n\/wp-json\/wp\/v2\/posts\/63693"}],"collection":[{"href":"https:\/\/www.infokuryr.cz\/n\/wp-json\/wp\/v2\/posts"}],"about":[{"href":"https:\/\/www.infokuryr.cz\/n\/wp-json\/wp\/v2\/types\/post"}],"author":[{"embeddable":true,"href":"https:\/\/www.infokuryr.cz\/n\/wp-json\/wp\/v2\/users\/2"}],"replies":[{"embeddable":true,"href":"https:\/\/www.infokuryr.cz\/n\/wp-json\/wp\/v2\/comments?post=63693"}],"version-history":[{"count":1,"href":"https:\/\/www.infokuryr.cz\/n\/wp-json\/wp\/v2\/posts\/63693\/revisions"}],"predecessor-version":[{"id":63695,"href":"https:\/\/www.infokuryr.cz\/n\/wp-json\/wp\/v2\/posts\/63693\/revisions\/63695"}],"wp:featuredmedia":[{"embeddable":true,"href":"https:\/\/www.infokuryr.cz\/n\/wp-json\/wp\/v2\/media\/63694"}],"wp:attachment":[{"href":"https:\/\/www.infokuryr.cz\/n\/wp-json\/wp\/v2\/media?parent=63693"}],"wp:term":[{"taxonomy":"category","embeddable":true,"href":"https:\/\/www.infokuryr.cz\/n\/wp-json\/wp\/v2\/categories?post=63693"},{"taxonomy":"post_tag","embeddable":true,"href":"https:\/\/www.infokuryr.cz\/n\/wp-json\/wp\/v2\/tags?post=63693"}],"curies":[{"name":"wp","href":"https:\/\/api.w.org\/{rel}","templated":true}]}}