{"id":63690,"date":"2024-10-07T00:38:06","date_gmt":"2024-10-06T22:38:06","guid":{"rendered":"https:\/\/www.infokuryr.cz\/n\/?p=63690"},"modified":"2024-10-06T14:24:15","modified_gmt":"2024-10-06T12:24:15","slug":"spojene-staty-a-izrael-se-znovu-rozhodly-predelat-blizky-vychod","status":"publish","type":"post","link":"https:\/\/www.infokuryr.cz\/n\/2024\/10\/07\/spojene-staty-a-izrael-se-znovu-rozhodly-predelat-blizky-vychod\/","title":{"rendered":"Spojen\u00e9 st\u00e1ty a Izrael se znovu rozhodly p\u0159ed\u011blat Bl\u00edzk\u00fd v\u00fdchod"},"content":{"rendered":"<div id=\"fb-root\"><\/div>\n<p><span style=\"font-size: 14pt;\"><strong>N\u00e1lada ve Washingtonu je dnes podobn\u00e1 jako v roce 2003, kdy se neokonzervativci Bushovy administrativy sna\u017eili p\u0159ed\u011blat Bl\u00edzk\u00fd v\u00fdchod. Tentokr\u00e1t se spole\u010dn\u00e1 vize sd\u00edlen\u00e1 Izraelem a Bidenovou administrativou sna\u017e\u00ed p\u0159etvo\u0159it region v vizi Z\u00e1padu.<\/strong><\/span><\/p>\n<p>P\u0159ed dvaadvaceti lety, kdy\u017e se ve Washingtonu shroma\u017e\u010fovaly v\u011btry v\u00e1lky, byl ve Spojen\u00fdch st\u00e1tech siln\u00fd pocit nejen vzteku, ale i p\u0159\u00edli\u0161n\u00e9 sebed\u016fv\u011bry. Neokonzervativn\u00ed hnut\u00ed bylo na vrcholu sv\u00e9ho vlivu, a to jak ve vl\u00e1d\u011b, tak mimo ni. Sv\u011bt se shrom\u00e1\u017edil kolem Spojen\u00fdch st\u00e1t\u016f a jejich invaze do Afgh\u00e1nist\u00e1nu v n\u00e1vaznosti na \u00fatoky z 11. z\u00e1\u0159\u00ed a oni si je\u0161t\u011b neuv\u011bdomili, \u017ee invazn\u00ed s\u00edly se ji\u017e propadaj\u00ed do toho, co se stane dvacetiletou ba\u017einou.<\/p>\n<p>Neocons tvrdili, \u017ee je \u010das p\u0159ed\u011blat Bl\u00edzk\u00fd v\u00fdchod podle vize Z\u00e1padu. Ignorovali skute\u010dnost, \u017ee probl\u00e9my regionu do zna\u010dn\u00e9 m\u00edry pramenily z postkoloni\u00e1ln\u00edch podm\u00ednek, kter\u00e9 vystopovaly sv\u00e9 ko\u0159eny a\u017e k rozhodnut\u00ed spojeneck\u00fdch mocnost\u00ed nakreslit hranice regionu podle jejich koloni\u00e1ln\u00edch ambic\u00ed po prvn\u00ed sv\u011btov\u00e9 v\u00e1lce, a tak vyu\u017eili p\u0159\u00edle\u017eitosti otestovat sv\u00e9 teorie.<\/p>\n<p>Ir\u00e1k byl \u00fast\u0159edn\u00edm bodem tohoto testu, ale byla to cel\u00e1 oblast, kter\u00e1 byla laborato\u0159\u00ed pro experimenty t\u011bchto \u0161\u00edlen\u00fdch v\u011bdc\u016f. Dopady katastrofy, kterou do regionu p\u0159inesli, jsou poci\u0165ov\u00e1ny dodnes.<\/p>\n<p>Dne\u0161n\u00ed n\u00e1lada ve Washingtonu je podobn\u00e1. Tentokr\u00e1t je \u00fatok na Izrael omluvou a katalyz\u00e1torem, kter\u00fd podn\u00edtil obnovenou ambici p\u0159etvo\u0159it Bl\u00edzk\u00fd v\u00fdchod, tentokr\u00e1t podle spole\u010dn\u00e9 vize sd\u00edlen\u00e9 izraelskou vl\u00e1dou Benjamina Netanjahua a administrativou Joe Bidena ve Spojen\u00fdch st\u00e1tech. .<\/p>\n<p>A\u0165 u\u017e je to mluv\u010d\u00ed ministerstva zahrani\u010d\u00ed Matthew Miller, kter\u00fd se chlub\u00ed, \u017ee Spojen\u00e9 st\u00e1ty\u00a0<a href=\"https:\/\/www.middleeastmonitor.com\/20241003-us-never-wanted-a-diplomatic-resolution-with-hamas\/\">nikdy nem\u011bly z\u00e1jem o diplomatick\u00e9 \u0159e\u0161en\u00ed<\/a>\u00a0\u00fatoku na p\u00e1smo Gazy, nebo jak\u00a0<a href=\"https:\/\/www.whitehouse.gov\/briefing-room\/statements-releases\/2024\/09\/28\/statement-from-president-joe-biden-on-the-death-of-hassan-nasrallah\/\">Joe Biden<\/a>\u00a0, tak\u00a0<a href=\"https:\/\/www.whitehouse.gov\/briefing-room\/statements-releases\/2024\/09\/28\/statement-by-vice-president-harris-on-the-death-of-hassan-nasrallah\/\">Kamala Harrisov\u00e1<\/a>\u00a0ozna\u010dili atent\u00e1t na Hasana Nasrall\u00e1ha za \u201em\u00edru spravedlnosti\u201c, p\u0159i\u010dem\u017e ignorovali stovky civilist\u00e9, kter\u00e9 Izrael p\u0159i \u00fatoku zabil v Bejr\u00fatu, triumfalismus a arogance jsou ve Washingtonu na denn\u00edm po\u0159\u00e1dku.<\/p>\n<p>Tento triumfalismus se vyrovn\u00e1v\u00e1 a p\u0159ekon\u00e1v\u00e1 v Izraeli. Netanjahuovo zavra\u017ed\u011bn\u00ed velk\u00e9 \u010d\u00e1sti nejvy\u0161\u0161\u00edho veden\u00ed Hizball\u00e1hu, v\u010detn\u011b Nasrall\u00e1ha, pomohlo odvr\u00e1tit pozornost od Gazy, kde Izrael zni\u010dil velkou \u010d\u00e1st P\u00e1sma, zabil des\u00edtky tis\u00edc nevinn\u00fdch, ale p\u0159es v\u0161echnu tu krev je\u0161t\u011b porazil Ham\u00e1s.<\/p>\n<p>Radik\u00e1ln\u00ed osadn\u00edk a b\u00fdval\u00fd izraelsk\u00fd premi\u00e9r Naftali Bennett\u00a0<a href=\"https:\/\/www.timesofisrael.com\/liveblog_entry\/bennett-now-the-time-for-israel-to-destroy-irans-nuclear-program\/\">vyzval Izrael,<\/a>\u00a0aby zni\u010dil \u00edr\u00e1nsk\u00e9 jadern\u00e9 reaktory. Dal\u0161\u00ed b\u00fdval\u00fd premi\u00e9r, \u00fadajn\u011b racion\u00e1ln\u011bj\u0161\u00ed Ehud Barak,\u00a0<a href=\"https:\/\/www.democracynow.org\/2024\/10\/3\/israel_lebanon\">varoval Izrael,<\/a>\u00a0aby se nepokou\u0161el j\u00edt do v\u00e1lky s \u00cdr\u00e1nem, dokud nez\u00edsk\u00e1 pot\u0159ebnou pomoc od Spojen\u00fdch st\u00e1t\u016f. My\u0161lenka deeskalace je v tomto diskurzu neviditeln\u00e1.<\/p>\n<figure class=\"wp-block-pullquote alignleft\"><strong><em>N\u00e1lada v Izraeli a Washingtonu prozrazuje realitu za izraelsk\u00fdm genocidn\u00edm programem v Gaze. Od 7. \u0159\u00edjna do tohoto okam\u017eiku se Netanjahuova vl\u00e1da zam\u011b\u0159ila nikoli na Gazu nebo dokonce Z\u00e1padn\u00ed b\u0159eh, ale na \u00cdr\u00e1n.<\/em><\/strong><\/figure>\n<p>N\u00e1lada v Izraeli a Washingtonu prozrazuje realitu za izraelsk\u00fdm genocidn\u00edm programem v Gaze. Od 7. \u0159\u00edjna do tohoto okam\u017eiku se Netanjahuova vl\u00e1da zam\u011b\u0159ovala nikoli na Gazu nebo dokonce Z\u00e1padn\u00ed b\u0159eh, ale na \u00cdr\u00e1n. Naprost\u00fd nedostatek hodnoty, kterou Izrael, Spojen\u00e9 st\u00e1ty a jejich evrop\u0161t\u00ed spojenci p\u0159ikl\u00e1daj\u00ed palestinsk\u00fdm \u017eivot\u016fm, znamenal, \u017ee tito nes\u010detn\u00ed lid\u00e9 v Gaze, kte\u0159\u00ed zem\u0159eli p\u0159\u00edmo na izraelsk\u00e9 \u00fatoky a nep\u0159\u00edmo na nemoci, vystaven\u00ed t\u011blu, nedostatek \u010dist\u00e9 vody, podv\u00fd\u017eivu, hlad a v\u0161echny ostatn\u00ed dopady v\u00e1lky byly v\u0161echny ob\u011btov\u00e1ny jako \u00favodn\u00ed salva v posledn\u00edm pokusu \u201ep\u0159ed\u011blat Bl\u00edzk\u00fd v\u00fdchod\u201c.<\/p>\n<p>Bohu\u017eel nejprve Hizball\u00e1h a pot\u00e9 \u00cdr\u00e1n se mohly\u00a0<a href=\"https:\/\/substack.com\/@mitchellplitnick\/note\/c-71056668\">konfrontaci vyh\u00fdbat jen tak dlouho<\/a>\u00a0. Hizball\u00e1h se nemohl oto\u010dit z\u00e1dy k Ham\u00e1su, a\u010dkoli oni i \u00cdr\u00e1n byli zjevn\u011b p\u0159isti\u017eeni nev\u011bdomky, kdy\u017e Hamas zah\u00e1jil sv\u016fj \u00fatok 7. \u0159\u00edjna. \u00cdr\u00e1nsk\u00e1 strategie trp\u011blivosti a hran\u00ed dlouh\u00e9 hry m\u016f\u017ee b\u00fdt moud\u0159ej\u0161\u00ed, ale ani oni, ani Hizball\u00e1h si to nemohli dovolit. b\u00fdt vn\u00edm\u00e1n jako ne\u010dinn\u00fd tv\u00e1\u0159\u00ed v tv\u00e1\u0159 masov\u00e9mu masakru, kter\u00fd Izrael rozpoutal v Gaze.<\/p>\n<p>Skute\u010dn\u00fd posun, kter\u00fd mohl \u00cdr\u00e1n ve sv\u00fdch v\u00fdpo\u010dtech p\u0159ed rokem podcenit, je ten ve Washingtonu. Joe Biden za\u0161el d\u00e1le ne\u017e kter\u00fdkoli z jeho p\u0159edch\u016fdc\u016f, kdy\u017e odm\u00edtl omezovat Izrael by\u0165 jen v nejmen\u0161\u00ed m\u00ed\u0159e. V minulosti se ameri\u010dt\u00ed prezidenti v\u017edy sna\u017eili zabr\u00e1nit Izraeli zat\u00e1hnout Bl\u00edzk\u00fd v\u00fdchod do region\u00e1ln\u00ed v\u00e1lky, kter\u00e1 by zat\u00e1hla USA a dal\u0161\u00ed zem\u011b.<\/p>\n<p>Donald Trump byl n\u011bco v\u00fdjime\u010dn\u00e9ho ve sv\u00e9 shov\u00edvavosti v\u016f\u010di Izraeli a lehkomyslnosti p\u0159i jedn\u00e1n\u00ed s \u00cdr\u00e1nem (nejz\u0159eteln\u011bj\u0161\u00edm p\u0159\u00edkladem je zavra\u017ed\u011bn\u00ed K\u00e1sima Sulejm\u00e1n\u00edho a zru\u0161en\u00ed JCPOA), ale pro Izrael byl p\u0159\u00edli\u0161 rtu\u0165nat\u00fd a nep\u0159edv\u00eddateln\u00fd, ne\u017e aby si byl jist\u00fd, \u017ee to ud\u011bl\u00e1. jednat tak, jak cht\u011bli, kdyby vyprovokovali v\u00e1lku s \u00cdr\u00e1nem.<\/p>\n<p>Biden pohnul jehlou. Od za\u010d\u00e1tku dal naprosto jasn\u011b najevo, \u017ee Izrael a\u017e po u\u0161i podporuje. Poka\u017ed\u00e9, kdy\u017e Netanjahu testoval limity Bidenovy tolerance, zjistil, \u017ee jsou neomezen\u00e9. Poka\u017ed\u00e9, kdy\u017e Netanjahu p\u0159ekro\u010dil takzvanou Bidenovu \u201e\u010dervenou linii\u201c, nejen\u017ee ne\u010delil \u017e\u00e1dn\u00fdm n\u00e1sledk\u016fm, ale byl odm\u011bn\u011bn v\u00edce pen\u011bzi a zbran\u011bmi. I kdy\u017e Netanjahu\u00a0<a href=\"https:\/\/theintercept.com\/2024\/10\/03\/netanyahu-putin-israel-russia-trump-election\/\">pracoval<\/a>\u00a0na podpo\u0159e Donalda Trumpa\u00a0<a href=\"https:\/\/www.nytimes.com\/2024\/09\/03\/opinion\/netanyahu-trump-harris.html\">v t\u011bchto volb\u00e1ch<\/a>\u00a0, Biden z\u016fstal neochv\u011bjn\u011b odd\u00e1n izraelsk\u00e9mu programu.<\/p>\n<p>Nebezpe\u010d\u00ed spojen\u00ed takov\u00e9ho druhu \u00facty k Izraeli s\u00a0<a href=\"https:\/\/mitchellplitnick.substack.com\/p\/the-goals-of-israels-far-right\">odhodl\u00e1n\u00edm izraelsk\u00e9 krajn\u00ed pravice<\/a>\u00a0v\u00e9st rozs\u00e1hlou v\u00e1lku bez obav z region\u00e1ln\u00edch d\u016fsledk\u016f nelze p\u0159ece\u0148ovat. Toto je moment, kter\u00fd p\u0159evy\u0161uje americkou invazi do Ir\u00e1ku v roce 2003 kv\u016fli potenci\u00e1ln\u00edmu ot\u0159esu, kter\u00fd m\u016f\u017ee v regionu zp\u016fsobit.<\/p>\n<p>I kdy\u017e se pravideln\u011b objevuj\u00ed zpr\u00e1vy o neshod\u00e1ch v r\u00e1mci v\u00fdkonn\u00e9 slo\u017eky, mnoho Bidenov\u00fdch kl\u00ed\u010dov\u00fdch poradc\u016f je\u00a0<a href=\"https:\/\/www.politico.com\/news\/2024\/09\/30\/us-israel-military-hezbollah-00181797\">pln\u011b zapojeno<\/a>\u00a0do zvy\u0161ov\u00e1n\u00ed pod\u00edlu proti \u00cdr\u00e1nu. Reakce, kter\u00e9 pr\u00e1v\u011b vid\u00edme na posledn\u00ed eskalaci, to dokazuj\u00ed.<\/p>\n<h2 class=\"wp-block-heading\"><strong>Touha po v\u00e1lce<\/strong><\/h2>\n<p>Pot\u00e9, co Izrael zavra\u017edil Ismaila Haniyeha v Teher\u00e1nu, \u00cdr\u00e1n sl\u00edbil odvetu, kter\u00e1 nikdy nep\u0159i\u0161la. Nejpravd\u011bpodobn\u011bj\u0161\u00edm vysv\u011btlen\u00edm je, \u017ee \u00cdr\u00e1n \u010dekal na \u010das, proto\u017ee v\u011bd\u011bl, \u017ee nen\u00ed v pozici vojensk\u00e9 s\u00edly, a doufal, \u017ee dom\u00e1c\u00ed americk\u00e9 tlaky by mohly b\u00fdt zes\u00edleny\u00a0<a href=\"https:\/\/diplomatic.substack.com\/p\/new-iran-presidents-entourage-in\">projevenou otev\u0159enost\u00ed<\/a>\u00a0nov\u00e9ho \u00edr\u00e1nsk\u00e9ho prezidenta Masouda Pezeshkiana k obnoven\u00ed uvoln\u011bn\u00ed nap\u011bt\u00ed se Z\u00e1padem.<\/p>\n<p>Bohu\u017eel, Pezeshkian\u016fv pragmatismus \u2013 kter\u00fd byl vzhledem k proti\u00edr\u00e1nsk\u00e9mu nep\u0159\u00e1telstv\u00ed ve Spojen\u00fdch st\u00e1tech v\u017edy p\u0159iv\u00edt\u00e1n skepticky \u2013 je Ameri\u010dan\u016fm velkou nezn\u00e1mou, proto\u017ee jej v\u011bt\u0161ina na\u0161ich m\u00e9di\u00ed ignoruje.<\/p>\n<p>M\u00edsto toho se n\u00e1m naskytnou pod\u00edvan\u00e9 podobn\u00e9 t\u011bm, kter\u00e9 jsme m\u011bli b\u011bhem \u00fatern\u00ed viceprezidentsk\u00e9 debaty, kde\u00a0<a href=\"https:\/\/www.cbsnews.com\/news\/full-vp-debate-transcript-walz-vance-2024\/\">\u00fapln\u011b prvn\u00ed ot\u00e1zka<\/a>\u00a0polo\u017een\u00e1 kandid\u00e1t\u016fm nebyla, jak zm\u00edrnit region\u00e1ln\u00ed nap\u011bt\u00ed, ale zda by podpo\u0159ili izraelsk\u00fd \u00fatok na \u00edr\u00e1nsk\u00e1 jadern\u00e1 za\u0159\u00edzen\u00ed.<\/p>\n<figure class=\"wp-block-pullquote alignright\"><strong><em>Zpr\u00e1va v\u00a0Politico\u00a0uvedla, \u017ee Bidenovi hlavn\u00ed poradci Brett McGurk a Amos Hochstein tvrd\u011b prosazuj\u00ed velk\u00fd \u00fatok na Libanon a pota\u017emo \u00cdr\u00e1n.\u00a0<\/em><\/strong><\/figure>\n<p><em>Slint\u00e1n\u00ed nad vyhl\u00eddkou na v\u00e1lku se v\u016fbec<\/em> neomezuje na m\u00e9dia.\u00a0<a href=\"https:\/\/www.politico.com\/news\/2024\/09\/30\/us-israel-military-hezbollah-00181797\">Zpr\u00e1va v\u00a0<em>Politico<\/em><\/a><em>\u00a0<\/em>uvedla, \u017ee Bidenovi hlavn\u00ed poradci Brett McGurk a Amos Hochstein tvrd\u011b prosazuj\u00ed velk\u00fd \u00fatok na Libanon a pota\u017emo \u00cdr\u00e1n.<\/p>\n<p>Podle\u00a0<em>Politico<\/em>\u00a0\u201eHochstein, McGurk a dal\u0161\u00ed vrcholn\u00ed p\u0159edstavitel\u00e9 americk\u00e9 n\u00e1rodn\u00ed bezpe\u010dnosti v z\u00e1kulis\u00ed popisuj\u00ed izraelsk\u00e9 operace v Libanonu jako okam\u017eik ur\u010duj\u00edc\u00ed historii \u2013 okam\u017eik, kter\u00fd v nadch\u00e1zej\u00edc\u00edch letech p\u0159etvo\u0159\u00ed Bl\u00edzk\u00fd v\u00fdchod k lep\u0161\u00edmu. My\u0161lenka je takov\u00e1: Izrael vymazal vrchn\u00ed velitelskou strukturu Hizball\u00e1hu v Libanonu, v\u00e1\u017en\u011b podkopal schopnosti skupiny a oslabil \u00cdr\u00e1n, kter\u00fd pou\u017e\u00edval Hizball\u00e1h jako z\u00e1stupce a mocensk\u00fd projektor.<\/p>\n<p>Zpr\u00e1va nazna\u010duje, \u017ee tento n\u00e1zor v B\u00edl\u00e9m dom\u011b zv\u00edt\u011bzil a \u017ee roz\u0161\u00ed\u0159en\u00ed operace proti Hizball\u00e1hu \u201eby mohlo nab\u00eddnout p\u0159\u00edle\u017eitost sn\u00ed\u017eit vliv \u00cdr\u00e1nu v Libanonu a regionu\u201c.<\/p>\n<h2 class=\"wp-block-heading\"><strong>Realita \u00edr\u00e1nsk\u00e9ho raketov\u00e9ho \u00fatoku<\/strong><\/h2>\n<figure class=\"wp-block-image size-large\"><img decoding=\"async\" loading=\"lazy\" class=\"wp-image-304307 entered lazyloaded aligncenter\" src=\"https:\/\/mondoweiss.net\/wp-content\/uploads\/2024\/10\/GY1CZWUW0AA7unJ-1024x576.jpg\" sizes=\"(max-width: 1024px) 100vw, 1024px\" srcset=\"https:\/\/mondoweiss.net\/wp-content\/uploads\/2024\/10\/GY1CZWUW0AA7unJ-1024x576.jpg 1024w, https:\/\/mondoweiss.net\/wp-content\/uploads\/2024\/10\/GY1CZWUW0AA7unJ-300x169.jpg 300w, https:\/\/mondoweiss.net\/wp-content\/uploads\/2024\/10\/GY1CZWUW0AA7unJ-150x84.jpg 150w, https:\/\/mondoweiss.net\/wp-content\/uploads\/2024\/10\/GY1CZWUW0AA7unJ-768x432.jpg 768w, https:\/\/mondoweiss.net\/wp-content\/uploads\/2024\/10\/GY1CZWUW0AA7unJ.jpg 1280w\" alt=\"\u00cdr\u00e1nsk\u00e9 balistick\u00e9 st\u0159ely m\u00ed\u0159\u00ed na izraelsk\u00e9 vojensk\u00e9 a bezpe\u010dnostn\u00ed c\u00edle 1. \u0159\u00edjna 2023. (Foto: Fars News Agency)\" width=\"935\" height=\"526\" data-lazy-srcset=\"https:\/\/mondoweiss.net\/wp-content\/uploads\/2024\/10\/GY1CZWUW0AA7unJ-1024x576.jpg 1024w, https:\/\/mondoweiss.net\/wp-content\/uploads\/2024\/10\/GY1CZWUW0AA7unJ-300x169.jpg 300w, https:\/\/mondoweiss.net\/wp-content\/uploads\/2024\/10\/GY1CZWUW0AA7unJ-150x84.jpg 150w, https:\/\/mondoweiss.net\/wp-content\/uploads\/2024\/10\/GY1CZWUW0AA7unJ-768x432.jpg 768w, https:\/\/mondoweiss.net\/wp-content\/uploads\/2024\/10\/GY1CZWUW0AA7unJ.jpg 1280w\" data-lazy-sizes=\"(max-width: 1024px) 100vw, 1024px\" data-lazy-src=\"https:\/\/mondoweiss.net\/wp-content\/uploads\/2024\/10\/GY1CZWUW0AA7unJ-1024x576.jpg\" data-ll-status=\"loaded\" \/><figcaption class=\"wp-element-caption\"><em>\u00cdr\u00e1nsk\u00e9 balistick\u00e9 st\u0159ely m\u00ed\u0159\u00ed na izraelsk\u00e9 vojensk\u00e9 a bezpe\u010dnostn\u00ed c\u00edle 1. \u0159\u00edjna 2023. (Foto: Fars News Agency)<\/em><\/figcaption><\/figure>\n<p>Mus\u00edme m\u00edt jasno v tom, jak se na tom jednotliv\u00e9 strany stav\u00ed. Zat\u00edmco Bidenova administrativa v uplynul\u00e9m roce trvala na tom, \u017ee se chce region\u00e1ln\u00ed v\u00e1lce vyhnout, jejich \u010diny k n\u00ed region posunuly.<\/p>\n<p>Jist\u011b, toto riziko podstoupil i Hizball\u00e1h, kdy\u017e otev\u0159el severn\u00ed frontu s Izraelem, aby pomohl Hamasu odolat izraelsk\u00e9mu n\u00e1poru t\u00edm, \u017ee se pokusil rozd\u011blit izraelsk\u00e9 s\u00edly. P\u0159esto, kdy\u017e do\u0161lo k tlaku, Hizball\u00e1h rozpoznal hrozbu, kterou Izrael p\u0159edstavuje, a byl ochoten p\u0159istoupit na kompromis. Libanonsk\u00fd \u00fa\u0159aduj\u00edc\u00ed ministr zahrani\u010d\u00ed Abdallah Bou Habib\u00a0<a href=\"https:\/\/www.youtube.com\/watch?v=vu1_q1vlUXU\">\u0159ekl Christiane Amanpourov\u00e9 ze CNN<\/a>\u00a0, \u017ee Hizball\u00e1h souhlasil s n\u00e1vrhem USA a Francie na 21denn\u00ed p\u0159\u00edm\u011b\u0159\u00ed kr\u00e1tce p\u0159edt\u00edm, ne\u017e ho Izrael zabil.<\/p>\n<p>Habib nen\u00ed hl\u00e1snou troubou Hizball\u00e1hu. Je dlouholet\u00fdm ekonomem Sv\u011btov\u00e9 banky a b\u00fdval\u00fdm libanonsk\u00fdm velvyslancem v USA. Dal jasn\u011b najevo, \u017ee Ameri\u010dan\u00e9 a Izraelci v\u011bd\u011bli, \u017ee Hizball\u00e1h souhlasil s p\u0159\u00edm\u011b\u0159\u00edm.<\/p>\n<p>\u00cdr\u00e1n se tak\u00e9 sna\u017e\u00ed vyhnout eskalaci. Isl\u00e1msk\u00e1 republika v\u0161ak\u00a0<a href=\"https:\/\/asiatimes.com\/2024\/09\/iran-buckling-under-all-bark-no-bite-israel-policy\/\">\u010delila kritice<\/a>\u00a0za svou \u201estrategickou trp\u011blivost\u201c a hrozilo, \u017ee se bude tv\u00e1\u0159\u00ed v tv\u00e1\u0159 izraelsk\u00e9 agresi zd\u00e1t impotentn\u00ed, zat\u00edmco Hizball\u00e1h, Ansarall\u00e1h, Ham\u00e1s a dal\u0161\u00ed men\u0161\u00ed skupiny podnikaj\u00ed kroky.<\/p>\n<p>Po zavra\u017ed\u011bn\u00ed Nasrall\u00e1ha\u00a0<a href=\"https:\/\/substack.com\/@mitchellplitnick\/note\/c-71056668\">musel \u00cdr\u00e1n reagovat<\/a>\u00a0. P\u0159esto, i kdy\u017e se tak stalo,\u00a0<a href=\"https:\/\/www.middleeasteye.net\/news\/iran-missile-strikes-israel-sought-illustrate-military-strengths\">zam\u011b\u0159ila se na izraelsk\u00e1 vojensk\u00e1 m\u00edsta<\/a>\u00a0a, stejn\u011b jako v dubnu, p\u0159edem varovala Spojen\u00e9 st\u00e1ty. Tentokr\u00e1t \u00cdr\u00e1n pou\u017eil vysoce kvalitn\u00ed rakety a poskytl USA mnohem m\u00e9n\u011b \u010dasu na p\u0159\u00edpravu sebe a Izraelc\u016f na obranu proti raket\u00e1m. V r\u00e1mci izraelsk\u00e9ho syst\u00e9mu vojensk\u00e9 cenzury\u00a0panovalo\u00a0<a href=\"https:\/\/www.middleeasteye.net\/news\/israel-censors-reporting-military-sites-hit-iran-obscuring-extent-strikes\">zna\u010dn\u00e9 utajen\u00ed<\/a>\u00a0o rozsahu \u0161kod, kter\u00e9 mohl \u00cdr\u00e1n nap\u00e1chat touto posledn\u00ed palbou.<\/p>\n<p>\u00cdr\u00e1n jasn\u011b zintenzivnil svou reakci a uznal, \u017ee jak jeho ne\u010dinnost po zabit\u00ed Haniyeh, tak jeho velmi zdr\u017eenliv\u00fd raketov\u00fd \u00fatok v dubnu sp\u00ed\u0161e povzbudily, ne\u017e odradily, izraelsk\u00e9 a americk\u00e9 dobrodru\u017estv\u00ed. P\u0159esto se st\u00e1le sna\u017eili minimalizovat reakci v nad\u011bji, \u017ee se vyhnou dal\u0161\u00ed eskalaci ze strany USA a Izraele.<\/p>\n<p>Biden ve st\u0159edu \u0159ekl, \u017ee Spojen\u00e9 st\u00e1ty\u00a0<a href=\"https:\/\/www.reuters.com\/world\/middle-east\/biden-says-he-does-not-support-attack-irans-nuclear-sites-2024-10-02\/\">nepodporuj\u00ed<\/a>\u00a0\u00fader na \u00edr\u00e1nsk\u00e1 jadern\u00e1 za\u0159\u00edzen\u00ed. Nen\u00ed to takov\u00fd \u00fastupek, jak by se mohlo zd\u00e1t.<\/p>\n<p>\u00cdr\u00e1nsk\u00fd jadern\u00fd program se nesoust\u0159ed\u00ed na jedin\u00e9 m\u00edsto, jako byl syrsk\u00fd v roce 2007 nebo ir\u00e1ck\u00fd v roce 1981, kdy Izrael tato m\u00edsta bombardoval. \u00cdr\u00e1nsk\u00e1 za\u0159\u00edzen\u00ed jsou rozeseta po cel\u00e9 zemi, n\u011bkter\u00e1 z nich hluboko pod zem\u00ed. \u00datok na kter\u00e9hokoli z nich program jako celek neochrom\u00ed, ale rozhodn\u011b by \u00cdr\u00e1n p\u0159im\u011bl k tomu, aby urychlil sv\u016fj jadern\u00fd v\u00fdvoj, jak jen m\u016f\u017ee.<\/p>\n<p>Vhodn\u011bj\u0161\u00ed ot\u00e1zkou je, zda se Izrael zdr\u017e\u00ed zam\u011b\u0159ov\u00e1n\u00ed na takov\u00e9 civiln\u00ed oblasti, jak\u00e9 maj\u00ed v Gaze, na Z\u00e1padn\u00edm b\u0159ehu, v Libanonu, S\u00fdrii a Jemenu. Rozs\u00e1hl\u00e9 civiln\u00ed \u0161kody by si vynutily mnohem siln\u011bj\u0161\u00ed \u00edr\u00e1nskou reakci.<\/p>\n<p>Nebo by Izrael mohl za\u00fato\u010dit na \u00edr\u00e1nsk\u00e1 ropn\u00e1 pole v nad\u011bji, \u017ee zp\u016fsob\u00ed velk\u00e9 \u0161kody \u00edr\u00e1nsk\u00e9mu hospod\u00e1\u0159stv\u00ed, kter\u00e9 je ji\u017e tak slab\u00e9. Pokud Izrael bude pokra\u010dovat t\u00edmto sm\u011brem, vyvol\u00e1v\u00e1 to z\u0159etelnou mo\u017enost, \u017ee by \u00cdr\u00e1n mohl za\u00fato\u010dit na ropn\u00e1 pole v arabsk\u00fdch zem\u00edch, kter\u00e1 jsou kl\u00ed\u010dov\u00e1 pro americk\u00e9, izraelsk\u00e9 a evropsk\u00e9 dod\u00e1vky energie. Ka\u017ed\u00fd z t\u011bchto sc\u00e9n\u00e1\u0159\u016f v\u00fdznamn\u011b zvy\u0161uje pravd\u011bpodobnost velk\u00e9 region\u00e1ln\u00ed v\u00e1lky.<\/p>\n<p>Druhou mo\u017enost\u00ed je, \u017ee by se Izrael spokojil se symbolickou odpov\u011bd\u00ed, kter\u00e1, stejn\u011b jako tento t\u00fdden \u00cdr\u00e1n, prok\u00e1\u017ee sv\u00e9 schopnosti, ale zp\u016fsob\u00ed relativn\u011b mal\u00e9 \u0161kody. To by byl nejracion\u00e1ln\u011bj\u0161\u00ed postup, ale ot\u00e1zkou je, jestli by Izrael pokra\u010doval s licenc\u00ed ke st\u0159elb\u011b, kterou mu znovu ud\u011blila Bidenova administrativa, racion\u00e1ln\u00edm sm\u011brem?<\/p>\n<p>Vzhledem k horlivosti, s n\u00ed\u017e se zd\u00e1, \u017ee Bidenova administrativa tla\u010d\u00ed kup\u0159edu s dal\u0161\u00edm odsouzen\u00fdm pokusem \u201ep\u0159ed\u011blat Bl\u00edzk\u00fd v\u00fdchod\u201c, se racionalita jev\u00ed jako sen. Poka\u017ed\u00e9, kdy\u017e se o to pokusilo, a\u0165 u\u017e se jedn\u00e1 o Sykes-Picotovu dohodu po prvn\u00ed sv\u011btov\u00e9 v\u00e1lce, invazi do Ir\u00e1ku nebo izraelsk\u00e9 \u00fatoky na Libanon v 70. a 80. letech, v\u017edy to skon\u010dilo katastrofou a zasazen\u00edm sem\u00ednek dal\u0161\u00edch konflikt\u016f a krveprolit\u00ed. .<\/p>\n<p>Nen\u00ed d\u016fvod se domn\u00edvat, \u017ee tentokr\u00e1t to bude jinak.<\/p>\n<p><span style=\"font-size: 10pt;\"><em><strong>\u00davodn\u00ed fotografie:<\/strong> Prezident Spojen\u00fdch st\u00e1t\u016f americk\u00fdch Joe Biden je v\u00edt\u00e1n izraelsk\u00fdm premi\u00e9rem Benjaminem Netanjahuem na mezin\u00e1rodn\u00edm leti\u0161ti Ben Gurion pobl\u00ed\u017e Tel Avivu, 18. \u0159\u00edjna 2023. (Foto: \u00a9 Avi Ohayon\/Israel Gpo via ZUMA Press Wire APA Images)<\/em><\/span><\/p>\n<hr class=\"wp-block-separator has-alpha-channel-opacity\" \/>\n<p class=\"has-small-font-size\"><strong>Mitchell Plitnick<\/strong><br \/>\nMitchell Plitnick je prezidentem ReThinking Foreign Policy. Spolu s Marcem Lamontem Hillem je spoluautorem knihy\u00a0<em>Except for Palestine: The Limits of Progressive Politics<\/em>\u00a0. Mitchellovy p\u0159edchoz\u00ed pozice zahrnuj\u00ed viceprezidenta Nadace pro m\u00edr na Bl\u00edzk\u00e9m v\u00fdchod\u011b, \u0159editele americk\u00e9 kancel\u00e1\u0159e B&#8217;Tselem a spolu\u0159editele \u017didovsk\u00e9ho hlasu pro m\u00edr.<\/p>\n<p class=\"has-small-font-size\">Najdete ho na Twitteru\u00a0<a href=\"https:\/\/twitter.com\/MJPlitnick\">@MJPlitnick<\/a><\/p>\n<p>&nbsp;<\/p>\n","protected":false},"excerpt":{"rendered":"<p>N\u00e1lada ve Washingtonu je dnes podobn\u00e1 jako v roce 2003, kdy se neokonzervativci Bushovy administrativy&#8230;<\/p>\n","protected":false},"author":2,"featured_media":63691,"comment_status":"closed","ping_status":"closed","sticky":false,"template":"","format":"standard","meta":[],"categories":[7],"tags":[1042,348,107,6096,37],"_links":{"self":[{"href":"https:\/\/www.infokuryr.cz\/n\/wp-json\/wp\/v2\/posts\/63690"}],"collection":[{"href":"https:\/\/www.infokuryr.cz\/n\/wp-json\/wp\/v2\/posts"}],"about":[{"href":"https:\/\/www.infokuryr.cz\/n\/wp-json\/wp\/v2\/types\/post"}],"author":[{"embeddable":true,"href":"https:\/\/www.infokuryr.cz\/n\/wp-json\/wp\/v2\/users\/2"}],"replies":[{"embeddable":true,"href":"https:\/\/www.infokuryr.cz\/n\/wp-json\/wp\/v2\/comments?post=63690"}],"version-history":[{"count":1,"href":"https:\/\/www.infokuryr.cz\/n\/wp-json\/wp\/v2\/posts\/63690\/revisions"}],"predecessor-version":[{"id":63692,"href":"https:\/\/www.infokuryr.cz\/n\/wp-json\/wp\/v2\/posts\/63690\/revisions\/63692"}],"wp:featuredmedia":[{"embeddable":true,"href":"https:\/\/www.infokuryr.cz\/n\/wp-json\/wp\/v2\/media\/63691"}],"wp:attachment":[{"href":"https:\/\/www.infokuryr.cz\/n\/wp-json\/wp\/v2\/media?parent=63690"}],"wp:term":[{"taxonomy":"category","embeddable":true,"href":"https:\/\/www.infokuryr.cz\/n\/wp-json\/wp\/v2\/categories?post=63690"},{"taxonomy":"post_tag","embeddable":true,"href":"https:\/\/www.infokuryr.cz\/n\/wp-json\/wp\/v2\/tags?post=63690"}],"curies":[{"name":"wp","href":"https:\/\/api.w.org\/{rel}","templated":true}]}}