{"id":63680,"date":"2024-10-07T00:32:20","date_gmt":"2024-10-06T22:32:20","guid":{"rendered":"https:\/\/www.infokuryr.cz\/n\/?p=63680"},"modified":"2024-10-06T13:59:59","modified_gmt":"2024-10-06T11:59:59","slug":"afghanci-zneuzivaji-deti-ve-venkovnim-bazenu-pouze-sest-mesicu-nepodmineneho-vezeni","status":"publish","type":"post","link":"https:\/\/www.infokuryr.cz\/n\/2024\/10\/07\/afghanci-zneuzivaji-deti-ve-venkovnim-bazenu-pouze-sest-mesicu-nepodmineneho-vezeni\/","title":{"rendered":"Afgh\u00e1nci zneu\u017e\u00edvaj\u00ed d\u011bti ve venkovn\u00edm baz\u00e9nu: pouze \u0161est m\u011bs\u00edc\u016f nepodm\u00edn\u011bn\u00e9ho v\u011bzen\u00ed"},"content":{"rendered":"<div id=\"fb-root\"><\/div>\n<p><strong><span>To je v Rakousku \u201espravedlnost\u201c. Dva Afgh\u00e1nci zneu\u017eili sedm d\u011bt\u00ed ve v\u011bku od dev\u00edti do 13 let v dolnorakousk\u00e9m Traiskirchenu (kde je \u0161\u00e9f SP\u00d6 Babler starostou). Verdikt: \u0161est m\u011bs\u00edc\u016f nepodm\u00edn\u011bn\u00e9ho v\u011bzen\u00ed, dal\u0161\u00edch 12 m\u011bs\u00edc\u016f zku\u0161ebn\u00ed doby. Trest odn\u011bt\u00ed svobody je tedy stejn\u011b dobr\u00fd jako v\u00fdkon vy\u0161et\u0159ovac\u00ed vazby. Rodi\u010de ob\u011bt\u00ed jsou ohromeni. T\u00fdran\u00e9 d\u00edt\u011b si klade legitimn\u00ed ot\u00e1zku: \u201ePro\u010d jsou tady?<\/span><\/strong><\/p>\n<p><span>U soudu, kde se p\u0159\u00edpad projedn\u00e1val 3. \u0159\u00edjna, Afgh\u00e1nci uvedli svou opilost. Poprv\u00e9 v \u017eivot\u011b vypili alkohol \u2013 l\u00e1hev vodky. Pak se cht\u011bli \u201en\u011bjak pobavit\u201c. Pod vodou sexu\u00e1ln\u011b obt\u011b\u017eovali \u0161est d\u00edvek a chlapce a dot\u00fdkali se jejich genit\u00e1li\u00ed.<\/span><\/p>\n<p><span>Afgh\u00e1nci jsou v Rakousku pova\u017eov\u00e1ni za \u201euprchl\u00edky\u201c. \u017dili v po\u010d\u00e1te\u010dn\u00edm p\u0159ij\u00edmac\u00edm st\u0159edisku Traiskirchen, obrovsk\u00e9m azylov\u00e9m st\u0159edisku, kter\u00e9 je pravideln\u011b ter\u010dem krimin\u00e1ln\u00edch \u010din\u016f n\u011bkter\u00fdch migrant\u016f, kte\u0159\u00ed tam pob\u00fdvaj\u00ed.<\/span><\/p>\n<p><span>Otec Patrick cituje Kronenzeitung:\u00a0<\/span><em><span>\u201eU\u017e d\u00e1vno jsem ztratil v\u00edru v soudn\u00ed syst\u00e9m. &#8222;Tohle je v\u0161echno jen hovno!<\/span><\/em><span>\u00a0&#8220; Jeho dev\u00edtilet\u00e1 dcera se pt\u00e1, pro\u010d jsou tito mu\u017ei v\u016fbec tady. Tuto ot\u00e1zku od d\u011bt\u00ed sl\u00fdch\u00e1val autor t\u011bchto \u0159\u00e1dk\u016f \u010dasto. A tak\u00e9 prohl\u00e1\u0161en\u00ed \u201eoni sem nepat\u0159\u00ed\u201c. To, co je d\u011btem a mlad\u00fdm lidem intuitivn\u00ed, je pro takzvan\u00e9 \u201elev\u00e1ky\u201c zjevn\u011b p\u0159\u00edli\u0161 slo\u017eit\u00e9. Lidovci od roku 2015 podporuj\u00ed masov\u00fd dovoz cizinc\u016f, pravd\u011bpodobn\u011b z toho d\u016fvodu, \u017ee se d\u00e1 velmi dob\u0159e vyd\u011blat na azylov\u00fdch domech a azylov\u00fdch slu\u017eb\u00e1ch.<\/span><\/p>\n<p><span>Nepravomocn\u00fd verdikt: 18 m\u011bs\u00edc\u016f v\u011bzen\u00ed, z toho 6 m\u011bs\u00edc\u016f nepodm\u00edn\u011bn\u011b. To znamen\u00e1, \u017ee Afgh\u00e1nci se budou moci voln\u011b proch\u00e1zet a znovu konzumovat vodku jen n\u011bkolik dn\u00ed po uzav\u0159en\u00ed jedn\u00e1n\u00ed.<\/span><\/p>\n<p><span>Dosud nen\u00ed zn\u00e1mo, kter\u00fd paragraf trestn\u00edho z\u00e1kona by byl pou\u017eit\u00a0<\/span><a href=\"https:\/\/www.jusline.at\/gesetz\/stgb\/paragraf\/218\" target=\"_blank\" rel=\"noreferrer noopener\"><span>\u00a7 218 trestn\u00edho z\u00e1kon\u00edku, sexu\u00e1ln\u00ed obt\u011b\u017eov\u00e1n\u00ed a sexu\u00e1ln\u00ed akty na ve\u0159ejnosti<\/span><\/a><span>\u00a0. Maxim\u00e1ln\u00ed trestn\u00ed sazba podle \u00a7 218 odst. 2b (\u010din sp\u00e1chan\u00fd spole\u010dn\u011b) je 2 roky odn\u011bt\u00ed svobody. V d\u016fsledku toho soudce vy\u010derpal sv\u00e9 z\u00e1konn\u00e9 mo\u017enosti, zejm\u00e9na pokud neexistovaly \u017e\u00e1dn\u00e9 p\u0159edchoz\u00ed odsouzen\u00ed.<\/span><\/p>\n<p><span>Mnoho pr\u00e1vn\u00edk\u016f ji\u017e Report24 \u0159eklo, \u017ee podle jejich n\u00e1zoru je rozsah trest\u016f za sexu\u00e1ln\u00ed zneu\u017e\u00edv\u00e1n\u00ed v Rakousku p\u0159\u00edli\u0161 n\u00edzk\u00fd. Soudci proto maj\u00ed jen m\u00e1lo p\u0159\u00edle\u017eitost\u00ed ukl\u00e1dat p\u0159\u00edsn\u011bj\u0161\u00ed tresty, jako je dlouhodob\u00e9 odn\u011bt\u00ed svobody, a m\u00edt tak odrazuj\u00edc\u00ed \u00fa\u010dinek.<\/span><\/p>\n<p><span>Dv\u011b z ob\u011bt\u00ed zastupoval zn\u00e1m\u00fd\u00a0<\/span><a href=\"https:\/\/x.com\/FHollwarth\/status\/1842088631462219836\" target=\"_blank\" rel=\"noreferrer noopener\"><span>pr\u00e1vn\u00edk Florian H\u00f6llwarth<\/span><\/a><span> . H\u00f6llwarth vysv\u011btlil Puls24, \u017ee \u00fakolem st\u00e1tu bude p\u0159ibl\u00ed\u017eit z\u00e1padn\u00ed mor\u00e1ln\u00ed koncepty takov\u00fdm \u017eadatel\u016fm o azyl. Bohu\u017eel jen m\u00e1lokdo m\u00e1 odvahu pojmenovat probl\u00e9m: za prv\u00e9, neleg\u00e1ln\u00ed p\u0159ist\u011bhovalectv\u00ed by nem\u011blo b\u00fdt mo\u017en\u00e9, za druh\u00e9, krimin\u00e1ln\u00ed jedn\u00e1n\u00ed mus\u00ed v\u00e9st k okam\u017eit\u00e9 deportaci, bez ohledu na podm\u00ednky v zemi p\u016fvodu. Ka\u017ed\u00fd, kdo m\u016f\u017ee t\u00fdrat d\u011bti v Rakousku, m\u016f\u017ee \u010delit trestu i v Afgh\u00e1nist\u00e1nu.<\/span><\/p>\n<p><span>Od l\u00eddra SP\u00d6 Andrease Bablera, kter\u00fd je starostou Traiskirchenu, bohu\u017eel nem\u00e1me koment\u00e1\u0159. Babler se tak\u00e9 zam\u011bstnal na magistr\u00e1tu\u00a0<\/span><a href=\"https:\/\/www.kleinezeitung.at\/politik\/4956154\/BezuegeAffaere_Babler-hatte-drei-Einkommen-und-Spesentopf\"><span>jako zam\u011bstnanec person\u00e1ln\u00edho odd\u011blen\u00ed<\/span><\/a><span>\u00a0a pob\u00edral t\u0159et\u00ed plat jako \u0159editel vod\u00e1rensk\u00e9ho spolku. Nic z toho nevadilo 20 procent\u016fm Raku\u0161an\u016f, kte\u0159\u00ed v posledn\u00edch volb\u00e1ch do N\u00e1rodn\u00ed rady volili SP\u00d6.<\/span><\/p>\n<p><img decoding=\"async\" loading=\"lazy\" class=\"alignnone size-full wp-image-1185\" src=\"http:\/\/www.infokuryr.cz\/n\/wp-content\/uploads\/2021\/04\/kuryr-podpis.png\" alt=\"\" width=\"84\" height=\"24\" \/><\/p>\n<p>&nbsp;<\/p>\n","protected":false},"excerpt":{"rendered":"<p>To je v Rakousku \u201espravedlnost\u201c. Dva Afgh\u00e1nci zneu\u017eili sedm d\u011bt\u00ed ve v\u011bku od dev\u00edti do&#8230;<\/p>\n","protected":false},"author":2,"featured_media":54768,"comment_status":"closed","ping_status":"closed","sticky":false,"template":"","format":"standard","meta":[],"categories":[7],"tags":[1049,245,529,120,520],"_links":{"self":[{"href":"https:\/\/www.infokuryr.cz\/n\/wp-json\/wp\/v2\/posts\/63680"}],"collection":[{"href":"https:\/\/www.infokuryr.cz\/n\/wp-json\/wp\/v2\/posts"}],"about":[{"href":"https:\/\/www.infokuryr.cz\/n\/wp-json\/wp\/v2\/types\/post"}],"author":[{"embeddable":true,"href":"https:\/\/www.infokuryr.cz\/n\/wp-json\/wp\/v2\/users\/2"}],"replies":[{"embeddable":true,"href":"https:\/\/www.infokuryr.cz\/n\/wp-json\/wp\/v2\/comments?post=63680"}],"version-history":[{"count":0,"href":"https:\/\/www.infokuryr.cz\/n\/wp-json\/wp\/v2\/posts\/63680\/revisions"}],"wp:featuredmedia":[{"embeddable":true,"href":"https:\/\/www.infokuryr.cz\/n\/wp-json\/wp\/v2\/media\/54768"}],"wp:attachment":[{"href":"https:\/\/www.infokuryr.cz\/n\/wp-json\/wp\/v2\/media?parent=63680"}],"wp:term":[{"taxonomy":"category","embeddable":true,"href":"https:\/\/www.infokuryr.cz\/n\/wp-json\/wp\/v2\/categories?post=63680"},{"taxonomy":"post_tag","embeddable":true,"href":"https:\/\/www.infokuryr.cz\/n\/wp-json\/wp\/v2\/tags?post=63680"}],"curies":[{"name":"wp","href":"https:\/\/api.w.org\/{rel}","templated":true}]}}