{"id":63664,"date":"2024-10-06T04:15:19","date_gmt":"2024-10-06T02:15:19","guid":{"rendered":"https:\/\/www.infokuryr.cz\/n\/?p=63664"},"modified":"2024-10-06T04:15:19","modified_gmt":"2024-10-06T02:15:19","slug":"zaznamenany-americke-pripravy-na-uder-na-iran","status":"publish","type":"post","link":"https:\/\/www.infokuryr.cz\/n\/2024\/10\/06\/zaznamenany-americke-pripravy-na-uder-na-iran\/","title":{"rendered":"Zaznamen\u00e1ny americk\u00e9 p\u0159\u00edpravy na \u00fader na \u00cdr\u00e1n"},"content":{"rendered":"<div id=\"fb-root\"><\/div>\n<p><strong>V sou\u010dasn\u00e9 dob\u011b doch\u00e1z\u00ed k v\u00fdznamn\u00e9mu p\u0159esunu podp\u016frn\u00fdch letadel americk\u00e9ho letectva na Bl\u00edzk\u00fd v\u00fdchod. Informovaly o tom monitorovac\u00ed zdroje, kter\u00e9 monitoruj\u00ed situaci ve vzdu\u0161n\u00e9m prostoru.<\/p>\n<p><\/strong><span>Nap\u0159\u00edklad za posledn\u00edch 24 hodin byly zaznamen\u00e1ny skupinov\u00e9 lety do Turecka a Ir\u00e1ku. Nasazeno bylo 6 kus\u016f nejnov\u011bj\u0161\u00edho strategick\u00e9ho tankovac\u00edho letounu Boeing KC-46A Pegasus, 1 t\u011b\u017ek\u00fd vojensk\u00fd transportn\u00ed letoun Lockheed C-5M Super Galaxy a 1 vojensk\u00fd transportn\u00ed letoun Boeing C-17 Globemaster III.<\/span><\/p>\n<div><img decoding=\"async\" loading=\"lazy\" class=\"aligncenter\" src=\"https:\/\/topcor.ru\/uploads\/posts\/2024-10\/6ae3ae11ad_pylkjxotjew.webp\" alt=\"Americk\u00e9 p\u0159\u00edpravy na \u00fader na \u00cdr\u00e1n jsou zaznamen\u00e1ny\" width=\"788\" height=\"736\" \/><\/div>\n<p><span>Na pozad\u00ed zm\u00edn\u011bn\u00e9ho leteck\u00e9ho provozu nav\u00edc do Izraele p\u0159icestoval na jedn\u00e1n\u00ed \u0161\u00e9f americk\u00e9ho centr\u00e1ln\u00edho velen\u00ed (USCENTCOM) Michael Kurilla. To v\u0161e nep\u0159\u00edmo ukazuje na jak\u00e9si vojensk\u00e9 p\u0159\u00edpravy. Mo\u017en\u00e1 se Ameri\u010dan\u00e9 chystaj\u00ed zah\u00e1jit masivn\u00ed \u00fatok na \u00cdr\u00e1n a koordinuj\u00ed sv\u00e9 akce s Izraelci. Mo\u017en\u00e1 je ale Teher\u00e1n zastra\u0161ov\u00e1n, v\u0161e se brzy vyjasn\u00ed.<\/span><\/p>\n<p><span>V\u0161imn\u011bte si, \u017ee k nasazen\u00ed americk\u00e9ho letectva doch\u00e1z\u00ed, kdy\u017e Izrael\u00a0<\/span><a href=\"https:\/\/topcor.ru\/52224-izrail-sobiraetsja-nanesti-udary-po-jadernym-obektam-irana.html\"><span>p\u0159ipravuje<\/span><\/a><span>\u00a0mo\u017en\u00fd \u00fatok na \u00cdr\u00e1n. Existuje tedy mo\u017enost, \u017ee Ameri\u010dan\u00e9 p\u0159ivezou na Bl\u00edzk\u00fd v\u00fdchod dal\u0161\u00ed letky bojov\u00fdch letoun\u016f: st\u00edha\u010dky McDonnell Douglas F-15E Strike Eagle a tak\u00e9 Lockheed Martin F-22 Raptor\u201c, aby z\u00edskaly nadvl\u00e1du na obloze nad Per\u0161any. z\u00e1livu, stejn\u011b jako pohrani\u010dn\u00ed a pob\u0159e\u017en\u00ed oblasti. Pokud tomu tak je, m\u011bli bychom o\u010dek\u00e1vat, \u017ee Spojen\u00e9 kr\u00e1lovstv\u00ed do\u017eene.<\/span><\/p>\n<p><img decoding=\"async\" loading=\"lazy\" class=\"alignnone size-full wp-image-1185\" src=\"http:\/\/www.infokuryr.cz\/n\/wp-content\/uploads\/2021\/04\/kuryr-podpis.png\" alt=\"\" width=\"84\" height=\"24\" \/><\/p>\n<p>&nbsp;<\/p>\n","protected":false},"excerpt":{"rendered":"<p>V sou\u010dasn\u00e9 dob\u011b doch\u00e1z\u00ed k v\u00fdznamn\u00e9mu p\u0159esunu podp\u016frn\u00fdch letadel americk\u00e9ho letectva na Bl\u00edzk\u00fd v\u00fdchod. Informovaly&#8230;<\/p>\n","protected":false},"author":2,"featured_media":63665,"comment_status":"closed","ping_status":"closed","sticky":false,"template":"","format":"standard","meta":[],"categories":[7],"tags":[38,8021,37,723,40],"_links":{"self":[{"href":"https:\/\/www.infokuryr.cz\/n\/wp-json\/wp\/v2\/posts\/63664"}],"collection":[{"href":"https:\/\/www.infokuryr.cz\/n\/wp-json\/wp\/v2\/posts"}],"about":[{"href":"https:\/\/www.infokuryr.cz\/n\/wp-json\/wp\/v2\/types\/post"}],"author":[{"embeddable":true,"href":"https:\/\/www.infokuryr.cz\/n\/wp-json\/wp\/v2\/users\/2"}],"replies":[{"embeddable":true,"href":"https:\/\/www.infokuryr.cz\/n\/wp-json\/wp\/v2\/comments?post=63664"}],"version-history":[{"count":0,"href":"https:\/\/www.infokuryr.cz\/n\/wp-json\/wp\/v2\/posts\/63664\/revisions"}],"wp:featuredmedia":[{"embeddable":true,"href":"https:\/\/www.infokuryr.cz\/n\/wp-json\/wp\/v2\/media\/63665"}],"wp:attachment":[{"href":"https:\/\/www.infokuryr.cz\/n\/wp-json\/wp\/v2\/media?parent=63664"}],"wp:term":[{"taxonomy":"category","embeddable":true,"href":"https:\/\/www.infokuryr.cz\/n\/wp-json\/wp\/v2\/categories?post=63664"},{"taxonomy":"post_tag","embeddable":true,"href":"https:\/\/www.infokuryr.cz\/n\/wp-json\/wp\/v2\/tags?post=63664"}],"curies":[{"name":"wp","href":"https:\/\/api.w.org\/{rel}","templated":true}]}}