{"id":63656,"date":"2024-10-06T00:42:14","date_gmt":"2024-10-05T22:42:14","guid":{"rendered":"https:\/\/www.infokuryr.cz\/n\/?p=63656"},"modified":"2024-10-05T16:55:30","modified_gmt":"2024-10-05T14:55:30","slug":"petr-pokorny-zelenskyj-raketove-zakladny-nato-usa-na-ukrajine-i-kdyby-vsichni-muzi-z-ukrajiny-padli","status":"publish","type":"post","link":"https:\/\/www.infokuryr.cz\/n\/2024\/10\/06\/petr-pokorny-zelenskyj-raketove-zakladny-nato-usa-na-ukrajine-i-kdyby-vsichni-muzi-z-ukrajiny-padli\/","title":{"rendered":"Petr Pokorn\u00fd: Zelenskyj &#8211; raketov\u00e9 z\u00e1kladny NATO (USA) na Ukrajin\u011b, i kdyby v\u0161ichni mu\u017ei z Ukrajiny padli"},"content":{"rendered":"<div id=\"fb-root\"><\/div>\n<div class=\"introtext\">\n<p><strong>Ukrajinsk\u00fd prezident Zelenskyj prohl\u00e1sil, \u017ee pl\u00e1n navr\u017een\u00fd Ukrajinou by m\u011bl b\u00fdt uz\u00e1kon\u011bn. Pouze tento pl\u00e1n je spr\u00e1vn\u00fd: v\u0161echna \u00fazem\u00ed pod Ukrajince zp\u011bt, Rusov\u00e9 i ti p\u016fvodn\u00ed\u00a0 pry\u010d a z\u00e1kladny NATO pod spr\u00e1vu Zelensk\u00e9ho. P\u0159e\u010dt\u011bte si m\u00edrov\u00e9 n\u00e1vrhy, kter\u00e9 jsou ofici\u00e1ln\u011b na stole a kter\u00e9 Zelensk\u00fd smetl se stolu!<\/strong><\/p>\n<\/div>\n<div class=\"fulltext\">\n<p>\u00a0Za\u010d\u00e1tkem tohoto t\u00fddne rusk\u00e9 s\u00edly dobyly strategicky um\u00edst\u011bn\u00e9 m\u011bsto Vuhledar na v\u00fdchod\u011b Ukrajiny.<\/p>\n<p>Ale vedle intenzivn\u00edch boj\u016f se rychle formuje paraleln\u00ed bitva \u2013 kv\u016fli konkuren\u010dn\u00edm m\u00edrov\u00fdm pl\u00e1n\u016fm ve snaze ukon\u010dit v\u00e1lku na Ukrajin\u011b. Anal\u00fdza politolo\u017eky Mashy Hedburg pro Davisovo centrum pro rusk\u00e1 a eurasijsk\u00e1 studia Harvardsk\u00e9 univerzity odhaduje, \u017ee mezi b\u0159eznem 2022 a \u010dervencem 2024 bylo p\u0159edlo\u017eeno nejm\u00e9n\u011b 25 m\u00edrov\u00fdch pl\u00e1n\u016f.<\/p>\n<p><span style=\"font-size: 18pt;\"><strong>Ukrajina v\u0161ak trv\u00e1 na tom, \u017ee je pro ni p\u0159ijateln\u00fd pouze m\u00edrov\u00fd pl\u00e1n, kter\u00fd p\u0159edlo\u017eila.<\/strong><\/span><\/p>\n<p>Jak\u00e9 jsou tedy r\u016fzn\u00e9 m\u00edrov\u00e9 pl\u00e1ny, v \u010dem se li\u0161\u00ed \u2013 a kde na nich zem\u011b stoj\u00ed?<\/p>\n<h2 id=\"china-and-brazil-s-plan\"><strong>Pl\u00e1n \u010c\u00edny a Braz\u00edlie<\/strong><\/h2>\n<p>Setk\u00e1n\u00ed na okraji Valn\u00e9ho shrom\u00e1\u017ed\u011bn\u00ed OSN za nov\u011b vzniklou skupinu \u201eP\u0159\u00e1tel\u00e9 pro m\u00edr\u201c \u0159\u00eddili \u010d\u00ednsk\u00fd ministr zahrani\u010d\u00ed Wang Yi a brazilsk\u00fd poradce pro zahrani\u010dn\u00ed politiku Celso Amorim. Sch\u016fzky se nez\u00fa\u010dastnila Ukrajina ani Rusko.<\/p>\n<p>Tento pl\u00e1n byl poprv\u00e9 navr\u017een ob\u011bma zem\u011bmi v kv\u011btnu. Podle prohl\u00e1\u0161en\u00ed zve\u0159ejn\u011bn\u00e9ho na webov\u00fdch str\u00e1nk\u00e1ch brazilsk\u00e9 vl\u00e1dy pl\u00e1n vy\u017eaduje:<\/p>\n<ul class=\"spaced-bullet-spacing\">\n<li>Rusko a Ukrajina neroz\u0161i\u0159uj\u00ed boji\u0161t\u011b; neeskalovat boj; a neprov\u00e1d\u011bt provokaci.<\/li>\n<li>Obnoven\u00ed p\u0159\u00edm\u00e9ho dialogu a tlak na zm\u00edrn\u011bn\u00ed eskalace, dokud nebude dosa\u017eeno p\u0159\u00edm\u011b\u0159\u00ed.\u00a0<strong>\u010c\u00edna a Braz\u00edlie po\u017eaduj\u00ed mezin\u00e1rodn\u00ed m\u00edrovou konferenci uzn\u00e1vanou a \u00fa\u010dastn\u00ed se j\u00ed Rusko i Ukrajina.<\/strong><\/li>\n<li>V\u00edce humanit\u00e1rn\u00ed pomoci posti\u017een\u00fdm region\u016fm.<\/li>\n<li>Jadern\u00e9 zbran\u011b a dal\u0161\u00ed zbran\u011b hromadn\u00e9ho ni\u010den\u00ed se nesm\u00ed pou\u017e\u00edvat.<\/li>\n<li>Je t\u0159eba se br\u00e1nit \u00fatok\u016fm na jadern\u00e1 za\u0159\u00edzen\u00ed.<\/li>\n<li>Je t\u0159eba se postavit proti rozd\u011blov\u00e1n\u00ed sv\u011bta na \u201eizolovan\u00e9 politick\u00e9 nebo ekonomick\u00e9 skupiny\u201c. M\u00edsto toho by m\u011bla b\u00fdt podporov\u00e1na mezin\u00e1rodn\u00ed spolupr\u00e1ce v oblasti energetiky, m\u011bny, financ\u00ed, obchodu, potravinov\u00e9 bezpe\u010dnosti a bezpe\u010dnosti kritick\u00e9 infrastruktury.<\/li>\n<\/ul>\n<p>Tento pl\u00e1n m\u00e1 ko\u0159eny v pl\u00e1nu, kter\u00fd \u010c\u00edna prosazovala od po\u010d\u00e1tku v\u00e1lky.<\/p>\n<p>\u0160v\u00fdcarsko, kter\u00e9 vyslalo pozorovatele na setk\u00e1n\u00ed po\u0159\u00e1dan\u00e9 \u010c\u00ednou a Braz\u00edli\u00ed, jejich n\u00e1vrh uv\u00edtalo. Ale \u00fa\u010dast zem\u011b a jej\u00ed podpora \u010d\u00ednsko-braz\u00edlsk\u00e9ho pl\u00e1nu vyvolala kritiku ze strany Ukrajiny.<\/p>\n<p>Ukrajinsk\u00e9 ministerstvo zahrani\u010dn\u00edch v\u011bc\u00ed v prohl\u00e1\u0161en\u00ed uvedlo, \u017ee m\u00edrov\u00e1 formule navr\u017een\u00e1 Volodomyrem Zelenskym je \u201ejedinou cestou ke komplexn\u00edmu, spravedliv\u00e9mu a udr\u017eiteln\u00e9mu m\u00edru\u201c. Zelenskyj dlouho tvrdil, \u017ee Rusko mus\u00ed b\u00fdt donuceno k m\u00edru a pokusy o vyjedn\u00e1v\u00e1n\u00ed s Moskvou by byly marn\u00e9.<\/p>\n<p>V \u010dervnu hostilo \u0160v\u00fdcarsko m\u00edrov\u00fd summit na z\u00e1klad\u011b Zelensk\u00e9ho m\u00edrov\u00e9ho pl\u00e1nu \u2013 konkl\u00e1ve, kter\u00e9ho se nez\u00fa\u010dastnilo ani Rusko, ani \u010c\u00edna. Braz\u00edlie, kter\u00e1 se \u00fa\u010dastnila tohoto summitu, nepodepsala prohl\u00e1\u0161en\u00ed vydan\u00e9 na konci tohoto setk\u00e1n\u00ed.<\/p>\n<h2 id=\"ukraine-s-plan\"><strong>Pl\u00e1n Ukrajiny<\/strong><\/h2>\n<p>Zelenskyho m\u00edrov\u00fd pl\u00e1n se li\u0161\u00ed od p\u011btibodov\u00e9mu pl\u00e1nu, o kter\u00e9m diskutoval s americk\u00fdm prezidentem Joem Bidenem b\u011bhem Zelenskyyho n\u00e1v\u0161t\u011bvy ve Washingtonu a New Yorku minul\u00fd m\u011bs\u00edc.<\/p>\n<p>M\u00edrov\u00fd pl\u00e1n m\u00e1 10 pil\u00ed\u0159\u016f:<\/p>\n<ul class=\"spaced-bullet-spacing\">\n<li>Bezpe\u010dnost v okol\u00ed nejv\u011bt\u0161\u00ed evropsk\u00e9 elektr\u00e1rny Z\u00e1poro\u017e\u00ed, kterou okupuje Rusko, bude obnovena.<\/li>\n<li>Ukrajinsk\u00fd v\u00fdvoz obil\u00ed mus\u00ed b\u00fdt chr\u00e1n\u011bn.<\/li>\n<li>Ukrajinsk\u00e1 energetick\u00e1 infrastruktura, kter\u00e1 byla po\u0161kozena rusk\u00fdmi \u00fatoky, bude obnovena. Na rusk\u00e9 energetick\u00e9 zdroje budou uvalena cenov\u00e1 omezen\u00ed.<\/li>\n<li>V\u0161ichni v\u011bzni, stejn\u011b jako v\u0161echny d\u011bti a dosp\u011bl\u00ed deportovan\u00ed do Ruska, budou propu\u0161t\u011bni.<\/li>\n<li>\u00dazemn\u00ed celistvost Ukrajiny by m\u011bla b\u00fdt obnovena a znovu potvrzena Ruskem podle Charty OSN.<\/li>\n<li>Sta\u017een\u00ed rusk\u00fdch jednotek a zastaven\u00ed nep\u0159\u00e1telsk\u00fdch akc\u00ed. St\u00e1tn\u00ed hranice Ukrajiny s Ruskem budou obnoveny.<\/li>\n<li>Pro vy\u0161et\u0159ov\u00e1n\u00ed rusk\u00fdch v\u00e1le\u010dn\u00fdch zlo\u010din\u016f bude z\u0159\u00edzen zvl\u00e1\u0161tn\u00ed tribun\u00e1l.<\/li>\n<li>Je t\u0159eba chr\u00e1nit \u017eivotn\u00ed prost\u0159ed\u00ed a obnovit za\u0159\u00edzen\u00ed na \u00fapravu vody.<\/li>\n<li>Zabr\u00e1nit eskalaci konfliktu a\u00a0<strong>zajistit bezpe\u010dnost Ukrajiny v euroatlantick\u00e9m prostoru.<\/strong><\/li>\n<li>Dokument, kter\u00fd maj\u00ed ob\u011b strany podepsat, potvrzuj\u00edc\u00ed konec v\u00e1lky.<\/li>\n<\/ul>\n<h2 id=\"russia-s-plan\"><strong>Rusk\u00fd pl\u00e1n<\/strong><\/h2>\n<p>V \u010dervnu, n\u011bkolik dn\u00ed p\u0159ed Ukrajinou sponzorovan\u00fdm m\u00edrov\u00fdm summitem ve \u0160v\u00fdcarsku, rusk\u00fd prezident Vladimir Putin b\u011bhem setk\u00e1n\u00ed s rusk\u00fdmi velvyslanci polo\u017eil sv\u016fj pl\u00e1n na p\u0159\u00edm\u011b\u0159\u00ed. Zeptal se:<\/p>\n<ul class=\"spaced-bullet-spacing\">\n<li>Ukrajina st\u00e1hne sv\u00e9 jednotky z \u00fazem\u00ed \u010d\u00e1ste\u010dn\u011b okupovan\u00fdch Ruskem \u2013 Cherson, Z\u00e1poro\u017e\u00ed, Don\u011bck a Luhansk.<\/li>\n<li><strong>Ukrajina se vzd\u00e1 vstupu do NATO p\u0159ed zah\u00e1jen\u00edm m\u00edrov\u00fdch rozhovor\u016f.<\/strong><\/li>\n<\/ul>\n<p><strong>Ukrajina i USA tento pl\u00e1n odm\u00edtaly.<\/strong>\u00a0Ukrajinsk\u00fd prezidentsk\u00fd poradce Mychailo\u00a0<strong>Podoljak to ozna\u010dil za \u201eur\u00e1\u017eku zdrav\u00e9ho rozumu\u201c.<\/strong><\/p>\n<p>Zelenskyy \u0159ekl italsk\u00e9mu vys\u00edl\u00e1n\u00ed Sky TG24: \u201eTyto zpr\u00e1vy jsou ultim\u00e1tn\u00ed zpr\u00e1vy. Je to tot\u00e9\u017e, co ud\u011blal Hitler, kdy\u017e \u0159ekl \u201adej mi kus \u010ceskoslovenska a tady to skon\u010d\u00ed\u2018.\u201c<\/p>\n<p>Americk\u00fd ministr obrany Lloyd Austin \u0159ekl, \u017ee Putin \u201enen\u00ed v pozici, aby mohl Ukrajin\u011b diktovat, co mus\u00ed ud\u011blat, aby nastolila m\u00edr\u201c.<\/p>\n<h2 id=\"africa-s-peace-plan\"><strong>Africk\u00fd m\u00edrov\u00fd pl\u00e1n<\/strong><\/h2>\n<p>V \u010dervnu 2023 se v\u016fdci sedmi zem\u00ed v Africe samostatn\u011b setkali se Zelensk\u00fdm a Putinem. Delegaci tvo\u0159ili prezidenti Jihoafrick\u00e9 republiky, Egypta, Senegalu, Demokratick\u00e9 republiky Kongo, Komor, Zambie a Ugandy.<\/p>\n<p>Tento n\u00e1vrh obsahoval 10 bod\u016f, ale nikdy nebyl p\u0159edlo\u017een na pap\u00edr.<\/p>\n<ul>\n<li>Je t\u0159eba uznat suverenitu Ruska a Ukrajiny.<\/li>\n<\/ul>\n<ul class=\"spaced-bullet-spacing\">\n<li>Neru\u0161en\u00fd v\u00fdvoz obil\u00ed bude pokra\u010dovat.<\/li>\n<li>Boje budou deeskalov\u00e1ny a vyjedn\u00e1v\u00e1n\u00ed zah\u00e1jena.<\/li>\n<li>Propu\u0161t\u011bn\u00ed v\u00e1le\u010dn\u00fdch zajatc\u016f a zv\u00fd\u0161en\u00ed humanit\u00e1rn\u00ed pomoci.<\/li>\n<\/ul>\n<p>Zelenskyj pl\u00e1n odm\u00edtl s t\u00edm, \u017ee m\u00edrov\u00e1 jedn\u00e1n\u00ed budou mo\u017en\u00e1 a\u017e pot\u00e9, co se Rusko st\u00e1hne.<\/p>\n<p>\u201ePovolit jak\u00e1koli jedn\u00e1n\u00ed s Ruskem nyn\u00ed, kdy\u017e je okupant na na\u0161\u00ed zemi, znamen\u00e1 zmrazit v\u00e1lku, zmrazit v\u0161echno: bolest a utrpen\u00ed,\u201c \u0159ekl na tiskov\u00e9 konferenci.<\/p>\n<h2 id=\"india-s-involvement-in-peace-efforts\"><strong>Zapojen\u00ed Indie do m\u00edrov\u00e9ho \u00fasil\u00ed<\/strong><\/h2>\n<p>23. z\u00e1\u0159\u00ed se Zelenskyj letos pot\u0159et\u00ed setkal s indick\u00fdm premi\u00e9rem Narendrou Modim.<\/p>\n<p>Indick\u00fd ministr zahrani\u010d\u00ed Subrahmanyam Jaishankar \u0159ekl d\u0159\u00edve, 10. z\u00e1\u0159\u00ed<strong>:<\/strong>\u00a0\u201e<strong>V tomto konfliktu nev\u011b\u0159\u00edme, \u017ee \u0159e\u0161en\u00ed p\u0159ijde z bitevn\u00edho pole, tak\u017ee si mysl\u00edme, \u017ee vyjedn\u00e1v\u00e1n\u00ed je jedinou cestou vp\u0159ed<\/strong>, v ur\u010dit\u00e9m okam\u017eiku mus\u00ed b\u00fdt jedn\u00e1n\u00ed.\u201d<\/p>\n<p>Dodal, \u017ee \u201e\u010das od \u010dasu byly u\u010din\u011bny n\u00e1vrhy\u201c, aby Indie uspo\u0159\u00e1dala m\u00edrovou konferenci o t\u00e9to ot\u00e1zce.<\/p>\n<p>Jihoasijsk\u00e1 zem\u011b v\u0161ak nep\u0159edlo\u017eila sv\u016fj vlastn\u00ed m\u00edrov\u00fd pl\u00e1n a navzdory ned\u00e1vn\u00e9 bonhomii mezi Modim a Zelensk\u00fdm jsou mezi Dill\u00ed a Kyjevem ostr\u00e9 rozd\u00edly v tom, jak usilovat o m\u00edr na Ukrajin\u011b.<\/p>\n<p>P\u0159esto\u017ee se Indie \u00fa\u010dastnila \u0161v\u00fdcarsk\u00e9ho m\u00edrov\u00e9ho summitu, odm\u00edtla podepsat z\u00e1v\u011bre\u010dn\u00fd dokument, kter\u00fd vych\u00e1zel ze Zelensk\u00e9ho m\u00edrov\u00e9ho pl\u00e1nu, kter\u00fd Indie v\u00fdslovn\u011b nepodpo\u0159ila. Indie trvala na tom, \u017ee m\u016f\u017ee souhlasit pouze s m\u00edrov\u00fdm pl\u00e1nem, kter\u00fd vze\u0161el z rozhovor\u016f, kter\u00fdch se \u00fa\u010dastnilo i Rusko.<\/p>\n<p><strong>Zelenskyj zpochybnil pov\u011b\u0159en\u00ed Indie uspo\u0159\u00e1dat m\u00edrov\u00fd summit<\/strong>, kdy\u017e nep\u0159ijala v\u00fdsledek \u0161v\u00fdcarsk\u00e9ho konkl\u00e1ve.<\/p>\n<p>Lough vysv\u011btlil, \u017ee Ukrajina\u00a0 \u201ehled\u00e1 kompromis,\u00a0<strong>kter\u00fd poskytne neokupovan\u00e9 \u010d\u00e1sti zem\u011b z\u00e1padn\u00ed bezpe\u010dnostn\u00ed z\u00e1ruky<\/strong>\u201c. Co\u017e je p\u0159ed\u00e1n\u00ed Ukrajiny voj\u00e1k\u016fm NATO a USA.\u00a0<strong>A s \u010d\u00edm Rusko nikdy souhlasit nebude.\u00a0Vojska USA u Moskvy nep\u0159ipust\u00ed.<\/strong><\/p>\n<p>P\u0159evzato z u<em>krajinsk\u00fdch zdroj\u016f a\u00a0 Al Jazeery<\/em><\/p>\n<p>Zaj\u00edmav\u00e9 vyj\u00e1d\u0159en\u00ed padlo<strong>\u00a0z B\u011bloruska:<\/strong>\u00a0v okam\u017eiku, kdy Polsko napadne Ukrajinu s c\u00edlem zabrat \u010d\u00e1st \u00fazem\u00ed, jak nazna\u010doval ministr zahrani\u010dn\u00edch v\u011bc\u00ed Polska Rados\u0142aw Sikorski, B\u011blorusko se postav\u00ed po bok Ukrajiny proti polsk\u00e9mu hegemonovi. Prapodivn\u00e9 porcov\u00e1n\u00ed Ruska a Ukrajiny pod dohledem USA prost\u011b nep\u0159ipust\u00ed.\u00a0<strong>Ukrajina nen\u00ed nep\u0159\u00e1telsk\u00fd st\u00e1t, pouze n\u011bkter\u00e9 politick\u00e9 \u0161pi\u010dky. Co\u017e je asi my\u0161leno proamerick\u00fd Zelensk\u00fd a jeho vojensk\u00e1 chunta.<\/strong><\/p>\n<p><a href=\"https:\/\/www.skrytapravda.cz\/ze-zahranici\/2147-zelensky-raketove-zakladny-nato-usa-na-ukrajine-i-kdyby-vsichni-muzi-z-ukrajiny-padli\">Petr Pokorn\u00fd<\/a><\/p>\n<p>&nbsp;<\/p>\n<\/div>\n","protected":false},"excerpt":{"rendered":"<p>Ukrajinsk\u00fd prezident Zelenskyj prohl\u00e1sil, \u017ee pl\u00e1n navr\u017een\u00fd Ukrajinou by m\u011bl b\u00fdt uz\u00e1kon\u011bn. Pouze tento pl\u00e1n&#8230;<\/p>\n","protected":false},"author":2,"featured_media":63657,"comment_status":"closed","ping_status":"closed","sticky":false,"template":"","format":"standard","meta":[],"categories":[6],"tags":[1503,4030,26,1000],"_links":{"self":[{"href":"https:\/\/www.infokuryr.cz\/n\/wp-json\/wp\/v2\/posts\/63656"}],"collection":[{"href":"https:\/\/www.infokuryr.cz\/n\/wp-json\/wp\/v2\/posts"}],"about":[{"href":"https:\/\/www.infokuryr.cz\/n\/wp-json\/wp\/v2\/types\/post"}],"author":[{"embeddable":true,"href":"https:\/\/www.infokuryr.cz\/n\/wp-json\/wp\/v2\/users\/2"}],"replies":[{"embeddable":true,"href":"https:\/\/www.infokuryr.cz\/n\/wp-json\/wp\/v2\/comments?post=63656"}],"version-history":[{"count":0,"href":"https:\/\/www.infokuryr.cz\/n\/wp-json\/wp\/v2\/posts\/63656\/revisions"}],"wp:featuredmedia":[{"embeddable":true,"href":"https:\/\/www.infokuryr.cz\/n\/wp-json\/wp\/v2\/media\/63657"}],"wp:attachment":[{"href":"https:\/\/www.infokuryr.cz\/n\/wp-json\/wp\/v2\/media?parent=63656"}],"wp:term":[{"taxonomy":"category","embeddable":true,"href":"https:\/\/www.infokuryr.cz\/n\/wp-json\/wp\/v2\/categories?post=63656"},{"taxonomy":"post_tag","embeddable":true,"href":"https:\/\/www.infokuryr.cz\/n\/wp-json\/wp\/v2\/tags?post=63656"}],"curies":[{"name":"wp","href":"https:\/\/api.w.org\/{rel}","templated":true}]}}