{"id":63654,"date":"2024-10-06T00:39:32","date_gmt":"2024-10-05T22:39:32","guid":{"rendered":"https:\/\/www.infokuryr.cz\/n\/?p=63654"},"modified":"2024-10-05T16:49:45","modified_gmt":"2024-10-05T14:49:45","slug":"josef-grousl-obrana-slovanu-otazkou-strategickou","status":"publish","type":"post","link":"https:\/\/www.infokuryr.cz\/n\/2024\/10\/06\/josef-grousl-obrana-slovanu-otazkou-strategickou\/","title":{"rendered":"Josef Grou\u0161l: Obrana Slovan\u016f ot\u00e1zkou strategickou"},"content":{"rendered":"<div id=\"fb-root\"><\/div>\n<p><strong>Na n\u011bkter\u00e9 ot\u00e1zky tohoto probl\u00e9mu upozor\u0148oval po druh\u00e9 sv\u011btov\u00e9 v\u00e1lce \u010deskoslovensk\u00fd publicista A. Kolman. Jeho kniha Ideologie n\u011bmeck\u00e9ho fa\u0161ismu je z\u00e1va\u017en\u00fdm zdrojem historick\u00fdch fakt\u016f, zdroj\u016f, strategick\u00fdch v\u00fdvod\u016f, informac\u00ed a n\u00e1zor\u016f na pangermanismus, agresivn\u00ed &#8222;v\u00fdchodn\u00ed politiku N\u011bmecka&#8220;. Na n\u011bkter\u00e9 ot\u00e1zky je vhodn\u00e9 upozornit<\/strong><\/p>\n<p>Z\u00e1pad formuje svou v\u00fdchodn\u00ed strategii, kde N\u011bmecko bude hr\u00e1t vedouc\u00ed roli v Evrop\u011b. Mus\u00edme po\u010d\u00edtat s r\u016fzn\u00fdmi ot\u00e1zkami, tedy i vztahem N\u011bmecka k slovansk\u00fdm zem\u00edm. &#8222;Co se t\u00fd\u010de Slovan\u016f, m\u00e1 nen\u00e1vist N\u011bmc\u016f k n\u00e1m prastar\u00e9 ko\u0159eny. N\u011bmci se po\u010dali z vlastn\u00edho n\u011bmeck\u00e9ho \u00fazem\u00ed mezi R\u00fdnem a Labem tla\u010diti na v\u00fdchod ji\u017e v osm\u00e9m stolet\u00ed. Setkali se v\u0161ak na Labi, na Od\u0159e a Visle s mocn\u00fdm odporem slovansk\u00fdch plemen. Roku 782 zapo\u010dal c\u00edsa\u0159 Frank\u016f Karel uskute\u010d\u0148ovat &#8222;DRANG NACH OSTEN&#8220; vyhlazov\u00e1n\u00edm Pomo\u0159an\u016f na b\u0159ez\u00edch Baltick\u00e9ho mo\u0159e a dunajsk\u00fdch a panonsk\u00fdch Slovinc\u016f na \u0159ek\u00e1ch Dr\u00e1v\u011b a S\u00e1v\u011b. N\u011bmeck\u00e9 loupe\u017en\u00e9 hordy zni\u010dily me\u010dem a ohn\u011bm kvetouc\u00ed m\u00edrumilovn\u00e1 m\u011bsta Arkonu, Korenicu, Voly\u0148, \u0160t\u011btin, K\u00e1men, B\u011blehrad, Starohrad, Kolob\u0159eh. Vyhlazovaly obyvatelstvo, ne\u0161et\u0159\u00edce ani d\u011bt\u00ed a starc\u016f. Zn\u00e1sil\u0148ovaly \u017eeny, braly zajatce do otroctv\u00ed&#8230; D\u011bjiny minulosti vypadaly z hlediska N\u011bmecka jako triumf\u00e1ln\u00ed pochod n\u011bmeck\u00e9ho n\u00e1roda, jemu\u017e se stav\u011bli Slovan\u00e9 do cesty&#8230;<\/p>\n<p>Pangermanismus byl p\u0159edev\u0161\u00edm protislovansk\u00fd svou ideou a p\u016fsobnost\u00ed. Jeho metodou bylo N\u00c1SIL\u00cd&#8230; od Karla, c\u00edsa\u0159e Frank\u016f, a\u017e do Bismarcka, cel\u00e9 tis\u00edcilet\u00ed.<\/p>\n<p>Byla jedin\u00e1 linie, jej\u00ed\u017e program roku 1891 formuloval Alledeutscher Verband: &#8222;Posl\u00e1n\u00ed na\u0161eho n\u00e1roda nem\u016f\u017ee omeziti sv\u016fj horizont \u00fazk\u00fdm r\u00e1mcem germ\u00e1nsk\u00e9ho imp\u00e9ria, d\u011bjiny, kultura, sebehodnocen\u00ed d\u00e1vaj\u00ed na\u0161emu n\u00e1rodu pr\u00e1vo na sv\u011btovou pozici. Prav\u00fd n\u00e1rod m\u00e1 pr\u00e1vo pomoc\u00ed sv\u00e9 dobr\u00e9 \u0161avle vybojovati si prostor; kter\u00e9ho pot\u0159ebujeme pro sv\u00e9 d\u011bti, nemaj\u00edc\u00ed ji\u017e dosti m\u00edsta v rodn\u00e9 zemi&#8230;&#8220; V\u00fdvoj N\u011bmecka z\u00e1sadn\u011b a dlouhodob\u011b sm\u011b\u0159oval k politice n\u00e1sil\u00ed. V\u00fdsledky &#8211; prvn\u00ed sv\u011btov\u00e1 v\u00e1lka, druh\u00e1 sv\u011btov\u00e1 v\u00e1lka, po roce 1945 remilitarizace, p\u0159ijet\u00ed do NATO (1955), pod\u00edl na p\u0159\u00edprav\u00e1ch nov\u00e9 v\u00e1lky. V dokumentu n\u011bmeck\u00fdch zlo\u010dinc\u016f &#8211; &#8222;N\u00e1rodn\u011b socialistick\u00e1 politika v\u016f\u010di ciz\u00edm n\u00e1rod\u016fm&#8220;. Byl to zlo\u010dinn\u00fd program NSDAP.<\/p>\n<p>Pangermanismus byl pot\u00edr\u00e1n slovansk\u00fdmi n\u00e1rody \u00fasp\u011b\u0161n\u011b. &#8222;Rusov\u00e9, Pol\u00e1ci, \u010ce\u0161i, Ukrajinci, B\u011blorusov\u00e9, Jihoslovan\u00e9 bili N\u011bmce mnohokr\u00e1t&#8230; N\u011bmci zaslou\u017een\u011b utrp\u011bli od Slovan\u016f t\u011b\u017ek\u00e9 por\u00e1\u017eky na jeze\u0159e \u010cudsk\u00e9m, u Grunwaldu, od husit\u016f a mnoh\u00e9 jin\u00e9. Hitler uv\u00e1d\u011bl: &#8222;My po\u010d\u00edt\u00e1me tam, kde jsme z\u016fstali st\u00e1t p\u0159ed 600 lety&#8230;&#8220; Protektor\u00e1t \u010cechy a Morava (1939-1945).<\/p>\n<p>&#8222;\u010ce\u0161i prozat\u00edm obdr\u017eeli &#8218;zvl\u00e1\u0161tn\u00ed postaven\u00ed&#8216; &#8211; sv\u016fj protektor\u00e1t, je to jen taktick\u00e9 opat\u0159en\u00ed vyvolan\u00e9 t\u00edm, \u017ee N\u011bmci pot\u0159ebovali do\u010dasn\u011b \u010desk\u00e9 zem\u011b jako svou zbrojovku.&#8220; Av\u0161ak taktick\u00e9 hledisko zmizelo. A op\u011bt slova zlo\u010dince Hitlera &#8230; &#8222;Chceme-li vybudovat Velkon\u011bmeckou \u0159\u00ed\u0161i, mus\u00edme nejprve vyhnat slovansk\u00e9 n\u00e1rody, prostor \u010cech a Moravy bude kolonizov\u00e1n n\u011bmeck\u00fdmi roln\u00edky. Mus\u00edme vyhnat \u010cechy ze st\u0159edn\u00ed Evropy. Pokud tam budou \u010ce\u0161i, budou st\u00e1l\u00fdm ohniskem husitsk\u00e9ho nebo bol\u0161evick\u00e9ho rozkladu. Slovan\u00e9 se rozmno\u017euj\u00ed jako hmyz\u2022 Slovan\u00e9 p\u0159edstavuj\u00ed p\u0159echod \u010dlov\u011bka k zv\u00ed\u0159eti, maj\u00ed bl\u00ed\u017ee k opici ne\u017e k \u010dlov\u011bku&#8230;&#8220;Tyto drze ur\u00e1\u017eky Slovan\u016f nelze p\u0159ehl\u00ed\u017eet, nelze na n\u011b zapom\u00ednat. N\u011bmci je\u0161t\u011b del\u0161\u00ed dobu zpytovali sv\u00e9 sv\u011bdom\u00ed. N\u011bmce nelze litovat, v\u016fbec u\u017e ne za odsun. Antifa\u0161istick\u00e1 koalice &#8211; Sov\u011btsk\u00fd svaz, USA, Velk\u00e1 Brit\u00e1nie (potom i Francie) porazila N\u011bmecko vojensky. Fa\u0161ismus nebyl d\u016fsledn\u011b vyko\u0159en\u011bn, jak ukl\u00e1daj\u00ed dokumenty z Jalty a Postupimi z roku 1945. Z\u00e1padn\u00ed velmoci umo\u017e\u0148ovaly ve sv\u00fdch okupa\u010dn\u00edch z\u00f3n\u00e1ch \u0161\u00ed\u0159en\u00ed neofa\u0161istick\u00fdch postoj\u016f, akc\u00ed p\u0159i obnovov\u00e1n\u00ed struktur pro revan\u0161 za odsun N\u011bmc\u016f z v\u00fdchodn\u00ed Evropy. Skryt\u00e1 remilitarizace SRN (1949-1955) za aktivn\u00ed pomoci USA, Velk\u00e9 Brit\u00e1nie vy\u00fastila p\u0159ijet\u00edm SRN do americk\u00e9ho v\u00e1le\u010dn\u00e9ho bloku NATO v roce 1955.<\/p>\n<p>SRN se pod\u00edlela na v\u00e1le\u010dn\u00fdch p\u0159\u00edprav\u00e1ch NATO proti Sov\u011btsk\u00e9mu svazu a jeho spojenc\u016fm. Sjednocen\u00ed N\u011bmecka (3. 10. 1990) bez m\u00edrov\u00e9 smlouvy v Evrop\u011b.<\/p>\n<p>Americk\u00fd prezident D. Trump ozna\u010dil v \u010dervenci na summitu zem\u00ed &#8222;G 20&#8220; kancl\u00e9\u0159ku SRN A. Merkelovou jako &#8222;vynikaj\u00edc\u00ed v\u016fd\u010d\u00ed osobnost&#8220;. Stejn\u011b jako d\u0159\u00edve jde o st\u0159edn\u00ed Evropu a Evropu jako kontinent. N\u011bmeck\u00e9 vojensk\u00e9 s\u00edly zahrnuj\u00ed tak\u00e9 jednotky z ostatn\u00edch evropsk\u00fdch zem\u00ed. Tak\u00e9 z C\u0158. S t\u00edm nelze souhlasit. Historick\u00e9 zku\u0161enosti s N\u011bmeckem nep\u0159estaly platit ani p\u016fsobit. Jde ale o propracovan\u00e9 zam\u011b\u0159ov\u00e1n\u00ed, o novou mluvu, &#8222;argumenty&#8220;, o zapojov\u00e1n\u00ed N\u011bmecka do americk\u00e9 v\u00fdchodn\u00ed strategie &#8222;Rychl\u00e9ho glob\u00e1ln\u00edho \u00fatoku&#8220;. Sm\u011brem na v\u00fdchod, proti Rusku.<\/p>\n<p>USA a jejich blok NATO zapom\u00ednaj\u00ed na slovansk\u00e9 Rusko, slovansk\u00e9 n\u00e1rody a kvalitativn\u011b nov\u00e9 faktory v glob\u00e1ln\u00ed strategick\u00e9 oblasti, kde Rusko, \u010cLR a dal\u0161\u00ed zem\u011b prosazuj\u00ed demokratickou spolupr\u00e1ci, upev\u0148uj\u00ed svou obranu proti ka\u017ed\u00e9mu, kdo by cht\u011bl ohro\u017eovat jejich svobodu, rozvoj a m\u00edrovou v\u0161estrannou spolupr\u00e1ci. Je logick\u00e9, \u017ee slovansk\u00e9 n\u00e1rody nemohou jen p\u0159ihl\u00ed\u017eet, co se d\u011bje v Evrop\u011b, ve sv\u011bt\u011b, v jejich bl\u00edzkosti.<\/p>\n<p><em><strong>Josef Grou\u0161l<\/strong>, Slovansk\u00e1 vz\u00e1jemnost, \u010d. 213\/2017, str. 1<\/em><\/p>\n<p>&nbsp;<\/p>\n","protected":false},"excerpt":{"rendered":"<p>Na n\u011bkter\u00e9 ot\u00e1zky tohoto probl\u00e9mu upozor\u0148oval po druh\u00e9 sv\u011btov\u00e9 v\u00e1lce \u010deskoslovensk\u00fd publicista A. Kolman. Jeho&#8230;<\/p>\n","protected":false},"author":2,"featured_media":1066,"comment_status":"closed","ping_status":"closed","sticky":false,"template":"","format":"standard","meta":[],"categories":[6],"tags":[398,39,1165,177,37],"_links":{"self":[{"href":"https:\/\/www.infokuryr.cz\/n\/wp-json\/wp\/v2\/posts\/63654"}],"collection":[{"href":"https:\/\/www.infokuryr.cz\/n\/wp-json\/wp\/v2\/posts"}],"about":[{"href":"https:\/\/www.infokuryr.cz\/n\/wp-json\/wp\/v2\/types\/post"}],"author":[{"embeddable":true,"href":"https:\/\/www.infokuryr.cz\/n\/wp-json\/wp\/v2\/users\/2"}],"replies":[{"embeddable":true,"href":"https:\/\/www.infokuryr.cz\/n\/wp-json\/wp\/v2\/comments?post=63654"}],"version-history":[{"count":1,"href":"https:\/\/www.infokuryr.cz\/n\/wp-json\/wp\/v2\/posts\/63654\/revisions"}],"predecessor-version":[{"id":63655,"href":"https:\/\/www.infokuryr.cz\/n\/wp-json\/wp\/v2\/posts\/63654\/revisions\/63655"}],"wp:featuredmedia":[{"embeddable":true,"href":"https:\/\/www.infokuryr.cz\/n\/wp-json\/wp\/v2\/media\/1066"}],"wp:attachment":[{"href":"https:\/\/www.infokuryr.cz\/n\/wp-json\/wp\/v2\/media?parent=63654"}],"wp:term":[{"taxonomy":"category","embeddable":true,"href":"https:\/\/www.infokuryr.cz\/n\/wp-json\/wp\/v2\/categories?post=63654"},{"taxonomy":"post_tag","embeddable":true,"href":"https:\/\/www.infokuryr.cz\/n\/wp-json\/wp\/v2\/tags?post=63654"}],"curies":[{"name":"wp","href":"https:\/\/api.w.org\/{rel}","templated":true}]}}