{"id":63631,"date":"2024-10-06T00:35:06","date_gmt":"2024-10-05T22:35:06","guid":{"rendered":"https:\/\/www.infokuryr.cz\/n\/?p=63631"},"modified":"2024-10-05T15:43:30","modified_gmt":"2024-10-05T13:43:30","slug":"ohromne-selhani-osn-ma-jednu-hlavni-pricinu-zapadni-imperialismus","status":"publish","type":"post","link":"https:\/\/www.infokuryr.cz\/n\/2024\/10\/06\/ohromne-selhani-osn-ma-jednu-hlavni-pricinu-zapadni-imperialismus\/","title":{"rendered":"Ohromn\u00e9 \u200b\u200bselh\u00e1n\u00ed OSN m\u00e1 jednu hlavn\u00ed p\u0159\u00ed\u010dinu \u2013 z\u00e1padn\u00ed imperialismus"},"content":{"rendered":"<div id=\"fb-root\"><\/div>\n<div class=\"elementor-element elementor-element-1fb4c2c elementor-widget elementor-widget-theme-post-content\" data-id=\"1fb4c2c\" data-element_type=\"widget\" data-widget_type=\"theme-post-content.default\">\n<div class=\"elementor-widget-container\">\n<p><strong>Sv\u011bt je zatla\u010den na pokraj t\u0159et\u00ed sv\u011btov\u00e9 v\u00e1lky, kter\u00e1 by mohla p\u0159in\u00e9st kone\u010dn\u00e9 zni\u010den\u00ed planety a lidstva.<\/strong><\/p>\n<p><span>Minul\u00fd t\u00fdden se na pokraji sv\u011btov\u00e9 v\u00e1lky konalo 79. Valn\u00e9 shrom\u00e1\u017ed\u011bn\u00ed Organizace spojen\u00fdch n\u00e1rod\u016f. M\u011bla by to b\u00fdt p\u0159\u00edle\u017eitost pozastavit se a zeptat se, pro\u010d organizace zalo\u017een\u00e1 p\u0159ed 79 lety na konci druh\u00e9 sv\u011btov\u00e9 v\u00e1lky, aby zabr\u00e1nila budouc\u00edm v\u00e1lk\u00e1m, tak selhala.<\/span><\/p>\n<p><span>Bezuzdn\u00fd z\u00e1padn\u00ed imperialismus je a v\u017edy byl ko\u0159enem glob\u00e1ln\u00edho nebezpe\u010d\u00ed a impotence OSN.<\/span><\/p>\n<p><span>Druh\u00e1 sv\u011btov\u00e1 v\u00e1lka porazila n\u011bkter\u00e9 formy imperialismu \u2013 nacistick\u00e9 N\u011bmecko a Japonsko. Nevym\u00fdtil nemoc imperialismu, kter\u00e1 brzy metast\u00e1zovala v podob\u011b Spojen\u00fdch st\u00e1t\u016f americk\u00fdch a jejich z\u00e1padn\u00edch partner\u016f.<\/span><\/p>\n<p><span>Hroz\u00ed, \u017ee dva soub\u011b\u017en\u00e9 konflikty p\u0159erostou v mezin\u00e1rodn\u00ed v\u00e1lky. Na Bl\u00edzk\u00e9m v\u00fdchod\u011b hroz\u00ed, \u017ee bezohledn\u00e1 agrese Izraele proti Libanonu zat\u00e1hne cel\u00fd region do otev\u0159en\u00e9ho konfliktu. Lo\u0148sk\u00fd masakr civilist\u016f v p\u00e1smu Gazy izraelsk\u00fdm re\u017eimem, kter\u00fd se nyn\u00ed \u0161\u00ed\u0159\u00ed do Libanonu, je \u010f\u00e1belskou ur\u00e1\u017ekou OSN a mezin\u00e1rodn\u00edho pr\u00e1va.<\/span><\/p>\n<p><span>Je\u0161t\u011b v\u011bt\u0161\u00ed hrozbou pro sv\u011btov\u00fd m\u00edr je konflikt na Ukrajin\u011b, nejv\u011bt\u0161\u00ed v\u00e1lka na evropsk\u00e9m kontinentu od konce druh\u00e9 sv\u011btov\u00e9 v\u00e1lky. Tento konflikt nyn\u00ed vstupuje do t\u0159et\u00edho roku. Nemilosrdn\u011b ji p\u0159i\u017eivuj\u00ed Spojen\u00e9 st\u00e1ty a mocnosti NATO, kter\u00e9 se sna\u017e\u00ed v\u0161emi prost\u0159edky eskalovat z\u00e1stupnou v\u00e1lku proti Rusku nam\u00edsto hled\u00e1n\u00ed diplomatick\u00e9ho \u0159e\u0161en\u00ed.<\/span><\/p>\n<p><span>Na Valn\u00e9m shrom\u00e1\u017ed\u011bn\u00ed OSN se z\u00e1padn\u00ed hlavy st\u00e1t\u016f a vl\u00e1d se\u0159adily, aby si st\u011b\u017eovaly na bl\u00ed\u017e\u00edc\u00ed se v\u00e1lku. T\u00edm systematicky p\u0159i\u017eivovali oba konflikty. Va\u0161e pokrytectv\u00ed je odporn\u00e9.<\/span><\/p>\n<p><span>Zat\u00edmco americk\u00fd prezident Joe Biden tento t\u00fdden tvrdil, \u017ee obhajuje sv\u011btov\u00fd m\u00edr a vyzval ke zdr\u017eenlivosti, Spojen\u00e9 st\u00e1ty schv\u00e1lily dodate\u010dn\u00e9 vojensk\u00e9 dod\u00e1vky v hodnot\u011b 8 miliard dolar\u016f pro Izrael a Ukrajinu. Ostatn\u00ed z\u00e1padn\u00ed l\u00edd\u0159i, jako je francouzsk\u00fd Macron a britsk\u00fd Starmer, jsou stejn\u011b opovr\u017een\u00edhodn\u00ed pro sv\u00e9 dvoj\u00ed standardy a duplicitu. V\u0161ichni umo\u017enili genocidu v Gaze a agresi proti Libanonu d\u00edky sv\u00e9 neochv\u011bjn\u00e9 podpo\u0159e izraelsk\u00e9ho re\u017eimu.<\/span><\/p>\n<p><span>Spojen\u00e9 st\u00e1ty a z\u00e1padn\u00ed spojenci \u2013 pod z\u00e1\u0161titou vojensk\u00e9 organizace NATO \u2013 b\u011bhem posledn\u00edch dvou let nasm\u011brovali na Ukrajinu zbran\u011b a dal\u0161\u00ed pomoc ve v\u00fd\u0161i t\u00e9m\u011b\u0159 200 miliard dolar\u016f, aby vedli nesmyslnou z\u00e1stupnou v\u00e1lku proti Rusku. Cynick\u00e9 \u0159e\u010di o \u201eobran\u011b demokracie\u201c jsou nechutnou z\u00e1st\u011brkou skute\u010dn\u00e9ho z\u00e1m\u011bru strategicky porazit Rusko, jak z\u00e1padn\u00ed v\u016fdci n\u011bkdy neobratn\u011b p\u0159ipou\u0161t\u011bli.<\/span><\/p>\n<p><span>Z\u00e1padn\u00ed mocnosti ve sv\u00e9 posedlosti podman\u011bn\u00edm Ruska prosazuj\u00ed \u0161\u00edlenou eskalaci, kter\u00e1 Ukrajin\u011b umo\u017en\u00ed pou\u017e\u00edvat rakety dlouh\u00e9ho doletu NATO k prov\u00e1d\u011bn\u00ed hlubok\u00fdch \u00fader\u016f na rusk\u00e9 \u00fazem\u00ed. Moskva tento t\u00fdden varovala, \u017ee takov\u00fd \u00fatok by mohl vyvolat jadern\u00fd po\u017e\u00e1r. V reakci na pokra\u010duj\u00edc\u00ed provokace Kreml reviduje svou doktr\u00ednu jadern\u00e9 obrany zp\u016fsobem, kter\u00fd by pohrozil z\u00e1padn\u00edm z\u00e1stupn\u00fdm \u00fatokem jadernou odvetou. Nen\u00ed jasn\u00e9, zda z\u00e1padn\u00ed nep\u0159\u00e1tel\u00e9 Ruska z\u016fstanou st\u0159\u00edzliv\u00ed tv\u00e1\u0159\u00ed v tv\u00e1\u0159 nejvy\u0161\u0161\u00edmu nebezpe\u010d\u00ed. Rozhodn\u011b je ale alarmuj\u00edc\u00ed, \u017ee n\u011bkte\u0159\u00ed z\u00e1padn\u00ed p\u0159edstavitel\u00e9, jako je americk\u00fd ministr zahrani\u010d\u00ed Antony Blinken, odm\u00edtaj\u00ed racion\u00e1ln\u00ed varov\u00e1n\u00ed Ruska jako \u201erachoten\u00ed jadern\u00e9 \u0161avle\u201c.<\/span><\/p>\n<p><span>Jadern\u00e1 v\u00e1lka tak\u00e9 pramen\u00ed z nap\u011bt\u00ed, kter\u00e9 v\u016f\u010di \u010c\u00edn\u011b vyvol\u00e1vaj\u00ed Spojen\u00e9 st\u00e1ty a jejich partne\u0159i v NATO. Washington nad\u00e1le pos\u00edl\u00e1 velk\u00e9 z\u00e1silky zbran\u00ed na \u010d\u00ednsk\u00e9 \u00fazem\u00ed Tchaj-wan, aby napadl \u010d\u00ednskou suverenitu. USA a jejich spojenci zv\u00fd\u0161ili sv\u00e9 n\u00e1mo\u0159n\u00ed hl\u00eddky v Tchajwansk\u00e9m pr\u016flivu. Pr\u00e1v\u011b tento t\u00fdden se \u00fa\u017einou poprv\u00e9 plavilo Japonsko \u2013 imperi\u00e1ln\u00ed agresor z druh\u00e9 sv\u011btov\u00e9 v\u00e1lky, doprov\u00e1zen\u00e9 americk\u00fdmi spojenci Austr\u00e1li\u00ed a Nov\u00fdm Z\u00e9landem.<\/span><\/p>\n<p><span>Je p\u0159\u00ed\u0161ern\u00e9, \u017ee z\u00e1padn\u00ed v\u016fdci mohou st\u00e1t p\u0159ed Valn\u00fdm shrom\u00e1\u017ed\u011bn\u00edm OSN a hl\u00e1sat sv\u016fj z\u00e1jem o m\u00edr a demokracii, zat\u00edmco oni a jejich vl\u00e1dnouc\u00ed t\u0159\u00eddy jsou skute\u010dn\u00fdmi protagonisty poru\u0161ov\u00e1n\u00ed mezin\u00e1rodn\u00edho pr\u00e1va a Charty OSN.<\/span><\/p>\n<p><span>Nen\u00ed \u017e\u00e1dn\u00fdm tajemstv\u00edm, pro\u010d se OSN nepoda\u0159ilo udr\u017eet m\u00edr. Z\u00e1padn\u00ed imperialistick\u00e9 mocnosti v \u010dele se Spojen\u00fdmi st\u00e1ty americk\u00fdmi systematicky ni\u010dily jak\u00e9koli zd\u00e1n\u00ed mezin\u00e1rodn\u00edho \u0159\u00e1du \u2013 ironicky, zat\u00edmco zbo\u017en\u011b hl\u00e1saly posv\u00e1tnost \u201epo\u0159\u00e1dku zalo\u017een\u00e9ho na pravidlech\u201c.<\/span><\/p>\n<p><span>Organizace spojen\u00fdch n\u00e1rod\u016f byla zalo\u017eena v popelu a trosk\u00e1ch druh\u00e9 sv\u011btov\u00e9 v\u00e1lky. Vzne\u0161en\u00e9 principy, kter\u00e9 m\u011bly definovat OSN, nebyly od po\u010d\u00e1tku respektov\u00e1ny. OSN se za posledn\u00edch 79 let rozpadla kv\u016fli s\u017e\u00edrav\u00e9 duplicit\u011b a zlo\u010dinnosti z\u00e1padn\u00edho imperialismu.<\/span><\/p>\n<p><span>Na zahajovac\u00ed konferenci Organizace spojen\u00fdch n\u00e1rod\u016f v San Francisku tehdej\u0161\u00ed americk\u00fd prezident Harry Truman blouznil o ide\u00e1lech a ctnostech. Apeloval na konferenci a \u0159ekl: \u201eUsilujme o m\u00edr. Mus\u00edme zajistit, aby dal\u0161\u00ed v\u00e1lka nebyla mo\u017en\u00e1.&#8220;<\/span><\/p>\n<p><span>Dodal: \u201eI kdy\u017e tyto velk\u00e9 st\u00e1ty maj\u00ed zvl\u00e1\u0161tn\u00ed odpov\u011bdnost za prosazov\u00e1n\u00ed m\u00edru, jejich odpov\u011bdnost spo\u010d\u00edv\u00e1 na povinnosti v\u0161ech st\u00e1t\u016f, velk\u00fdch i mal\u00fdch, nepou\u017e\u00edvat s\u00edlu v mezin\u00e1rodn\u00edch vztaz\u00edch krom\u011b obrany pr\u00e1va. Odpov\u011bdnost\u00ed velk\u00fdch st\u00e1t\u016f je slou\u017eit n\u00e1rod\u016fm sv\u011bta, ne jim vl\u00e1dnout.<\/span><\/p>\n<p><span>Truman odsoudil nacistick\u00e9 N\u011bmecko a fa\u0161istick\u00e9 Japonsko a hanebnou z\u00e1sadu \u201emoc je spr\u00e1vn\u00e1\u201c.<\/span><\/p>\n<p><span>Byl to drz\u00fd podvod obludn\u00fdch rozm\u011br\u016f ze strany samozvan\u00e9 \u201evelk\u00e9 moci\u201c.<\/span><\/p>\n<p><span>M\u00e9n\u011b ne\u017e \u010dty\u0159i m\u011bs\u00edce po sv\u00e9m projevu v dubnu 1945 Truman na\u0159\u00eddil atomov\u00e9 bombardov\u00e1n\u00ed Japonska, kter\u00e9 zabilo p\u0159es 200 000 lid\u00ed v bezd\u016fvodn\u00e9m genocidn\u00edm masov\u00e9m terorismu. O p\u011bt let pozd\u011bji Spojen\u00e9 st\u00e1ty znovu poru\u0161ily \u017denevsk\u00e9 konvence, kdy\u017e b\u011bhem korejsk\u00e9 v\u00e1lky (1950-53) zavra\u017edily miliony korejsk\u00fdch civilist\u016f nespo\u010detn\u00fdmi n\u00e1lety. Jen o p\u00e1r let pozd\u011bji Spojen\u00e9 st\u00e1ty a jejich z\u00e1padn\u00ed partne\u0159i zopakovali stejnou genocidn\u00ed v\u00e1lku ve Vietnamu, Laosu a Kambod\u017ei.<\/span><\/p>\n<p><span>B\u011bhem posledn\u00edch osmi desetilet\u00ed vedly Spojen\u00e9 st\u00e1ty americk\u00e9 jednu v\u00e1lku za druhou ve v\u0161ech \u010d\u00e1stech sv\u011bta pod r\u016fzn\u00fdmi z\u00e1minkami: boj proti komunismu, v\u00e1lka proti drog\u00e1m, v\u00e1lka proti terorismu, ochrana lidsk\u00fdch pr\u00e1v, obrana demokracie, prevence&#8230; Zbran\u011b hromadn\u00e9ho ni\u010den\u00ed a tak d\u00e1le. Jak ohavn\u011b sm\u011b\u0161n\u00e9 a \u00fanavn\u00e9.<\/span><\/p>\n<p><span>\u017d\u00e1dn\u00fd jin\u00fd n\u00e1rod na sv\u011bt\u011b neporu\u0161il mezin\u00e1rodn\u00ed pr\u00e1vo a pr\u00e1va jin\u00fdch n\u00e1rod\u016f v\u00edce ne\u017e Spojen\u00e9 st\u00e1ty americk\u00e9 ve sv\u00e9 zlo\u010dinn\u00e9 snaze o glob\u00e1ln\u00ed dominanci. V tomto zlo\u010dinn\u00e9m sna\u017een\u00ed je podporovali a povzbuzovali z\u00e1padn\u00ed lokajov\u00e9, p\u0159edev\u0161\u00edm Velk\u00e1 Brit\u00e1nie a dal\u0161\u00ed evropsk\u00e9 \u010dleny osy NATO.<\/span><\/p>\n<p><span>Z\u00e1padn\u00ed m\u00e9dia a historici budou tvrdit, \u017ee OSN byla po cel\u00e1 desetilet\u00ed poznamen\u00e1na studenou v\u00e1lkou a v\u00fdkonem pr\u00e1va veta Sov\u011btsk\u00fdm svazem v Rad\u011b bezpe\u010dnosti.<\/span><\/p>\n<p><span>Pravdou je, \u017ee Spojen\u00e9 st\u00e1ty americk\u00e9 neust\u00e1le poru\u0161uj\u00ed OSN a jej\u00ed chartu upravuj\u00edc\u00ed sv\u011btov\u00fd m\u00edr. P\u0159\u00ed\u010dinou je imperialistick\u00fd syst\u00e9m, ve kter\u00e9m USA p\u0159evzaly v\u00fdkonnou moc. Tento syst\u00e9m se op\u00edr\u00e1 o vyko\u0159is\u0165ov\u00e1n\u00ed a n\u00e1sil\u00ed v\u016f\u010di druh\u00fdm ze strany t\u011bch, kte\u0159\u00ed v\u011b\u0159\u00ed, \u017ee maj\u00ed v\u00fdjime\u010dn\u00e9 privilegium, kter\u00e9 je spr\u00e1vn\u00e9. Tolik Trumanovo napomenut\u00ed.<\/span><\/p>\n<p><span>Imperialismus odstartoval prvn\u00ed a druhou sv\u011btovou v\u00e1lku. M\u00edr nezavl\u00e1dl jen proto, \u017ee nacistick\u00e9 N\u011bmecko a Japonsko byly v roce 1945 pora\u017eeny. Jin\u00e9 n\u00e1rody p\u0159evzaly pl\u00e1\u0161\u0165 imperialismu a dnes m\u016f\u017eeme vid\u011bt barbarsk\u00e9 zlo tohoto syst\u00e9mu v\u0161ude kolem n\u00e1s.<\/span><\/p>\n<p><span>Sv\u011bt je zatla\u010den na pokraj t\u0159et\u00ed sv\u011btov\u00e9 v\u00e1lky, kter\u00e1 by mohla p\u0159in\u00e9st kone\u010dn\u00e9 zni\u010den\u00ed planety a lidstva.<\/span><\/p>\n<p><span>Harry Truman \u0159ekl: \u201ePokud nechceme zem\u0159\u00edt spolu, mus\u00edme \u017e\u00edt spolu v m\u00edru, ale Truman nikdy nedodal, \u017ee kl\u00ed\u010dem k \u017eivotu v m\u00edru je kone\u010dn\u011b porazit z\u00e1padn\u00ed imperialismus.<\/span><\/p>\n<p><span>Z\u00e1vis\u00ed na tom budoucnost lidstva.<\/span><\/p>\n<\/div>\n<\/div>\n<div class=\"elementor-element elementor-element-8c57238 quelle dc-has-condition dc-condition-empty elementor-widget elementor-widget-heading\" data-id=\"8c57238\" data-element_type=\"widget\" data-widget_type=\"heading.default\">\n<div class=\"elementor-widget-container\">\n<h3 class=\"elementor-heading-title elementor-size-default\"><span style=\"font-size: 10pt;\"><a href=\"https:\/\/strategic-culture.su\/news\/2024\/09\/27\/un-abject-failure-has-one-primary-cause-western-imperialism\/\" target=\"_blank\" rel=\"nofollow noopener\">Zdroj<\/a><\/span><\/h3>\n<p>&nbsp;<\/p>\n<\/div>\n<\/div>\n","protected":false},"excerpt":{"rendered":"<p>Sv\u011bt je zatla\u010den na pokraj t\u0159et\u00ed sv\u011btov\u00e9 v\u00e1lky, kter\u00e1 by mohla p\u0159in\u00e9st kone\u010dn\u00e9 zni\u010den\u00ed planety&#8230;<\/p>\n","protected":false},"author":2,"featured_media":18241,"comment_status":"closed","ping_status":"closed","sticky":false,"template":"","format":"standard","meta":[],"categories":[7],"tags":[186,276,40,365],"_links":{"self":[{"href":"https:\/\/www.infokuryr.cz\/n\/wp-json\/wp\/v2\/posts\/63631"}],"collection":[{"href":"https:\/\/www.infokuryr.cz\/n\/wp-json\/wp\/v2\/posts"}],"about":[{"href":"https:\/\/www.infokuryr.cz\/n\/wp-json\/wp\/v2\/types\/post"}],"author":[{"embeddable":true,"href":"https:\/\/www.infokuryr.cz\/n\/wp-json\/wp\/v2\/users\/2"}],"replies":[{"embeddable":true,"href":"https:\/\/www.infokuryr.cz\/n\/wp-json\/wp\/v2\/comments?post=63631"}],"version-history":[{"count":0,"href":"https:\/\/www.infokuryr.cz\/n\/wp-json\/wp\/v2\/posts\/63631\/revisions"}],"wp:featuredmedia":[{"embeddable":true,"href":"https:\/\/www.infokuryr.cz\/n\/wp-json\/wp\/v2\/media\/18241"}],"wp:attachment":[{"href":"https:\/\/www.infokuryr.cz\/n\/wp-json\/wp\/v2\/media?parent=63631"}],"wp:term":[{"taxonomy":"category","embeddable":true,"href":"https:\/\/www.infokuryr.cz\/n\/wp-json\/wp\/v2\/categories?post=63631"},{"taxonomy":"post_tag","embeddable":true,"href":"https:\/\/www.infokuryr.cz\/n\/wp-json\/wp\/v2\/tags?post=63631"}],"curies":[{"name":"wp","href":"https:\/\/api.w.org\/{rel}","templated":true}]}}