{"id":63600,"date":"2024-10-05T00:50:05","date_gmt":"2024-10-04T22:50:05","guid":{"rendered":"https:\/\/www.infokuryr.cz\/n\/?p=63600"},"modified":"2024-10-04T16:11:56","modified_gmt":"2024-10-04T14:11:56","slug":"izraelsky-nalet-zabil-18-palestincu-na-zapadnim-brehu","status":"publish","type":"post","link":"https:\/\/www.infokuryr.cz\/n\/2024\/10\/05\/izraelsky-nalet-zabil-18-palestincu-na-zapadnim-brehu\/","title":{"rendered":"Izraelsk\u00fd n\u00e1let zabil 18 Palestinc\u016f na Z\u00e1padn\u00edm b\u0159ehu"},"content":{"rendered":"<div id=\"fb-root\"><\/div>\n<p><strong><span>Nejm\u00e9n\u011b 18 Palestinc\u016f bylo zabito pozd\u011b 3. \u0159\u00edjna, kdy\u017e izraelsk\u00fd n\u00e1let zas\u00e1hl uprchlick\u00fd t\u00e1bor Tulkarem na severu okupovan\u00e9ho Z\u00e1padn\u00edho b\u0159ehu Jord\u00e1nu.<\/span><\/strong><\/p>\n<p><span>Palestinsk\u00e9 ministerstvo zdravotnictv\u00ed v prohl\u00e1\u0161en\u00ed po\u010det ob\u011bt\u00ed potvrdilo. Mezit\u00edm ofici\u00e1ln\u00ed palestinsk\u00e1 tiskov\u00e1 agentura Wafa uvedla, \u017ee \u201eizraelsk\u00e1 v\u00e1le\u010dn\u00e1 letadla zas\u00e1hla obl\u00edbenou kav\u00e1rnu ve \u010dtvrti al-Hamam v t\u00e1bo\u0159e Tulkarem nejm\u00e9n\u011b jednou raketou, zat\u00edmco bylo p\u0159\u00edtomno n\u011bkolik civilist\u016f.<\/span><\/p>\n<p><span>Po n\u00e1letu vydaly izraelsk\u00e9 obrann\u00e9 s\u00edly (IDF) kr\u00e1tk\u00e9 prohl\u00e1\u0161en\u00ed, v n\u011bm\u017e ozn\u00e1mily, \u017ee jeden z jejich st\u00edha\u010dek se zam\u011b\u0159il na Tulkarem v r\u00e1mci spole\u010dn\u00e9 operace s bezpe\u010dnostn\u00ed agenturou Shin Bet.<\/span><\/p>\n<p><span>Arm\u00e1da v pozd\u011bj\u0161\u00edm prohl\u00e1\u0161en\u00ed uvedla, \u017ee zavra\u017edila Zah\u00edho J\u00e1sira Abd al-Razeqa Ouf\u00edho, \u0161\u00e9fa hnut\u00ed Ham\u00e1s v Tulkarem.<\/span><\/p>\n<p><em>\u201eDnes d\u0159\u00edve, v r\u00e1mci spole\u010dn\u00e9 protiteroristick\u00e9 operace IDF a ISA Izraelsk\u00e9 bezpe\u010dnostn\u00ed agentury nebo Shin Bet, IAF [Izraelsk\u00e9 letectvo] provedlo \u00fatok na z\u00e1klad\u011b zpravodajsk\u00fdch informac\u00ed ISA v oblasti Tulkarem a zlikvidovalo\u2026 Zahi Yaser Abd al-Razeq Oufi \u201c, uvedl velitel Hamasu v Tulkarem, vojensk\u00e9 prohl\u00e1\u0161en\u00ed.<\/em><\/p>\n<p><span>IDF ve sv\u00e9m prohl\u00e1\u0161en\u00ed d\u00e1le tvrdila, \u017ee \u201eOufi pl\u00e1noval a vedl pokus o bombov\u00fd \u00fatok na Ateret\u201c loni v z\u00e1\u0159\u00ed.<\/span><\/p>\n<p><em>&#8222;V r\u00e1mci sv\u00e9 role Oufi pl\u00e1noval a vedl zna\u010dn\u00e9 mno\u017estv\u00ed \u00fatok\u016f nam\u00ed\u0159en\u00fdch proti komunit\u00e1m v Judeji a Sama\u0159\u00ed (na Z\u00e1padn\u00edm b\u0159ehu) a zbytku izraelsk\u00e9 Home Front,&#8220; dodal.<\/em><\/p>\n<p><span>V prohl\u00e1\u0161en\u00ed se uv\u00e1d\u00ed, \u017ee \u201evedle Ouf\u00edho bylo zlikvidov\u00e1no n\u011bkolik dal\u0161\u00edch v\u00fdznamn\u00fdch terorist\u016f, kte\u0159\u00ed byli sou\u010d\u00e1st\u00ed Hamasu v Tulkarem\u201c.<\/span><\/p>\n<p><iframe loading=\"lazy\" src=\"https:\/\/s5.cdnstatic.space\/wp-content\/uploads\/2024\/10\/twitsave.com_dfm5tLVZC-sGIYcc.mp4\" width=\"600\" height=\"338\" data-mce-fragment=\"1\"><\/iframe><\/p>\n<p><span>Izraelsk\u00fd list Yedioth Ahronoth uvedl, \u017ee n\u00e1let byl prvn\u00edm sv\u00e9ho druhu, kter\u00fd provedla izraelsk\u00e1 st\u00edha\u010dka na Z\u00e1padn\u00edm b\u0159ehu Jord\u00e1nu od druh\u00e9 intif\u00e1dy v roce 2000.<\/span><\/p>\n<p><span>N\u00e1let p\u0159i\u0161el pouh\u00e9 dva dny pot\u00e9, co bylo sedm Izraelc\u016f zabito a 17 dal\u0161\u00edch bylo zran\u011bno v d\u016fsledku st\u0159eleck\u00e9ho \u00fatoku v centru Tel Avivu, ke kter\u00e9mu se p\u0159ihl\u00e1silo Ham\u00e1s. Izraelsk\u00e9 bezpe\u010dnostn\u00ed s\u00edly zabily dva ozbrojence, kte\u0159\u00ed \u00fatok provedli.<\/span><\/p>\n<p><span>Izraelsk\u00e1 v\u00e1lka v p\u00e1smu Gazy, kter\u00e1 si dosud vy\u017e\u00e1dala \u017eivoty v\u00edce ne\u017e 41 000 Palestinc\u016f, vedla k n\u00e1r\u016fstu n\u00e1sil\u00ed v Izraeli a na Z\u00e1padn\u00edm b\u0159ehu Jord\u00e1nu.<\/span><\/p>\n<p><span>Podle ministerstva zdravotnictv\u00ed palestinsk\u00e9 samospr\u00e1vy bylo na Z\u00e1padn\u00edm b\u0159ehu od za\u010d\u00e1tku v\u00e1lky zabito v\u00edce ne\u017e 716 Palestinc\u016f. V\u00edce ne\u017e 5250 dal\u0161\u00edch bylo zat\u010deno. B\u011bhem stejn\u00e9ho obdob\u00ed bylo p\u0159i \u00fatoc\u00edch v Izraeli a na Z\u00e1padn\u00edm b\u0159ehu zabito 46 lid\u00ed, v\u010detn\u011b izraelsk\u00fdch voj\u00e1k\u016f a policist\u016f.<\/span><\/p>\n<p><img decoding=\"async\" loading=\"lazy\" class=\"alignnone size-full wp-image-1185\" src=\"http:\/\/www.infokuryr.cz\/n\/wp-content\/uploads\/2021\/04\/kuryr-podpis.png\" alt=\"\" width=\"84\" height=\"24\" \/><\/p>\n<p>&nbsp;<\/p>\n","protected":false},"excerpt":{"rendered":"<p>Nejm\u00e9n\u011b 18 Palestinc\u016f bylo zabito pozd\u011b 3. \u0159\u00edjna, kdy\u017e izraelsk\u00fd n\u00e1let zas\u00e1hl uprchlick\u00fd t\u00e1bor Tulkarem&#8230;<\/p>\n","protected":false},"author":2,"featured_media":45756,"comment_status":"closed","ping_status":"closed","sticky":false,"template":"","format":"standard","meta":[],"categories":[7],"tags":[2011,178,107,3535,871,889],"_links":{"self":[{"href":"https:\/\/www.infokuryr.cz\/n\/wp-json\/wp\/v2\/posts\/63600"}],"collection":[{"href":"https:\/\/www.infokuryr.cz\/n\/wp-json\/wp\/v2\/posts"}],"about":[{"href":"https:\/\/www.infokuryr.cz\/n\/wp-json\/wp\/v2\/types\/post"}],"author":[{"embeddable":true,"href":"https:\/\/www.infokuryr.cz\/n\/wp-json\/wp\/v2\/users\/2"}],"replies":[{"embeddable":true,"href":"https:\/\/www.infokuryr.cz\/n\/wp-json\/wp\/v2\/comments?post=63600"}],"version-history":[{"count":0,"href":"https:\/\/www.infokuryr.cz\/n\/wp-json\/wp\/v2\/posts\/63600\/revisions"}],"wp:featuredmedia":[{"embeddable":true,"href":"https:\/\/www.infokuryr.cz\/n\/wp-json\/wp\/v2\/media\/45756"}],"wp:attachment":[{"href":"https:\/\/www.infokuryr.cz\/n\/wp-json\/wp\/v2\/media?parent=63600"}],"wp:term":[{"taxonomy":"category","embeddable":true,"href":"https:\/\/www.infokuryr.cz\/n\/wp-json\/wp\/v2\/categories?post=63600"},{"taxonomy":"post_tag","embeddable":true,"href":"https:\/\/www.infokuryr.cz\/n\/wp-json\/wp\/v2\/tags?post=63600"}],"curies":[{"name":"wp","href":"https:\/\/api.w.org\/{rel}","templated":true}]}}