{"id":63599,"date":"2024-10-05T00:50:04","date_gmt":"2024-10-04T22:50:04","guid":{"rendered":"https:\/\/www.infokuryr.cz\/n\/?p=63599"},"modified":"2024-10-05T09:14:14","modified_gmt":"2024-10-05T07:14:14","slug":"izrael-zasahl-libanonsko-syrsky-hranicni-prechod-pouzivany-civilisty-k-uteku","status":"publish","type":"post","link":"https:\/\/www.infokuryr.cz\/n\/2024\/10\/05\/izrael-zasahl-libanonsko-syrsky-hranicni-prechod-pouzivany-civilisty-k-uteku\/","title":{"rendered":"Izrael zas\u00e1hl libanonsko-s\u00fdrsk\u00fd hrani\u010dn\u00ed p\u0159echod pou\u017e\u00edvan\u00fd civilisty k \u00fat\u011bku"},"content":{"rendered":"<div id=\"fb-root\"><\/div>\n<p><strong>Izraelsk\u00fd \u00fader zas\u00e1hl 4. \u0159\u00edjna libanonsk\u00fd hrani\u010dn\u00ed p\u0159echod Masnaa se S\u00fdri\u00ed a od\u0159\u00edzl cestu, kterou v posledn\u00edch dnech vyu\u017e\u00edvaly statis\u00edce lid\u00ed k \u00fat\u011bku p\u0159ed izraelsk\u00fdm bombardov\u00e1n\u00edm.<\/strong><\/p>\n<p>Libanonsk\u00fd ministr dopravy Ali Hamieh agentu\u0159e Reuters \u0159ekl, \u017ee \u00fader zas\u00e1hl libanonsk\u00e9 \u00fazem\u00ed pobl\u00ed\u017e kl\u00ed\u010dov\u00e9ho hrani\u010dn\u00edho p\u0159echodu a vytvo\u0159il \u010dty\u0159i metry \u0161irok\u00fd kr\u00e1ter. Ministr poznamenal, \u017ee p\u0159echod podl\u00e9hal pravomoci libanonsk\u00e9ho st\u00e1tu.<\/p>\n<p><iframe loading=\"lazy\" src=\"https:\/\/s5.cdnstatic.space\/wp-content\/uploads\/2024\/10\/twitsave.com_3wiKpwI2tdKlB1vW.mp4\" width=\"600\" height=\"338\" data-mce-fragment=\"1\"><\/iframe><\/p>\n<p><iframe loading=\"lazy\" src=\"https:\/\/s5.cdnstatic.space\/wp-content\/uploads\/2024\/10\/twitsave.com_dLlgfWIskfadDNZD.mp4\" width=\"600\" height=\"338\" data-mce-fragment=\"1\"><\/iframe><\/p>\n<p>Plukovn\u00edk Avichay Adraee, mluv\u010d\u00ed izraelsk\u00e9 arm\u00e1dy v arab\u0161tin\u011b, obvinil 3. \u0159\u00edjna libanonskou ozbrojenou skupinu Hizball\u00e1h z pou\u017e\u00edv\u00e1n\u00ed p\u0159echodu Masnaa k p\u0159eprav\u011b vojensk\u00e9ho vybaven\u00ed z Libanonu. IDF neposkytla \u017e\u00e1dn\u00e9 d\u016fkazy na podporu sv\u00fdch tvrzen\u00ed.<\/p>\n<p><em>\u201eSt\u00e1t Libanon je odpov\u011bdn\u00fd za sv\u00e9 ofici\u00e1ln\u00ed hrani\u010dn\u00ed p\u0159echody a svou schopnost zabr\u00e1nit Hizball\u00e1hu v [pou\u017eit\u00ed] t\u011bchto p\u0159echod\u016f. IDF nal\u00e9h\u00e1 na libanonsk\u00fd st\u00e1t, aby provedl p\u0159\u00edsnou kontrolu kamion\u016f proj\u00ed\u017ed\u011bj\u00edc\u00edch p\u0159es civiln\u00ed p\u0159echody a vr\u00e1til kamiony a vozidla obsahuj\u00edc\u00ed zbran\u011b do S\u00fdrie,\u201c uvedl mluv\u010d\u00ed.<\/em><\/p>\n<p><em>&#8222;Pokud to bude nutn\u00e9, [izraelsk\u00e1 arm\u00e1da] nebude v\u00e1hat jednat, stejn\u011b jako to d\u011blala b\u011bhem cel\u00e9 v\u00e1lky,&#8220; dodal.<\/em><\/p>\n<p>V\u00edce ne\u017e 300 000 lid\u00ed, v\u011bt\u0161inou syrsk\u00fdch st\u00e1tn\u00edch p\u0159\u00edslu\u0161n\u00edk\u016f, p\u0159e\u0161lo za posledn\u00edch deset dn\u00ed z Libanonu do S\u00fdrie, aby unikli intenzivn\u00edmu izraelsk\u00e9mu bombardov\u00e1n\u00ed, podle statistik libanonsk\u00e9 vl\u00e1dy.<\/p>\n<p>St\u0159ety na libanonsko-izraelsk\u00e9 hranici poprv\u00e9 vypukly loni v \u0159\u00edjnu po za\u010d\u00e1tku v\u00e1lky v p\u00e1smu Gazy, kdy Hizball\u00e1h a jeho spojenci podnikali t\u00e9m\u011b\u0159 ka\u017edodenn\u00ed \u00fatoky na podporu palestinsk\u00e9 enkl\u00e1vy. V z\u00e1\u0159\u00ed Izrael eskaloval sv\u00e9 \u00fatoky na Libanon a pokra\u010doval v invazi do zem\u011b.<\/p>\n<p>Izraelsk\u00e9 \u00fatoky na Libanon si dosud vy\u017e\u00e1daly \u017eivoty kolem 2000 lid\u00ed a v\u00edce ne\u017e 9000 dal\u0161\u00edch bylo zran\u011bno. Drtivou v\u011bt\u0161inu ob\u011bt\u00ed tvo\u0159\u00ed civilist\u00e9.<\/p>\n<p><img decoding=\"async\" loading=\"lazy\" class=\"alignnone size-full wp-image-1185\" src=\"http:\/\/www.infokuryr.cz\/n\/wp-content\/uploads\/2021\/04\/kuryr-podpis.png\" alt=\"\" width=\"84\" height=\"24\" \/><\/p>\n<p>&nbsp;<\/p>\n","protected":false},"excerpt":{"rendered":"<p>Izraelsk\u00fd \u00fader zas\u00e1hl 4. \u0159\u00edjna libanonsk\u00fd hrani\u010dn\u00ed p\u0159echod Masnaa se S\u00fdri\u00ed a od\u0159\u00edzl cestu, kterou&#8230;<\/p>\n","protected":false},"author":2,"featured_media":59466,"comment_status":"closed","ping_status":"closed","sticky":false,"template":"","format":"standard","meta":[],"categories":[7],"tags":[2011,178,107,5135],"_links":{"self":[{"href":"https:\/\/www.infokuryr.cz\/n\/wp-json\/wp\/v2\/posts\/63599"}],"collection":[{"href":"https:\/\/www.infokuryr.cz\/n\/wp-json\/wp\/v2\/posts"}],"about":[{"href":"https:\/\/www.infokuryr.cz\/n\/wp-json\/wp\/v2\/types\/post"}],"author":[{"embeddable":true,"href":"https:\/\/www.infokuryr.cz\/n\/wp-json\/wp\/v2\/users\/2"}],"replies":[{"embeddable":true,"href":"https:\/\/www.infokuryr.cz\/n\/wp-json\/wp\/v2\/comments?post=63599"}],"version-history":[{"count":0,"href":"https:\/\/www.infokuryr.cz\/n\/wp-json\/wp\/v2\/posts\/63599\/revisions"}],"wp:featuredmedia":[{"embeddable":true,"href":"https:\/\/www.infokuryr.cz\/n\/wp-json\/wp\/v2\/media\/59466"}],"wp:attachment":[{"href":"https:\/\/www.infokuryr.cz\/n\/wp-json\/wp\/v2\/media?parent=63599"}],"wp:term":[{"taxonomy":"category","embeddable":true,"href":"https:\/\/www.infokuryr.cz\/n\/wp-json\/wp\/v2\/categories?post=63599"},{"taxonomy":"post_tag","embeddable":true,"href":"https:\/\/www.infokuryr.cz\/n\/wp-json\/wp\/v2\/tags?post=63599"}],"curies":[{"name":"wp","href":"https:\/\/api.w.org\/{rel}","templated":true}]}}