{"id":63596,"date":"2024-10-05T00:47:23","date_gmt":"2024-10-04T22:47:23","guid":{"rendered":"https:\/\/www.infokuryr.cz\/n\/?p=63596"},"modified":"2024-10-04T16:00:16","modified_gmt":"2024-10-04T14:00:16","slug":"evropska-ekonomika-zemre-ale-predtim-se-rozpadne-kvuli-migraci-varuje-orban","status":"publish","type":"post","link":"https:\/\/www.infokuryr.cz\/n\/2024\/10\/05\/evropska-ekonomika-zemre-ale-predtim-se-rozpadne-kvuli-migraci-varuje-orban\/","title":{"rendered":"\u201eEvropsk\u00e1 ekonomika zem\u0159e, ale p\u0159edt\u00edm se rozpadne kv\u016fli migraci,\u201c varuje Orb\u00e1n"},"content":{"rendered":"<div id=\"fb-root\"><\/div>\n<h2 class=\"s-tagline fw-tagline\"><span>Ma\u010farsk\u00fd premi\u00e9r Viktor Orb\u00e1n obvinil Brusel ze zapojen\u00ed do \u201eekonomick\u00e9 studen\u00e9 v\u00e1lky\u201c, kter\u00e1 po\u0161kozuje kontinent, a zopakoval z\u00e1vazek sv\u00e9 vl\u00e1dy k neutralit\u011b<\/span><\/h2>\n<div class=\"e-ct-outer\">\n<div class=\"entry-content rbct clearfix is-highlight-shares\">\n<p><span>Evropsk\u00e1 unie je zapojena do ekonomick\u00e9 studen\u00e9 v\u00e1lky, kter\u00e1 povede k z\u00e1niku evropsk\u00e9 ekonomiky, ale ne d\u0159\u00edve, ne\u017e se rozpadne kv\u016fli odhodl\u00e1n\u00ed Bruselu k masov\u00e9 imigraci, prohl\u00e1sil ma\u010farsk\u00fd premi\u00e9r Viktor Orb\u00e1n v nov\u00e9m rozhovoru.<\/span><\/p>\n<p><span>Orb\u00e1n zd\u016fraznil zam\u011b\u0159en\u00ed sv\u00e9 vl\u00e1dy na ekonomickou neutralitu a jej\u00ed pot\u0159ebu \u0159e\u0161it zahrani\u010dn\u00ed i dom\u00e1c\u00ed v\u00fdzvy v p\u00e1tek v rozhovoru pro Kossuth Radio Dobr\u00e9 r\u00e1no, Ma\u010farsko!<\/span><\/p>\n<p><span>Po kl\u00ed\u010dov\u00e9m jedn\u00e1n\u00ed vl\u00e1dy Orb\u00e1n stanovil n\u011bkolik priorit, od hospod\u00e1\u0159sk\u00e9 politiky po migraci a n\u00e1rodn\u00ed bezpe\u010dnost.<\/span><\/p>\n<p><span>Ma\u010farsk\u00fd v\u016fdce vysv\u011btlil, \u017ee vl\u00e1dn\u00ed strategie ekonomick\u00e9 neutrality z\u016fst\u00e1v\u00e1 pro budoucnost Ma\u010farska kl\u00ed\u010dov\u00e1. &#8222;Pokud to ud\u011bl\u00e1me spr\u00e1vn\u011b&#8230; m\u016f\u017eeme zv\u00fd\u0161it v\u00fdkonnost ekonomiky o 3 a\u017e 6 procent, co\u017e znamen\u00e1 zv\u00fd\u0161en\u00ed mezd,&#8220; uvedl s t\u00edm, \u017ee politika je navr\u017eena tak, aby chr\u00e1nila z\u00e1jmy Ma\u010farska uprost\u0159ed n\u00e1ro\u010dn\u00e9ho glob\u00e1ln\u00edho obchodn\u00edho prost\u0159ed\u00ed.<\/span><\/p>\n<p><span>Varoval, \u017ee Evropsk\u00e1 unie je zapojena do \u201eekonomick\u00e9 studen\u00e9 v\u00e1lky\u201c, kter\u00e1 ohro\u017euje nejen Ma\u010farsko, ale Evropu jako celek. Podle Orb\u00e1na: \u201ePokud je sv\u011btov\u00fd obchod paralyzov\u00e1n, je obt\u00ed\u017en\u011bj\u0161\u00ed prod\u00e1vat produkty, co\u017e je tak\u00e9 probl\u00e9m souvisej\u00edc\u00ed s ka\u017edodenn\u00ed \u017eivotn\u00ed \u00farovn\u00ed rodin.<\/span><\/p>\n<p><span>Orb\u00e1n zd\u016fraznil siln\u00fd hospod\u00e1\u0159sk\u00fd r\u016fst Ma\u010farska, ale pouk\u00e1zal na to, \u017ee odv\u011btv\u00edm, jako je cestovn\u00ed ruch, se da\u0159\u00ed, zat\u00edmco potravin\u00e1\u0159sk\u00fd pr\u016fmysl je v \u201edobr\u00e9 kondici\u201c. P\u0159ipustil v\u0161ak, \u017ee automobilov\u00fd pr\u016fmysl \u010del\u00ed pot\u00ed\u017e\u00edm, ale z\u016fstal optimistou, \u017ee se to brzy zlep\u0161\u00ed. Orb\u00e1n se zamyslel nad hospod\u00e1\u0159sk\u00fdm pokrokem Ma\u010farska od roku 2010 a poznamenal, \u017ee \u201ednes m\u00e1 ka\u017ed\u00fd pr\u00e1ci a ve skute\u010dnosti je dnes v\u00edce pracovn\u00edch m\u00edst, ne\u017e kolik je Ma\u010far\u016f, kte\u0159\u00ed mohou a cht\u011bj\u00ed pracovat\u201c.<\/span><\/p>\n<p><span>Pokud jde o pokra\u010duj\u00edc\u00ed boj zem\u011b s vysokou inflac\u00ed, premi\u00e9r byl hrd\u00fd na \u00fasil\u00ed vl\u00e1dy a \u0159ekl: &#8222;Dok\u00e1zali jsme ochr\u00e1nit lidi p\u0159ed vysok\u00fdm tempem r\u016fstu cen.&#8220; Zd\u016fraznil, \u017ee je d\u016fle\u017eit\u00e9 udr\u017eet r\u016fst mezd pro pomoc ob\u010dan\u016fm vyrovnat se s inflac\u00ed, a odhalil ambici vl\u00e1dy zv\u00fd\u0161it pr\u016fm\u011brnou m\u011bs\u00ed\u010dn\u00ed mzdu na 1 milion forint\u016f (2 490 eur) do dvou nebo t\u0159\u00ed let.<\/span><\/p>\n<p><span>V ot\u00e1zce migrace Orb\u00e1n op\u011bt zaujal tvrd\u00fd postoj a varoval, \u017ee nekontrolovan\u00e1 migrace m\u016f\u017ee v\u00e9st ke kolapsu Evropsk\u00e9 unie. \u201eEvropsk\u00e1 ekonomika zem\u0159e, ale p\u0159edt\u00edm se rozpadne kv\u016fli migraci,\u201c \u0159ekl, \u010d\u00edm\u017e pos\u00edlil z\u00e1vazek sv\u00e9 vl\u00e1dy k p\u0159\u00edsn\u00e9 kontrole hranic a zpochybnil migra\u010dn\u00ed politiku EU.<\/span><\/p>\n<p><span>Zm\u00ednil tak\u00e9 ned\u00e1vn\u00e9 politick\u00e9 posuny v Evrop\u011b, jako je \u00fasp\u011bch Strany svobody v Rakousku a vzestup n\u011bmeck\u00e9 Alternativy pro N\u011bmecko, jako zn\u00e1mky rostouc\u00ed nespokojenosti s t\u00edm, jak EU \u0159e\u0161\u00ed migraci.<\/span><\/p>\n<p><span>Budape\u0161\u0165 u\u017e n\u011bjakou dobu vede spory s Bruselem kv\u016fli imigra\u010dn\u00edm kontrol\u00e1m, proto\u017ee Evropsk\u00e1 komise ned\u00e1vno zah\u00e1jila \u0159\u00edzen\u00ed o poru\u0161en\u00ed povinnosti proti ma\u010farsk\u00e9 vl\u00e1d\u011b kv\u016fli jej\u00edmu odm\u00edtnut\u00ed splnit kontroverzn\u00ed pakt EU o migraci, kter\u00fd nut\u00ed \u010dlensk\u00e9 st\u00e1ty p\u0159ij\u00edmat kv\u00f3ty na migranty nebo \u010delit finan\u010dn\u00edm sankc\u00edm. Orb\u00e1nova administrativa reagovala stejn\u011b tak, \u017ee pohrozila, \u017ee neleg\u00e1ln\u00ed migranty vyprav\u00ed ze sv\u00fdch srbsk\u00fdch hranic p\u0159\u00edmo do Bruselu.<\/span><\/p>\n<p><span>V souvislosti s bezpe\u010dnostn\u00ed situac\u00ed Orb\u00e1n vyj\u00e1d\u0159il znepokojen\u00ed nad glob\u00e1ln\u00ed nestabilitou, zejm\u00e9na pokra\u010duj\u00edc\u00edm konfliktem na Bl\u00edzk\u00e9m v\u00fdchod\u011b, a jeho dopadem na Ma\u010farsko. &#8222;To, co se tam stane, n\u00e1s m\u016f\u017ee ovlivnit tak\u00e9 z bezpe\u010dnostn\u00edho hlediska,&#8220; poznamenal a vysv\u011btlil, \u017ee kabinet n\u00e1rodn\u00ed bezpe\u010dnosti byl svol\u00e1n, aby se t\u011bmito obavami zab\u00fdval.<\/span><\/p>\n<p><span>Nakonec Orb\u00e1n zd\u016fraznil d\u016fle\u017eitost podpory rodin a prohl\u00e1sil: \u201ePokud existuje d\u00edt\u011b, existuje budoucnost. V r\u00e1mci \u0161ir\u0161\u00edho \u00fasil\u00ed o zaji\u0161t\u011bn\u00ed demografick\u00e9 udr\u017eitelnosti Ma\u010farska a zlep\u0161en\u00ed \u017eivotn\u00ed \u00farovn\u011b p\u0159isl\u00edbil v p\u0159\u00ed\u0161t\u00edm roce zdvojn\u00e1soben\u00ed da\u0148ov\u00fdch \u00falev pro rodiny s d\u011btmi.<\/span><\/p>\n<p><img decoding=\"async\" loading=\"lazy\" class=\"alignnone size-full wp-image-1185\" src=\"http:\/\/www.infokuryr.cz\/n\/wp-content\/uploads\/2021\/04\/kuryr-podpis.png\" alt=\"\" width=\"84\" height=\"24\" \/><\/p>\n<p>&nbsp;<\/p>\n<\/div>\n<\/div>\n","protected":false},"excerpt":{"rendered":"<p>Ma\u010farsk\u00fd premi\u00e9r Viktor Orb\u00e1n obvinil Brusel ze zapojen\u00ed do \u201eekonomick\u00e9 studen\u00e9 v\u00e1lky\u201c, kter\u00e1 po\u0161kozuje kontinent,&#8230;<\/p>\n","protected":false},"author":2,"featured_media":56562,"comment_status":"closed","ping_status":"closed","sticky":false,"template":"","format":"standard","meta":[],"categories":[7],"tags":[59,41,371,439],"_links":{"self":[{"href":"https:\/\/www.infokuryr.cz\/n\/wp-json\/wp\/v2\/posts\/63596"}],"collection":[{"href":"https:\/\/www.infokuryr.cz\/n\/wp-json\/wp\/v2\/posts"}],"about":[{"href":"https:\/\/www.infokuryr.cz\/n\/wp-json\/wp\/v2\/types\/post"}],"author":[{"embeddable":true,"href":"https:\/\/www.infokuryr.cz\/n\/wp-json\/wp\/v2\/users\/2"}],"replies":[{"embeddable":true,"href":"https:\/\/www.infokuryr.cz\/n\/wp-json\/wp\/v2\/comments?post=63596"}],"version-history":[{"count":0,"href":"https:\/\/www.infokuryr.cz\/n\/wp-json\/wp\/v2\/posts\/63596\/revisions"}],"wp:featuredmedia":[{"embeddable":true,"href":"https:\/\/www.infokuryr.cz\/n\/wp-json\/wp\/v2\/media\/56562"}],"wp:attachment":[{"href":"https:\/\/www.infokuryr.cz\/n\/wp-json\/wp\/v2\/media?parent=63596"}],"wp:term":[{"taxonomy":"category","embeddable":true,"href":"https:\/\/www.infokuryr.cz\/n\/wp-json\/wp\/v2\/categories?post=63596"},{"taxonomy":"post_tag","embeddable":true,"href":"https:\/\/www.infokuryr.cz\/n\/wp-json\/wp\/v2\/tags?post=63596"}],"curies":[{"name":"wp","href":"https:\/\/api.w.org\/{rel}","templated":true}]}}