{"id":63574,"date":"2024-10-05T00:37:33","date_gmt":"2024-10-04T22:37:33","guid":{"rendered":"https:\/\/www.infokuryr.cz\/n\/?p=63574"},"modified":"2024-10-04T15:20:45","modified_gmt":"2024-10-04T13:20:45","slug":"globalni-oteplovani-takova-zima-jeste-nikdy-nebyla","status":"publish","type":"post","link":"https:\/\/www.infokuryr.cz\/n\/2024\/10\/05\/globalni-oteplovani-takova-zima-jeste-nikdy-nebyla\/","title":{"rendered":"Glob\u00e1ln\u00ed oteplov\u00e1n\u00ed? Takov\u00e1 zima je\u0161t\u011b nikdy nebyla"},"content":{"rendered":"<div id=\"fb-root\"><\/div>\n<div class=\"elementor-element elementor-element-1fb4c2c elementor-widget elementor-widget-theme-post-content\" data-id=\"1fb4c2c\" data-element_type=\"widget\" data-widget_type=\"theme-post-content.default\">\n<div class=\"elementor-widget-container\">\n<p><span>N\u011bkte\u0159\u00ed \u010dten\u00e1\u0159i si mohli v\u0161imnout grafiky, kter\u00e1 se ned\u00e1vno objevila ve Washington Post, zn\u00e1m\u00e9m podporovateli demokrat\u016f a obh\u00e1jci glob\u00e1ln\u00edho oteplov\u00e1n\u00ed, jako sou\u010d\u00e1st sekce TCW \u201eSeen Elsewhere, This Week in Alternative Media\u201c. Tato grafika tvrd\u00ed, \u017ee zn\u00e1zor\u0148uje teploty Zem\u011b za posledn\u00edch 485 milion\u016f let.<\/span><\/p>\n<div class=\"wp-block-image\">\n<figure class=\"aligncenter size-large\"><img decoding=\"async\" loading=\"lazy\" class=\"aligncenter\" src=\"https:\/\/i0.wp.com\/www.conservativewoman.co.uk\/wp-content\/uploads\/2024\/09\/2024-09-20_12-56-21-1024x894.png?resize=800%2C698&amp;ssl=1\" alt=\"\" width=\"738\" height=\"644\" data-recalc-dims=\"1\" \/><\/figure>\n<\/div>\n<p><span>The\u00a0\u00a0<\/span><em><span>Washington Post<\/span><\/em><span>\u00a0\u00a0n\u00e1m \u0159\u00edk\u00e1: \u201eAmbici\u00f3zn\u00ed \u00fasil\u00ed porozum\u011bt zemsk\u00e9mu klimatu za posledn\u00edch 485 milion\u016f let odhalilo p\u0159\u00edb\u011bh divok\u00fdch zm\u011bn a mnohem vy\u0161\u0161\u00edch teplot, ne\u017e si v\u011bdci d\u0159\u00edve mysleli \u2013 p\u0159ipom\u00ednku toho, jak moc\u00a0\u00a0<\/span><em><a href=\"https:\/\/www.washingtonpost.com\/climate-environment\/interactive\/2023\/anthropocene-geologic-time-crawford-lake\/?itid=lk_inline_manual_2\" target=\"_blank\" rel=\"noreferrer noopener\"><span>se Zem\u011b<\/span><\/a><\/em><span>\u00a0\u00a0ji\u017e zm\u011bnila, a varov\u00e1n\u00ed p\u0159ed bezprecedentn\u00ed rychlost\u00a0\u00a0<\/span><em><a href=\"https:\/\/www.washingtonpost.com\/climate-environment\/2023\/03\/20\/climate-change-ipcc-report-15\/?itid=lk_inline_manual_2\" target=\"_blank\" rel=\"noreferrer noopener\"><span>oteplov\u00e1n\u00ed zp\u016fsoben\u00e9ho \u010dlov\u011bkem\u00a0<\/span><\/a><a href=\"https:\/\/www.washingtonpost.com\/climate-environment\/2023\/03\/20\/climate-change-ipcc-report-15\/?itid=lk_inline_manual_2\" target=\"_blank\" rel=\"noreferrer noopener\"><span>.<\/span><\/a><\/em><\/p>\n<p><span>\u010casov\u00e1 osa, publikovan\u00e1 minul\u00fd \u010dtvrtek v \u010dasopise Science, je nejp\u0159esn\u011bj\u0161\u00ed rekonstrukc\u00ed minul\u00fdch teplot Zem\u011b, jak\u00e1 kdy byla vytvo\u0159ena, \u0159\u00edkaj\u00ed auto\u0159i. Byl vytvo\u0159en spojen\u00edm v\u00edce ne\u017e 150 000 kus\u016f fosiln\u00edch d\u016fkaz\u016f s nejmodern\u011bj\u0161\u00edmi klimatick\u00fdmi modely, ukazuje \u00fazk\u00e9 spojen\u00ed mezi\u00a0\u00a0<\/span><em><a href=\"https:\/\/www.washingtonpost.com\/climate-environment\/2023\/06\/05\/carbon-dioxide-growing-climate-change\/?itid=lk_inline_manual_3\" target=\"_blank\" rel=\"noreferrer noopener\"><span>oxidem uhli\u010dit\u00fdm<\/span><\/a><\/em><span>\u00a0\u00a0a\u00a0\u00a0<\/span><em><a href=\"https:\/\/www.washingtonpost.com\/climate-environment\/2024\/07\/27\/hottest-days-ever-recorded-climate-change\/?itid=lk_inline_manual_3\" target=\"_blank\" rel=\"noreferrer noopener\"><span>glob\u00e1ln\u00edmi teplotami<\/span><\/a><\/em><span>\u00a0\u00a0a ukazuje, \u017ee sv\u011bt byl po v\u011bt\u0161inu historie komplexn\u00edho komplexu v mnohem teplej\u0161\u00edm stavu. zv\u00ed\u0159ec\u00ed \u017eivot.<\/span><\/p>\n<p><span>Studie nazna\u010duje, \u017ee pr\u016fm\u011brn\u00e1 teplota Zem\u011b v nejteplej\u0161\u00edm bod\u011b dos\u00e1hla 96,8 stup\u0148\u016f Fahrenheita (36 stup\u0148\u016f Celsia), co\u017e je mnohem v\u00edce ne\u017e historick\u00e1 teplota 14,98 stup\u0148\u016f Celsia, kter\u00e9 planeta dos\u00e1hla v lo\u0148sk\u00e9m roce.<\/span><\/p>\n<p><span>N\u011bkdo by se mohl pt\u00e1t, zda m\u016f\u017ee existovat n\u011bco jako \u201epr\u016fm\u011brn\u00e1 teplota Zem\u011b\u201c, proto\u017ee se m\u011bn\u00ed v z\u00e1vislosti na geografick\u00e9 poloze a ro\u010dn\u00edm obdob\u00ed a zda ji lze skute\u010dn\u011b vysledovat s p\u0159esnost\u00ed na desetinu stupn\u011b za 485 milion\u016f let. Ale p\u0159edpokl\u00e1dejme, \u017ee graf je p\u0159im\u011b\u0159en\u011b p\u0159esn\u00fd. V tomto p\u0159\u00edpad\u011b je sou\u010dasn\u00e1 teplota v\u00fdrazn\u011b ni\u017e\u0161\u00ed ne\u017e b\u011bhem v\u011bt\u0161iny z posledn\u00edch 485 milion\u016f let. Z\u00e1v\u011br, kter\u00fd klimatick\u00fd katastrofista\u00a0\u00a0<\/span><em><span>Washington Post<\/span><\/em><span>\u00a0\u00a0vyvozuje ze skute\u010dnosti, \u017ee nyn\u00ed za\u017e\u00edv\u00e1me mnohem ni\u017e\u0161\u00ed teploty, ne\u017e kdy\u017e se na Zemi da\u0159ilo \u017eivotu, je ten, \u017ee n\u00e1m hroz\u00ed vyhynut\u00ed kv\u016fli tomu, co se d\u011bje, nejv\u011bt\u0161\u00ed klimatick\u00fd v\u011bdec na sv\u011bt\u011b, gener\u00e1ln\u00ed tajemn\u00edk OSN Antonio Guterres, popsal jako \u201eglob\u00e1ln\u00ed bod varu\u201c.<\/span><\/p>\n<p><em><span>Perverzn\u00ed z\u00e1v\u011br den\u00edku Washington Post<\/span><\/em><span>\u00a0se\u00a0\u00a0\u00a0objevuje jak v podtitulu \u010dl\u00e1nku, tak i v textu: &#8218;Pokus porozum\u011bt minul\u00e9mu klimatu Zem\u011b odhalil historii divok\u00fdch teplotn\u00edch v\u00fdkyv\u016f a vydal varov\u00e1n\u00ed p\u0159ed d\u016fsledky oteplov\u00e1n\u00ed zp\u016fsoben\u00e9ho \u010dlov\u011bkem.&#8216;<\/span><\/p>\n<p><span>To je \u0161\u00edlenstv\u00ed. \u010cl\u00e1nek objas\u0148uje, \u017ee studie \u201eukazuje, \u017ee sv\u011bt byl po v\u011bt\u0161inu historie slo\u017eit\u00e9ho \u017eivota zv\u00ed\u0159at v mnohem teplej\u0161\u00edm stavu\u201c. Ekofanatici z\u00a0<\/span><em><span>Washington Post<\/span><\/em><span>\u00a0v\u0161ak k neuv\u011b\u0159iteln\u00e9mu\u00a0\u00a0\u00a0z\u00e1v\u011bru do\u0161li k z\u00e1v\u011bru, \u017ee na\u0161e sou\u010dasn\u00e9 teploty, ni\u017e\u0161\u00ed ne\u017e kdykoli p\u0159edt\u00edm \u2013 ni\u017e\u0161\u00ed, ne\u017e kdy\u017e se po \u00farodn\u00e9 zemi proh\u00e1n\u011bli ob\u0159\u00ed dinosau\u0159i \u2013 jsou varov\u00e1n\u00edm p\u0159ed hrozn\u00fdmi \u201ed\u016fsledky oteplov\u00e1n\u00ed zp\u016fsoben\u00e9ho \u010dlov\u011bkem\u201c.<\/span><\/p>\n<p><span>Washington\u00a0\u00a0<\/span><em><span>Post\u00a0<\/span><\/em><span>\u00a0zd\u016fraz\u0148uje to, co naz\u00fdv\u00e1 \u201e\u00fazk\u00e1 souvislost mezi oxidem uhli\u010dit\u00fdm a glob\u00e1ln\u00edmi teplotami\u201c. Ale jak ukazuji ve sv\u00e9 nejnov\u011bj\u0161\u00ed knize Neexistuje \u017e\u00e1dn\u00e1 klimatick\u00e1 krize, kdy\u017e hladina CO\u2082 v atmosf\u00e9\u0159e klesla na 300 ppm (ppm) na po\u010d\u00e1tku 20. stolet\u00ed, byli jsme nebezpe\u010dn\u011b bl\u00edzko k hranici 250 ppm, ve kter\u00e9 by rostlinn\u00fd \u017eivot dos\u00e1hl. za\u010daly um\u00edrat a hrozilo by n\u00e1m re\u00e1ln\u00e9 nebezpe\u010d\u00ed vyhynut\u00ed. Ve skute\u010dnosti mnoho farm\u00e1\u0159\u016f instaluje do sv\u00fdch sklen\u00edk\u016f gener\u00e1tory CO\u2082, aby zv\u00fd\u0161ili \u00farove\u0148 na p\u0159ibli\u017en\u011b 1 000 ppm (v\u00edce ne\u017e dvojn\u00e1sobek sou\u010dasn\u00e9 \u00farovn\u011b v atmosf\u00e9\u0159e, kter\u00e1 \u010din\u00ed p\u0159ibli\u017en\u011b 415 ppm), co\u017e pova\u017euj\u00ed za ide\u00e1ln\u00ed pro r\u016fst rostlin.<\/span><\/p>\n<p><span>Zd\u00e1 se, \u017ee ekokatastrofist\u00e9 si tak\u00e9 uv\u011bdomuj\u00ed, \u017ee slovy b\u00fdval\u00e9ho britsk\u00e9ho premi\u00e9ra Harolda Macmillana, \u201enikdy jsme to nem\u011bli tak dobr\u00e9\u201c. O\u010dek\u00e1van\u00e1 d\u00e9lka lidsk\u00e9ho \u017eivota je rekordn\u011b vysok\u00e1, v\u00fdnosy plodin rychle rostou, chudoba je na historick\u00e9m minimu a po\u010det \u00famrt\u00ed souvisej\u00edc\u00edch s klimatem se za posledn\u00edch 100 let sn\u00ed\u017eil o v\u00edce ne\u017e 95 procent, i kdy\u017e se sv\u011btov\u00e1 populace ztrojn\u00e1sobila.<\/span><\/p>\n<p><span>Skute\u010dnost, \u017ee zast\u00e1nci Net Zero mohou doj\u00edt k z\u00e1v\u011bru, \u017ee v\u00fd\u0161e uveden\u00fd graf ukazuje, \u017ee n\u00e1m hroz\u00ed vyhynut\u00ed v d\u016fsledku glob\u00e1ln\u00edho oteplov\u00e1n\u00ed, kdy jsou teploty ve skute\u010dnosti nejni\u017e\u0161\u00ed za 485 milion\u016f let, jasn\u011b ukazuje, jak jsou nebezpe\u010dn\u00ed ignoranti a pom\u00fdlen\u00ed.<\/span><\/p>\n<\/div>\n<\/div>\n<div class=\"elementor-element elementor-element-8c57238 quelle dc-has-condition dc-condition-empty elementor-widget elementor-widget-heading\" data-id=\"8c57238\" data-element_type=\"widget\" data-widget_type=\"heading.default\">\n<div class=\"elementor-widget-container\">\n<h3 class=\"elementor-heading-title elementor-size-default\"><span style=\"font-size: 10pt;\"><a href=\"http:\/\/global%20boiling\/?%20It%E2%80%99s%20never%20been%20so%20cold\" target=\"_blank\" rel=\"nofollow noopener\">Zdroj<\/a><\/span><\/h3>\n<p>&nbsp;<\/p>\n<\/div>\n<\/div>\n","protected":false},"excerpt":{"rendered":"<p>N\u011bkte\u0159\u00ed \u010dten\u00e1\u0159i si mohli v\u0161imnout grafiky, kter\u00e1 se ned\u00e1vno objevila ve Washington Post, zn\u00e1m\u00e9m podporovateli&#8230;<\/p>\n","protected":false},"author":2,"featured_media":41152,"comment_status":"closed","ping_status":"closed","sticky":false,"template":"","format":"standard","meta":[],"categories":[7],"tags":[873,1100,1101],"_links":{"self":[{"href":"https:\/\/www.infokuryr.cz\/n\/wp-json\/wp\/v2\/posts\/63574"}],"collection":[{"href":"https:\/\/www.infokuryr.cz\/n\/wp-json\/wp\/v2\/posts"}],"about":[{"href":"https:\/\/www.infokuryr.cz\/n\/wp-json\/wp\/v2\/types\/post"}],"author":[{"embeddable":true,"href":"https:\/\/www.infokuryr.cz\/n\/wp-json\/wp\/v2\/users\/2"}],"replies":[{"embeddable":true,"href":"https:\/\/www.infokuryr.cz\/n\/wp-json\/wp\/v2\/comments?post=63574"}],"version-history":[{"count":0,"href":"https:\/\/www.infokuryr.cz\/n\/wp-json\/wp\/v2\/posts\/63574\/revisions"}],"wp:featuredmedia":[{"embeddable":true,"href":"https:\/\/www.infokuryr.cz\/n\/wp-json\/wp\/v2\/media\/41152"}],"wp:attachment":[{"href":"https:\/\/www.infokuryr.cz\/n\/wp-json\/wp\/v2\/media?parent=63574"}],"wp:term":[{"taxonomy":"category","embeddable":true,"href":"https:\/\/www.infokuryr.cz\/n\/wp-json\/wp\/v2\/categories?post=63574"},{"taxonomy":"post_tag","embeddable":true,"href":"https:\/\/www.infokuryr.cz\/n\/wp-json\/wp\/v2\/tags?post=63574"}],"curies":[{"name":"wp","href":"https:\/\/api.w.org\/{rel}","templated":true}]}}