{"id":63562,"date":"2024-10-04T05:32:36","date_gmt":"2024-10-04T03:32:36","guid":{"rendered":"https:\/\/www.infokuryr.cz\/n\/?p=63562"},"modified":"2024-10-04T05:32:36","modified_gmt":"2024-10-04T03:32:36","slug":"rada-bezpecnosti-osn-podporila-guterrese-ktery-byl-izraelem-prohlasen-za-personu-non-grata","status":"publish","type":"post","link":"https:\/\/www.infokuryr.cz\/n\/2024\/10\/04\/rada-bezpecnosti-osn-podporila-guterrese-ktery-byl-izraelem-prohlasen-za-personu-non-grata\/","title":{"rendered":"Rada bezpe\u010dnosti OSN podpo\u0159ila Guterrese, kter\u00fd byl Izraelem prohl\u00e1\u0161en za personu non grata"},"content":{"rendered":"<div id=\"fb-root\"><\/div>\n<p class=\"lead\"><strong>Rada bezpe\u010dnosti OSN vyj\u00e1d\u0159ila svou plnou podporu gener\u00e1ln\u00edmu tajemn\u00edkovi Organizace Ant\u00f3niu Guterresovi pot\u00e9, co ho Izrael prohl\u00e1sil za personu non grata, uvedla m\u00e9dia.<\/strong><\/p>\n<p><img decoding=\"async\" loading=\"lazy\" class=\"wp-image-39613 aligncenter\" src=\"http:\/\/www.infokuryr.cz\/n\/wp-content\/uploads\/2023\/11\/osn-tajemnik-G-300x169.jpeg\" alt=\"\" width=\"563\" height=\"317\" srcset=\"https:\/\/www.infokuryr.cz\/n\/wp-content\/uploads\/2023\/11\/osn-tajemnik-G-300x169.jpeg 300w, https:\/\/www.infokuryr.cz\/n\/wp-content\/uploads\/2023\/11\/osn-tajemnik-G.jpeg 640w\" sizes=\"(max-width: 563px) 100vw, 563px\" \/><\/p>\n<p><span>V prohl\u00e1\u0161en\u00ed vydan\u00e9m Radou bezpe\u010dnosti se uv\u00e1d\u00ed, \u017ee \u201ejak\u00e9koli rozhodnut\u00ed nezapojit se do jedn\u00e1n\u00ed s gener\u00e1ln\u00edm tajemn\u00edkem OSN nebo Organizac\u00ed spojen\u00fdch n\u00e1rod\u016f je kontraproduktivn\u00ed, zejm\u00e9na v souvislosti s eskalac\u00ed nap\u011bt\u00ed na Bl\u00edzk\u00e9m v\u00fdchod\u011b\u201c.<\/span><\/p>\n<p><span>Zem\u011b Rady bezpe\u010dnosti OSN \u201ezd\u016fraznily, \u017ee je t\u0159eba, aby si v\u0161echny \u010dlensk\u00e9 st\u00e1ty (Organizace) vybudovaly produktivn\u00ed a efektivn\u00ed vztah s gener\u00e1ln\u00edm tajemn\u00edkem a aby se zdr\u017eely jak\u00fdchkoli akc\u00ed, kter\u00e9 podkop\u00e1vaj\u00ed jeho pr\u00e1ci i pr\u00e1ci jeho \u00fa\u0159adu.<\/span><\/p>\n<p><strong><span>Izraelsk\u00fd ministr zahrani\u010d\u00ed Israel Katz<\/span><\/strong><span>\u00a0ve st\u0159edu\u00a0prohl\u00e1sil gener\u00e1ln\u00edho tajemn\u00edka OSN Antonia Guterrese za personu non grata s odkazem na jeho neschopnost bezpodm\u00edne\u010dn\u011b odsoudit \u00edr\u00e1nsk\u00fd raketov\u00fd \u00fatok na Izrael.<\/span><\/p>\n<p><span>Guterres m\u00e1 z\u00e1kaz vstupu do zem\u011b, napsal Katz na soci\u00e1ln\u00ed s\u00edti X.<\/span><\/p>\n<p><em>&#8222;Ka\u017ed\u00fd, kdo nem\u016f\u017ee jednozna\u010dn\u011b odsoudit ohavn\u00fd \u00fatok \u00cdr\u00e1nu na Izrael, na rozd\u00edl od t\u00e9m\u011b\u0159 v\u0161ech zem\u00ed sv\u011bta, si nezaslou\u017e\u00ed vstoupit na izraelskou p\u016fdu,&#8220;<span class=\"after-quote\">\u00a0&#8211; \u0159ekl ministr.<\/span><\/em><\/p>\n<p><span>Minul\u00e9 \u00fater\u00fd zah\u00e1jily isl\u00e1msk\u00e9 revolu\u010dn\u00ed gardy raketov\u00fd \u00fatok na Izrael. Izraelsk\u00e1 arm\u00e1da uvedla, \u017ee na \u00fatok odpov\u00ed, a\u017e to uzn\u00e1 za vhodn\u00e9.<\/span><\/p>\n<p><img decoding=\"async\" loading=\"lazy\" class=\"alignnone size-full wp-image-1185\" src=\"http:\/\/www.infokuryr.cz\/n\/wp-content\/uploads\/2021\/04\/kuryr-podpis.png\" alt=\"\" width=\"84\" height=\"24\" \/><\/p>\n<p>&nbsp;<\/p>\n","protected":false},"excerpt":{"rendered":"<p>Rada bezpe\u010dnosti OSN vyj\u00e1d\u0159ila svou plnou podporu gener\u00e1ln\u00edmu tajemn\u00edkovi Organizace Ant\u00f3niu Guterresovi pot\u00e9, co ho&#8230;<\/p>\n","protected":false},"author":2,"featured_media":19146,"comment_status":"closed","ping_status":"closed","sticky":false,"template":"","format":"standard","meta":[],"categories":[7],"tags":[1232,107,186,1242,1408],"_links":{"self":[{"href":"https:\/\/www.infokuryr.cz\/n\/wp-json\/wp\/v2\/posts\/63562"}],"collection":[{"href":"https:\/\/www.infokuryr.cz\/n\/wp-json\/wp\/v2\/posts"}],"about":[{"href":"https:\/\/www.infokuryr.cz\/n\/wp-json\/wp\/v2\/types\/post"}],"author":[{"embeddable":true,"href":"https:\/\/www.infokuryr.cz\/n\/wp-json\/wp\/v2\/users\/2"}],"replies":[{"embeddable":true,"href":"https:\/\/www.infokuryr.cz\/n\/wp-json\/wp\/v2\/comments?post=63562"}],"version-history":[{"count":0,"href":"https:\/\/www.infokuryr.cz\/n\/wp-json\/wp\/v2\/posts\/63562\/revisions"}],"wp:featuredmedia":[{"embeddable":true,"href":"https:\/\/www.infokuryr.cz\/n\/wp-json\/wp\/v2\/media\/19146"}],"wp:attachment":[{"href":"https:\/\/www.infokuryr.cz\/n\/wp-json\/wp\/v2\/media?parent=63562"}],"wp:term":[{"taxonomy":"category","embeddable":true,"href":"https:\/\/www.infokuryr.cz\/n\/wp-json\/wp\/v2\/categories?post=63562"},{"taxonomy":"post_tag","embeddable":true,"href":"https:\/\/www.infokuryr.cz\/n\/wp-json\/wp\/v2\/tags?post=63562"}],"curies":[{"name":"wp","href":"https:\/\/api.w.org\/{rel}","templated":true}]}}