{"id":63559,"date":"2024-10-04T05:27:12","date_gmt":"2024-10-04T03:27:12","guid":{"rendered":"https:\/\/www.infokuryr.cz\/n\/?p=63559"},"modified":"2024-10-04T05:27:12","modified_gmt":"2024-10-04T03:27:12","slug":"ukrajina-a-izrael-nyni-mezi-sebou-soutezi-o-to-komu-se-podari-drive-vyvolat-iii-sv-valku","status":"publish","type":"post","link":"https:\/\/www.infokuryr.cz\/n\/2024\/10\/04\/ukrajina-a-izrael-nyni-mezi-sebou-soutezi-o-to-komu-se-podari-drive-vyvolat-iii-sv-valku\/","title":{"rendered":"Ukrajina a Izrael nyn\u00ed mezi sebou sout\u011b\u017e\u00ed o to, komu se poda\u0159\u00ed d\u0159\u00edve vyvolat III. sv. v\u00e1lku!"},"content":{"rendered":"<div id=\"fb-root\"><\/div>\n<h4>Ukrajina a Izrael nyn\u00ed mezi sebou sout\u011b\u017e\u00ed o to, komu se poda\u0159\u00ed d\u0159\u00edve vyvolat III. sv. v\u00e1lku! Rusk\u00fd velvyslanec v RB OSN varoval, \u017ee Zelensk\u00fd se sna\u017e\u00ed zlikvidovat sv\u016fj n\u00e1rod i za cenu vyvol\u00e1n\u00ed III. sv. v\u00e1lky! Izrael pr\u00fd pl\u00e1nuje tvrdou odvetu proti \u00cdr\u00e1nu a Teher\u00e1n ji\u017e rozmis\u0165uje dal\u0161\u00ed rakety na tzv. kontra-odvetu proti Izraeli! Dva v\u016fdci \u017eidovsk\u00e9ho p\u016fvodu cht\u011bj\u00ed zat\u00e1hnout USA do dvou r\u016fzn\u00fdch v\u00e1lek se stejn\u00fdm koncem!<\/h4>\n<p>Rusk\u00e1 arm\u00e1da podle rusk\u00e9ho tisku definitivn\u011b osvobodila Ugledar a p\u0159ed kyjevsk\u00fdm re\u017eimem se u\u017e r\u00fdsuje pouze jedna jedin\u00e1 mo\u017enost, jako zabr\u00e1nit por\u00e1\u017ece ve v\u00e1lce, a to je zat\u00e1hnut\u00ed NATO anebo alespo\u0148 USA do v\u00e1lky na Ukrajin\u011b. To druh\u00e9 je po n\u00e1v\u0161t\u011bv\u011b Zelensk\u00e9ho v USA nepravd\u011bpodobn\u00e9, proto\u017ee jeho\u00a0<em>Pl\u00e1n v\u00edt\u011bzstv\u00ed<\/em>, kter\u00fd p\u0159edstavil v B\u00edl\u00e9m dom\u011b, nikoho pr\u00fd neoslovil, jak uv\u00e1d\u00ed americk\u00e1 m\u00e9dia.<\/p>\n<p>A to p\u0159edev\u0161\u00edm kv\u016fli tomu, \u017ee ten pl\u00e1n vlastn\u011b nen\u00ed pl\u00e1nem, ale je to seznam p\u0159\u00e1n\u00ed, jak p\u0159ek\u0159tila Zelensk\u00e9ho pl\u00e1n americk\u00e1 m\u00e9dia.\u00a0<strong>Krom\u011b dod\u00e1vek raket dlouh\u00e9ho doletu a velk\u00e9ho bal\u00edku pen\u011bz m\u00e1 tento pl\u00e1n spo\u010d\u00edvat v tom, \u017ee\u00a0Ukrajina bude pozv\u00e1na do NATO jako kandid\u00e1tsk\u00e1 zem\u011b<\/strong>, tedy v r\u00e1mci ofici\u00e1ln\u00edho pozv\u00e1n\u00ed, kter\u00e9 je po\u010d\u00e1tkem procesu p\u0159ij\u00edm\u00e1n\u00ed do NATO. M\u00e1 se o tom jednat na summitu NATO v Rammsteinu.<\/p>\n<p>&nbsp;<\/p>\n<div id=\"rumble_v5f34ql\">\n<div id=\"vid_v5f34ql\" class=\"rumble_v5f34ql-Rumble-cls\" tabindex=\"-1\">\n<div class=\"bigPlayUI ctp\"><div class='videoWrapper'>\r\n\t            <iframe src='https:\/\/rumble.com\/embed\/pj.v5f34ql\/' frameborder='0' allowfullscreen><\/iframe>\r\n\t        <\/div><\/p>\n<div class=\"bigPlayUIInner ctp\"><\/div>\n<\/div>\n<\/div>\n<\/div>\n<p>&nbsp;<\/p>\n<p>Probl\u00e9m je v tom, \u017ee na ud\u011blen\u00ed kandid\u00e1tsk\u00e9ho statusu mus\u00ed b\u00fdt mezi v\u0161emi \u010dleny aliance shoda, co\u017e za sou\u010dasn\u00e9 situace, kdy je Ukrajina ve v\u00e1lce s Ruskem a konec v\u00e1lky nen\u00ed v dohledu, je prakticky vylou\u010den\u00e9. USA se rozhodn\u011b nebudou cht\u00edt do v\u00e1lky s Ruskem pou\u0161t\u011b samy za sebe, ale pouze a v\u00fdhradn\u011b skrze prost\u0159edn\u00edka anebo prost\u0159edn\u00edky. A t\u011bmi prost\u0159edn\u00edky by mohly b\u00fdt pr\u00e1v\u011b vybran\u00e9 evropsk\u00e9 zem\u011b NATO, p\u0159i\u010dem\u017e vstup do v\u00e1lky na Ukrajin\u011b by byl p\u0159\u00edmou j\u00edzdenkou k v\u00e1le\u010dn\u00e9 kolizi s rusk\u00fdmi vojsky.<\/p>\n<h6><span style=\"font-size: 18pt;\">Zelensk\u00fd hled\u00e1 cestu, jak zat\u00e1hnout USA do v\u00e1lky na Ukrajin\u011b<\/span><\/h6>\n<p>Tomu by se prost\u011b nedalo zabr\u00e1nit a pokud v\u00e1m n\u011bkdo bude tvrdit n\u011bco jin\u00e9ho, tak prost\u011b l\u017ee. Ukrajina se pokusila po\u010d\u00e1tkem srpna o zastaven\u00ed rusk\u00e9 ofenz\u00edvy na Donbasu \u00fatokem na Kurskou oblast, aby byla Moskva donucena st\u00e1hnout rusk\u00e1 vojska z Donbasu, \u010d\u00edm\u017e m\u011blo doj\u00edt ke stabilizac\u00ed ukrajinsk\u00fdch pozic na Donbasu. Rusov\u00e9 na tento n\u00e1tlak nep\u0159istoupili a do Kursk\u00e9 oblasti byla povol\u00e1na Rosgvardija, rezervn\u00ed jednotky z Krymu a \u010de\u010densk\u00e9 odd\u00edly Achmat.\u00a0<strong>Kursk\u00e1 kapsa se pomalu uzav\u00edr\u00e1 a v n\u00ed ji\u017e zahynulo 18 000 ukrajinsk\u00fdch voj\u00e1k\u016f z \u0159ad elitn\u00edch brig\u00e1d<\/strong>, t\u011bch \u00fapln\u011b posledn\u00edch brig\u00e1d, kter\u00e9 gener\u00e1l Syrsk\u00fd st\u00e1hl z Donbasu.<\/p>\n<figure id=\"attachment_61212\" class=\"wp-caption aligncenter\" style=\"width: 681px;\"><a href=\"https:\/\/aeronet.news\/wp-content\/uploads\/CapitolUS_UA_Flags.jpg\"><img decoding=\"async\" loading=\"lazy\" class=\"wp-image-61212 \" src=\"https:\/\/aeronet.news\/wp-content\/uploads\/CapitolUS_UA_Flags-1024x683.jpg\" sizes=\"(max-width: 700px) 100vw, 700px\" srcset=\"https:\/\/aeronet.news\/wp-content\/uploads\/CapitolUS_UA_Flags-1024x683.jpg 1024w, https:\/\/aeronet.news\/wp-content\/uploads\/CapitolUS_UA_Flags-300x200.jpg 300w, https:\/\/aeronet.news\/wp-content\/uploads\/CapitolUS_UA_Flags-768x512.jpg 768w, https:\/\/aeronet.news\/wp-content\/uploads\/CapitolUS_UA_Flags-700x467.jpg 700w, https:\/\/aeronet.news\/wp-content\/uploads\/CapitolUS_UA_Flags-535x357.jpg 535w, https:\/\/aeronet.news\/wp-content\/uploads\/CapitolUS_UA_Flags-724x483.jpg 724w, https:\/\/aeronet.news\/wp-content\/uploads\/CapitolUS_UA_Flags.jpg 1280w\" alt=\"\" width=\"681\" height=\"454\" \/><\/a><figcaption class=\"wp-caption-text\">V\u00e1lka severu \u2013 Snaha Ukrajiny o zata\u017een\u00ed USA do v\u00e1lky s Ruskem<\/figcaption><\/figure>\n<p>Nam\u00edsto oslaben\u00ed Rusk\u00e9 arm\u00e1dy na Donbasu do\u0161lo k oslaben\u00ed ukrajinsk\u00e9 arm\u00e1dy pod\u00e9l cel\u00e9 fronty, proto\u017ee v\u00fdlet AFU do Kursk\u00e9 oblasti vy\u010derpal posledn\u00ed rezervy AFU. Osvobozen\u00ed Ugledaru, posledn\u00ed velk\u00e9 pevnosti AFU na jihoz\u00e1pad\u011b Donbasu, otev\u00edr\u00e1 cestu k z\u00e1padn\u00edm hranic\u00edm Don\u011bck\u00e9 oblasti. Bl\u00ed\u017e\u00ed se zima a Ukrajinci nejen nedos\u00e1hli \u017e\u00e1dn\u00e9ho \u00fasp\u011bchu tento rok, ale nav\u00edc se oslabili prota\u017een\u00edm fronty do Kursk\u00e9 oblasti. Ameri\u010dan\u00e9 proto cht\u011bj\u00ed z operace na Ukrajin\u011b vycouvat, proto\u017ee americk\u00fdch ekonomick\u00fdch c\u00edl\u016f bylo dosa\u017eeno. Rusko je izolov\u00e1no od EU, a to byl c\u00edl. Tedy jeden z c\u00edl\u016f.<\/p>\n<h6><span style=\"font-size: 18pt;\">K zat\u00e1hnut\u00ed NATO a USA do v\u00e1lky s Ruskem sta\u010d\u00ed jen p\u00e1r \u0159\u00edzen\u00fdch raket dlouh\u00e9ho doletu vyp\u00e1len\u00fdch na Rusko<\/span><\/h6>\n<p>Zelensk\u00fd ale tu\u0161\u00ed, \u017ee konec v\u00e1lky bude znamenat ohro\u017een\u00ed jeho \u017eivota, proto\u017ee Ukrajinci mu p\u016fjdou po krku jako po\u00a0<em>svini<\/em>, kter\u00e1 jim pozab\u00edjela a povra\u017edila jejich syny nahnan\u00e9 do rusk\u00e9ho masoml\u00fdna, a to zcela zbyte\u010dn\u011b, bez v\u00edt\u011bzstv\u00ed, a hlavn\u011b ve chv\u00edli, kdy bylo jasn\u00e9, \u017ee v\u00e1lka je prohran\u00e1 a Zelensk\u00fd m\u011bl povinnost v\u00e1lku ukon\u010dit, aby jeho lid\u00e9 d\u00e1l netrp\u011bli.<\/p>\n<p><strong>Nam\u00edsto toho Zelensk\u00fd na\u0159\u00eddil teror na Ukrajin\u011b a odvodn\u00ed komise odvl\u00e9kaj\u00ed z ulic ka\u017ed\u00e9ho, kdo neute\u010de \u2013 studenty vysok\u00fdch \u0161kol, d\u016fchodce, bezdomovce, invalidy, naprosto ka\u017ed\u00e9ho.<\/strong>\u00a0A to v\u0161echno jenom kv\u016fli tomu, aby v\u00e1lka pokra\u010dovala, aby neskon\u010dila, proto\u017ee konec v\u00e1lky bude koncem Zelensk\u00e9ho. To jsou jednoduch\u00e9 po\u010dty. Tak\u017ee jak\u00fd je pl\u00e1n?<\/p>\n<figure id=\"attachment_61211\" class=\"wp-caption aligncenter\" style=\"width: 684px;\"><a href=\"https:\/\/aeronet.news\/wp-content\/uploads\/IsraelUkraineStar.jpg\"><img decoding=\"async\" loading=\"lazy\" class=\"wp-image-61211 \" src=\"https:\/\/aeronet.news\/wp-content\/uploads\/IsraelUkraineStar-1024x1014.jpg\" sizes=\"(max-width: 700px) 100vw, 700px\" srcset=\"https:\/\/aeronet.news\/wp-content\/uploads\/IsraelUkraineStar-1024x1014.jpg 1024w, https:\/\/aeronet.news\/wp-content\/uploads\/IsraelUkraineStar-150x150.jpg 150w, https:\/\/aeronet.news\/wp-content\/uploads\/IsraelUkraineStar-300x297.jpg 300w, https:\/\/aeronet.news\/wp-content\/uploads\/IsraelUkraineStar-768x761.jpg 768w, https:\/\/aeronet.news\/wp-content\/uploads\/IsraelUkraineStar-700x693.jpg 700w, https:\/\/aeronet.news\/wp-content\/uploads\/IsraelUkraineStar-360x357.jpg 360w, https:\/\/aeronet.news\/wp-content\/uploads\/IsraelUkraineStar-488x483.jpg 488w, https:\/\/aeronet.news\/wp-content\/uploads\/IsraelUkraineStar.jpg 1284w\" alt=\"\" width=\"684\" height=\"678\" \/><\/a><figcaption class=\"wp-caption-text\">Tandemov\u00e9 \u0159\u00edzen\u00ed ke III. sv. v\u00e1lce \u2013 ji\u017en\u00ed a severn\u00ed teze tandemu<\/figcaption><\/figure>\n<p>V Lond\u00fdn\u011b bylo vymy\u0161leno, \u017ee se za\u010dnou na Rusko st\u0159\u00edlet rakety dlouh\u00e9ho doletu \u0159\u00edzen\u00e9 ze zem\u00ed NATO. Rusko to bude pova\u017eovat za vstup NATO do v\u00e1lky a provede odvetn\u00e9 \u00fadery na z\u00e1kladny NATO v Rumunsku, kde jsou naviga\u010dn\u00ed velitelstv\u00ed NATO pro tyto rakety. Ale jsou rovn\u011b\u017e v Polsku, v N\u011bmecku a v Holandsku. Podle analytik\u016f by v\u0161ak prvn\u00ed rusk\u00fd \u00fader m\u00ed\u0159il na Rumunsko.<\/p>\n<p>T\u00edm by bylo NATO zata\u017eeno do v\u00e1lky. Rusko si je toho v\u011bdomo, o co se Lond\u00fdn sna\u017e\u00ed, a proto do\u0161lo ke zm\u011bn\u011b rusk\u00e9 jadern\u00e9 doktr\u00edny jako varov\u00e1n\u00ed. Zelensk\u00fd, kter\u00fd je \u017did, tak usiluje o vyhlazen\u00ed vlastn\u00ed populace ve zni\u010duj\u00edc\u00ed v\u00e1lce mezi NATO a Ruskem, proto\u017ee tento kolizn\u00ed st\u0159et by se odehr\u00e1val pr\u00e1v\u011b na Ukrajin\u011b. A v tom okam\u017eiku by USA nemohly z\u016fstat stranou. Jakmile za\u010dnou prob\u00edhat boje mezi Rusk\u00e9m a NATO, bude vymalov\u00e1no.<\/p>\n<h6><span style=\"font-size: 18pt;\">Netanyahu hled\u00e1 cestu, jak zat\u00e1hnout USA do v\u00e1lky pro zm\u011bnu s \u00cdr\u00e1nem<\/span><\/h6>\n<p>A \u00fapln\u011b to sam\u00e9 prob\u00edh\u00e1 v Izraeli.\u00a0<strong>\u017didovsk\u00fd premi\u00e9r polsk\u00e9ho p\u016fvodu Benjamin Netanyahu (Mileikowski) rozpoutal v Gaze nejprve genocidu, kde jeho arm\u00e1da povra\u017edila v\u00edce ne\u017e 40 000 Palestinc\u016f<\/strong>, srovnala se zem\u00ed domy vyhnan\u00fdch Palestinc\u016f a cel\u00fd prostor je p\u0159ipraven k v\u00fdstavb\u011b nov\u00fdch \u017eidovsk\u00fdch osad.<\/p>\n<p>To ale nesta\u010dilo a nyn\u00ed na\u0159\u00eddil invazi do sousedn\u00edho Libanonu, ale\u00a0<strong>je\u0161t\u011b p\u0159edt\u00edm provedl teroristick\u00fd \u00fatok<\/strong>\u00a0a nechal vyhodit do pov\u011bt\u0159\u00ed tis\u00edce pager\u016f, vys\u00edla\u010dek, tisk\u00e1ren a dal\u0161\u00edch elektronick\u00fdch za\u0159\u00edzen\u00ed v libanonsk\u00fdch dom\u00e1cnostech. Exploze zabily a zranily nejen \u010dleny Hizball\u00e1hu, ale i oby\u010dejn\u00e9 Libanonce, jejich d\u011bti, \u017eeny, rodinn\u00e9 p\u0159\u00edslu\u0161n\u00edky. N\u00e1sledn\u011b raketov\u00fdmi \u00fatoky IDF pozab\u00edjela prakticky cel\u00e9 veden\u00ed Hizball\u00e1hu.<\/p>\n<figure id=\"attachment_61210\" class=\"wp-caption aligncenter\" style=\"width: 682px;\"><a href=\"https:\/\/aeronet.news\/wp-content\/uploads\/IsraelUkraineTandem.jpg\"><img decoding=\"async\" loading=\"lazy\" class=\"wp-image-61210 \" src=\"https:\/\/aeronet.news\/wp-content\/uploads\/IsraelUkraineTandem-1024x682.jpg\" sizes=\"(max-width: 700px) 100vw, 700px\" srcset=\"https:\/\/aeronet.news\/wp-content\/uploads\/IsraelUkraineTandem-1024x682.jpg 1024w, https:\/\/aeronet.news\/wp-content\/uploads\/IsraelUkraineTandem-300x200.jpg 300w, https:\/\/aeronet.news\/wp-content\/uploads\/IsraelUkraineTandem-768x512.jpg 768w, https:\/\/aeronet.news\/wp-content\/uploads\/IsraelUkraineTandem-700x466.jpg 700w, https:\/\/aeronet.news\/wp-content\/uploads\/IsraelUkraineTandem-536x357.jpg 536w, https:\/\/aeronet.news\/wp-content\/uploads\/IsraelUkraineTandem-725x483.jpg 725w, https:\/\/aeronet.news\/wp-content\/uploads\/IsraelUkraineTandem.jpg 1280w\" alt=\"\" width=\"682\" height=\"455\" \/><\/a><figcaption class=\"wp-caption-text\">V\u00e1le\u010dn\u00e9 procesy v Izraeli a na Ukrajin\u011b jsou v tandemu \u2013 c\u00edlem je vyvolat III. sv. v\u00e1lku v jedn\u00e9 z t\u011bchto dvou tez\u00ed<\/figcaption><\/figure>\n<p>Tento teror m\u00e1 za \u00fakol vyvolat v\u00e1lku s \u00cdr\u00e1nem na Bl\u00edzk\u00e9m v\u00fdchod\u011b, co\u017e povede k zata\u017een\u00ed USA do konfliktu. A pr\u00e1v\u011b USA maj\u00ed zah\u00e1jit v\u00e1lku s \u00cdr\u00e1nem, proto\u017ee samotn\u00fd Izrael si to nem\u016f\u017ee dovolit, nem\u00e1 tolik lid\u00ed a voj\u00e1k\u016f.\u00a0<strong>Izraelsk\u00fd kan\u00e1l 12 ozn\u00e1mil, \u017ee se pl\u00e1nuje \u201c<em>tvrd\u00e1 odpov\u011b\u010f<\/em>\u201d na \u00edr\u00e1nsk\u00fd \u00fatok, k n\u00ed\u017e by m\u011blo doj\u00edt \u201c<em>b\u011bhem n\u011bkolika dn\u00ed<\/em>\u201c.<\/strong>\u00a0Premi\u00e9r Benjamin Netanyahu se ve \u010dtvrtek ve\u010der se\u0161el na nejvy\u0161\u0161\u00ed bezpe\u010dnostn\u00ed \u00farovni, aby projednal podrobnosti, uvedl list The Times of Israel. \u201c<em>Izrael si od re\u017eimu ajatoll\u00e1h\u016f vy\u017e\u00e1d\u00e1 vysokou cenu,<\/em>\u201d uvedly ministersk\u00e9 zdroje a dodaly, \u017ee reakce je koordinov\u00e1na s administrativou americk\u00e9ho prezidenta Joea Bidena.<\/p>\n<h6><span style=\"font-size: 18pt;\">Dv\u011b v\u00e1lky, dv\u011b zem\u011b, dva \u017eidov\u0161t\u00ed vrchn\u00ed velitel\u00e9\u2026 a oba pot\u0159ebuj\u00ed USA! U\u017e tu\u0161\u00edte, pro\u010d volby U.S. prezidenta za 30 dn\u00ed budou tak kl\u00ed\u010dov\u00e9?<\/span><\/h6>\n<p>Tak\u017ee, dva \u017eidov\u0161t\u00ed v\u016fdci zem\u00ed, kte\u0159\u00ed vedou sv\u00e9 zem\u011b do v\u00e1lek, usiluj\u00ed o tot\u00e9\u017e \u2013 o zavle\u010den\u00ed USA do sv\u00fdch konflikt\u016f. Nikdo z nich nebere ohledy na vlastn\u00ed obyvatele. Ani Zelensk\u00fd, ani Netanyahu se nestaraj\u00ed o to, co se stane s jejich lidem a n\u00e1rody, kdy\u017e vypukne velk\u00e1 v\u00e1lka a cel\u00e1 zem\u011b se ocitne v obrovsk\u00e9m ohni. Nemaj\u00ed se sv\u00fdmi ob\u010dany slitov\u00e1n\u00ed.<\/p>\n<p>P\u0159esn\u011b, jak je uvedeno v Talmudu \u2013\u00a0<em>Nem\u011bj slitov\u00e1n\u00ed s g\u00f3jem!<\/em>\u00a0Stejn\u011b jako nikdo nem\u011bl slitov\u00e1n\u00ed s\u00a0<em>goyim<\/em>, kdy\u017e do jejich \u017eil byly vst\u0159ikov\u00e1ny experiment\u00e1ln\u00ed roztoky proti Covid-19. Lid\u00e9 um\u00edraj\u00ed v milionech po cel\u00e9m sv\u011bt\u011b na podivn\u00e9 z\u00e1stavy srdce, na ucp\u00e1n\u00ed tepen a c\u00e9v, ve kter\u00fdch se po vakcinaci odlupuje vnit\u0159n\u00ed v\u00fdstelka c\u00e9v, kter\u00e1 ucpe c\u00e9vu.<\/p>\n<figure id=\"attachment_61213\" class=\"wp-caption aligncenter\" style=\"width: 691px;\"><a href=\"https:\/\/aeronet.news\/wp-content\/uploads\/ZelenskyNetanyahu.jpg\"><img decoding=\"async\" loading=\"lazy\" class=\"wp-image-61213 \" src=\"https:\/\/aeronet.news\/wp-content\/uploads\/ZelenskyNetanyahu-1024x576.jpg\" sizes=\"(max-width: 700px) 100vw, 700px\" srcset=\"https:\/\/aeronet.news\/wp-content\/uploads\/ZelenskyNetanyahu-1024x576.jpg 1024w, https:\/\/aeronet.news\/wp-content\/uploads\/ZelenskyNetanyahu-300x169.jpg 300w, https:\/\/aeronet.news\/wp-content\/uploads\/ZelenskyNetanyahu-768x432.jpg 768w, https:\/\/aeronet.news\/wp-content\/uploads\/ZelenskyNetanyahu-700x394.jpg 700w, https:\/\/aeronet.news\/wp-content\/uploads\/ZelenskyNetanyahu-635x357.jpg 635w, https:\/\/aeronet.news\/wp-content\/uploads\/ZelenskyNetanyahu-859x483.jpg 859w, https:\/\/aeronet.news\/wp-content\/uploads\/ZelenskyNetanyahu.jpg 1280w\" alt=\"\" width=\"691\" height=\"389\" \/><\/a><figcaption class=\"wp-caption-text\">Zelensk\u00fd na setk\u00e1n\u00ed s Netanyahuem<\/figcaption><\/figure>\n<p>Vznikaj\u00ed d\u011bsiv\u00e9 nemoci, nap\u0159. tremor v ruk\u00e1ch a v noh\u00e1ch, kter\u00fd dokto\u0159i nedok\u00e1\u017e\u00ed identifikovat a chybn\u011b maj\u00ed podez\u0159en\u00ed na boreli\u00f3zu apod. Prost\u011b pandemick\u00fd teror a v\u00e1le\u010dn\u00fd teror maj\u00ed jedno spole\u010dn\u00e9 \u2013 na\u00a0<em>goyim<\/em>\u00a0se neberou ohledy.\u00a0<strong>Neberou se ale ani na \u017didy, kte\u0159\u00ed odm\u00edtaj\u00ed sionismus. Tak\u017ee si v\u0161imn\u011bte \u2013 kdo m\u00e1 bojovat za Ukrajinu a za Izrael? No, p\u0159ece ameri\u010dt\u00ed\u00a0<em>goyim<\/em>.<\/strong>\u00a0Maj\u00ed to b\u00fdt oni, kte\u0159\u00ed budou bojovat za Ukrajinu a za Izrael. Proto Zelensk\u00fd spolu s Lond\u00fdnem sp\u0159\u00e1daj\u00ed pl\u00e1ny, jak za\u010d\u00edt st\u0159\u00edlet rakety na Rusko, aby se rusk\u00fd medv\u011bd ohnal a ude\u0159il v odvet\u011b na \u010dlenskou zemi NATO, aby NATO mohlo spustit \u0159ev, \u010dl\u00e1nek 5, eskalaci, vstup do konfliktu a nakonec i vta\u017een\u00ed USA do v\u00e1lky.<\/p>\n<h6><span style=\"font-size: 18pt;\">Tandemov\u00e9 \u0159\u00edzen\u00ed proces\u016f na vyvol\u00e1n\u00ed III. sv. v\u00e1lky \u2013 Dv\u011b v\u00e1lky, jedna na severu, druh\u00e1 na jihu<\/span><\/h6>\n<p>A o tot\u00e9\u017e se sna\u017e\u00ed Mileikowski v Izraeli, resp. v Gaze a v Libanonu, abychom byli p\u0159esn\u011bj\u0161\u00ed. Palestina byla v roce 1947 zem\u00ed s mezin\u00e1rodn\u00edm statusem a integritou. po 76 letech je to zem\u011b, kter\u00e9 zmizela z mapy sv\u011bta. M\u00edsto Palestiny je tam Izrael \u2013 nacistick\u00fd \u00fatvar pou\u017e\u00edvaj\u00edc\u00ed metody III. \u0158\u00ed\u0161e na vyhlazov\u00e1n\u00ed zbytk\u016f p\u016fvodn\u00edho os\u00eddlen\u00ed Palestiny. A jedin\u00e1 zem\u011b br\u00e1n\u00ed tom, aby se Izrael stal na Bl\u00edzk\u00e9m v\u00fdchodn\u011b hegemonem \u2013 \u00cdr\u00e1n! Na jeho zni\u010den\u00ed, tedy konven\u010dn\u00edmi zbran\u011bmi, nem\u00e1 Izrael kapacitu. To sam\u00e9 nem\u00e1 Ukrajina na zni\u010den\u00ed Ruska.<\/p>\n<p><strong>A proto dva v\u016fdci \u017eidovsk\u00e9ho p\u016fvodu, dva v\u00e1le\u010dn\u00ed v\u016fdci, cht\u011bj\u00ed do v\u00e1lek proti velk\u00e9mu nep\u0159\u00edteli zat\u00e1hnout USA.<\/strong>\u00a0Trag\u00e9di\u00ed lidstva bude, jestli se to jednomu z t\u011bch dvou povede. Proto\u017ee jestli se to povede, budou m\u00edt ob\u011b v\u00e1lky stejn\u00fd konec \u2013 III. sv. v\u00e1lku a nukle\u00e1rn\u00ed koncovku. Pr\u00e1v\u011b snaha o zata\u017een\u00ed USA do konflikt\u016f bude spou\u0161t\u011b\u010dem nukle\u00e1rn\u00ed v\u00fdm\u011bny. A o tom rozhodne volba americk\u00e9ho prezidenta.\u00a0<strong>Pro-izraelsk\u00fd Trump<\/strong>, anebo\u00a0<strong>pro-ukrajinsk\u00e1 Kamala<\/strong>. Co je lep\u0161\u00ed a hor\u0161\u00ed varianta? Ch\u00e1pete u\u017e, pro\u010d byl vytvo\u0159en tandem dvou v\u00e1lek? Aby bylo jedno, kdo v USA vyhraje volby, aby III. sv. v\u00e1lka byla zaru\u010dena a spu\u0161t\u011bna!<\/p>\n<figure id=\"attachment_61214\" class=\"wp-caption aligncenter\" style=\"width: 696px;\"><a href=\"https:\/\/aeronet.news\/wp-content\/uploads\/TrumpHarrisDebateScream.jpg\"><img decoding=\"async\" loading=\"lazy\" class=\"wp-image-61214 \" src=\"https:\/\/aeronet.news\/wp-content\/uploads\/TrumpHarrisDebateScream-1024x576.jpg\" sizes=\"(max-width: 700px) 100vw, 700px\" srcset=\"https:\/\/aeronet.news\/wp-content\/uploads\/TrumpHarrisDebateScream-1024x576.jpg 1024w, https:\/\/aeronet.news\/wp-content\/uploads\/TrumpHarrisDebateScream-300x169.jpg 300w, https:\/\/aeronet.news\/wp-content\/uploads\/TrumpHarrisDebateScream-768x432.jpg 768w, https:\/\/aeronet.news\/wp-content\/uploads\/TrumpHarrisDebateScream-700x394.jpg 700w, https:\/\/aeronet.news\/wp-content\/uploads\/TrumpHarrisDebateScream-635x357.jpg 635w, https:\/\/aeronet.news\/wp-content\/uploads\/TrumpHarrisDebateScream-859x483.jpg 859w, https:\/\/aeronet.news\/wp-content\/uploads\/TrumpHarrisDebateScream.jpg 1280w\" alt=\"\" width=\"696\" height=\"392\" \/><\/a><figcaption class=\"wp-caption-text\">Donald Trump a Kamala Harris<\/figcaption><\/figure>\n<p>Tato obrovsk\u00e1 snaha o zata\u017een\u00ed USA do obou v\u00e1lek je v podstat\u011b tandemov\u00e9 \u0159\u00edzen\u00ed proces\u016f o vyvol\u00e1n\u00ed III. sv. v\u00e1lky skupinou elit v Lond\u00fdn\u011b, kte\u0159\u00ed\u00a0<strong>cht\u011bj\u00ed satisfakci za t\u0159i por\u00e1\u017eky ve v\u00e1lk\u00e1ch o rusk\u00e9 zdroje.<\/strong>\u00a0Satisfakce za por\u00e1\u017eku Napoleona v Rusku, satisfakce za ne\u00fasp\u011b\u0161nou bol\u0161evickou revoluci v Rusku, kterou nam\u00edsto lond\u00fdnsk\u00e9ho osl\u00edka Trock\u00e9ho ovl\u00e1dl Koba \u2013 Stalin. A satisfakce za por\u00e1\u017eku nacistick\u00e9ho Wehrmachtu v Sov\u011btsk\u00e9m svazu. Prost\u011b pokus \u010d. 4 o por\u00e1\u017eku Ruska.<\/p>\n<p>A pokud jde o \u00cdr\u00e1n, to je v\u00e1lka \u201c<em>vyvolenc\u016f<\/em>\u201d proti Per\u0161an\u016fm, tedy proti kol\u00e9bce \u00e1rijsk\u00e9ho etnika. Zamyslete se, pro\u010d Izrael neprojevuje nen\u00e1vist proti chazarsk\u00fdm v Sa\u00fadsk\u00e9 Ar\u00e1bii, ale v\u00fdhradn\u011b proti Persii? Sionisti\u010dt\u00ed prost\u011b vid\u00ed v Persii n\u00e1rod, kter\u00fd m\u016f\u017ee Izraeli odporovat. Je to n\u00e1rod na vy\u0161\u0161\u00ed duchovn\u00ed \u00farovni. A je to \u00cdr\u00e1n, kter\u00fd br\u00e1n\u00ed Izraeli v \u00fapln\u00e9m vyhlazen\u00ed Palestinc\u016f a v \u00fapln\u00e9m z\u00e1niku Palestiny a vzniku Velk\u00e9ho Izraele. Proto ob\u011b v\u00e1lky, na severu na Ukrajin\u011b, i na jihu na Bl\u00edzk\u00e9m v\u00fdchod\u011b, maj\u00ed spole\u010dn\u00e9 sionistick\u00e9 a konceptu\u00e1ln\u00ed jmenovatele.<\/p>\n<p><a href=\"https:\/\/aeronet.news\/ukrajina-a-izrael-nyni-mezi-sebou-soutezi-o-to-komu-se-podari-drive-vyvolat-iii-sv-valku-rusky-velvyslanec-v-rb-osn-varoval-ze-zelensky-se-snazi-zlikvidovat-svuj-narod\/\">-VK-<\/a><\/p>\n<p>&nbsp;<\/p>\n","protected":false},"excerpt":{"rendered":"<p>Ukrajina a Izrael nyn\u00ed mezi sebou sout\u011b\u017e\u00ed o to, komu se poda\u0159\u00ed d\u0159\u00edve vyvolat III&#8230;.<\/p>\n","protected":false},"author":2,"featured_media":63560,"comment_status":"closed","ping_status":"closed","sticky":false,"template":"","format":"standard","meta":[],"categories":[6],"tags":[1042,6121,26,40],"_links":{"self":[{"href":"https:\/\/www.infokuryr.cz\/n\/wp-json\/wp\/v2\/posts\/63559"}],"collection":[{"href":"https:\/\/www.infokuryr.cz\/n\/wp-json\/wp\/v2\/posts"}],"about":[{"href":"https:\/\/www.infokuryr.cz\/n\/wp-json\/wp\/v2\/types\/post"}],"author":[{"embeddable":true,"href":"https:\/\/www.infokuryr.cz\/n\/wp-json\/wp\/v2\/users\/2"}],"replies":[{"embeddable":true,"href":"https:\/\/www.infokuryr.cz\/n\/wp-json\/wp\/v2\/comments?post=63559"}],"version-history":[{"count":0,"href":"https:\/\/www.infokuryr.cz\/n\/wp-json\/wp\/v2\/posts\/63559\/revisions"}],"wp:featuredmedia":[{"embeddable":true,"href":"https:\/\/www.infokuryr.cz\/n\/wp-json\/wp\/v2\/media\/63560"}],"wp:attachment":[{"href":"https:\/\/www.infokuryr.cz\/n\/wp-json\/wp\/v2\/media?parent=63559"}],"wp:term":[{"taxonomy":"category","embeddable":true,"href":"https:\/\/www.infokuryr.cz\/n\/wp-json\/wp\/v2\/categories?post=63559"},{"taxonomy":"post_tag","embeddable":true,"href":"https:\/\/www.infokuryr.cz\/n\/wp-json\/wp\/v2\/tags?post=63559"}],"curies":[{"name":"wp","href":"https:\/\/api.w.org\/{rel}","templated":true}]}}