{"id":63557,"date":"2024-10-04T05:23:53","date_gmt":"2024-10-04T03:23:53","guid":{"rendered":"https:\/\/www.infokuryr.cz\/n\/?p=63557"},"modified":"2024-10-04T05:23:53","modified_gmt":"2024-10-04T03:23:53","slug":"francie-oznacila-rusko-za-nejvetsi-hrozbu","status":"publish","type":"post","link":"https:\/\/www.infokuryr.cz\/n\/2024\/10\/04\/francie-oznacila-rusko-za-nejvetsi-hrozbu\/","title":{"rendered":"Francie ozna\u010dila Rusko za \u201enejv\u011bt\u0161\u00ed hrozbu\u201c"},"content":{"rendered":"<div id=\"fb-root\"><\/div>\n<p><span style=\"font-size: 18pt;\"><strong>Moskva je na sv\u011btov\u00e9 sc\u00e9n\u011b st\u00e1le \u201eagresivn\u011bj\u0161\u00ed\u201c, prohl\u00e1sil ministr obrany Sebastien Lecornu<\/strong><\/span><\/p>\n<p><span>Rusko je v sou\u010dasnosti nejd\u016fle\u017eit\u011bj\u0161\u00edm protivn\u00edkem Francie, \u0159ekl francouzsk\u00fd ministr obrany Sebastien Lecornu v ned\u00e1vn\u00e9m rozhovoru pro \u010dasopis Le Point.\u00a0<\/span><\/p>\n<p><span>V rozhovoru zve\u0159ejn\u011bn\u00e9m ve st\u0159edu, kter\u00fd znamenal vyd\u00e1n\u00ed nov\u00e9 Lecornuovy knihy, ministr hovo\u0159il o bezpe\u010dnostn\u00edch v\u00fdzv\u00e1ch, kter\u00fdm dnes Pa\u0159\u00ed\u017e \u010del\u00ed.<\/span><\/p>\n<p><span>Na ot\u00e1zku, kter\u00e1 zem\u011b nebo akt\u00e9r p\u0159edstavuje\u00a0<\/span><em><span>\u201enejv\u011bt\u0161\u00ed hrozbu pro Francii\u201c,<\/span><\/em><span>\u00a0Lecornu odpov\u011bd\u011bl:\u00a0<\/span><em><span>\u201eKrom\u011b teroristick\u00fdch skupin je to jednozna\u010dn\u011b Rusk\u00e1 federace.<\/span><\/em><\/p>\n<p><span>Tvrdil, \u017ee Moskva byla\u00a0letos\u00a0<\/span><em><span>\u201eje\u0161t\u011b agresivn\u011bj\u0161\u00ed\u201c ne\u017e v letech 2022 a 2023. Rusko p\u0159edstavuje hrozbu\u00a0<\/span><\/em><em><span>\u201enejen pro na\u0161e z\u00e1jmy v Africe, ale tak\u00e9 p\u0159\u00edmo pro na\u0161e ozbrojen\u00e9 s\u00edly,\u201c<\/span><\/em><span>\u00a0\u0159ekl ministr a dodal, \u017ee\u00a0<\/span><em><span>\u201e rusk\u00e9 \u0159\u00edzen\u00ed letov\u00e9ho provozu pohrozilo sest\u0159elen\u00edm francouzsk\u00e9 hl\u00eddky Rafale.<\/span><\/em><\/p>\n<p><span>Lecornu d\u00e1le obvinil Rusko z\u00a0<\/span><em><span>\u201eveden\u00ed informa\u010dn\u00ed v\u00e1lky\u201c<\/span><\/em><span>\u00a0a\u00a0<\/span><em><span>\u201emilitarizace nov\u00fdch prost\u0159ed\u00ed, v\u010detn\u011b mo\u0159sk\u00e9ho dna a kyberprostoru\u201c.<\/span><\/em><\/p>\n<p><span>P\u0159esto\u017ee \u0161\u00e9f francouzsk\u00e9 obrany neuvedl \u017e\u00e1dn\u00e9 konkr\u00e9tn\u00ed incidenty, Rusko i NATO se navz\u00e1jem obvi\u0148uj\u00ed z nebezpe\u010dn\u00fdch leteck\u00fdch man\u00e9vr\u016f. V b\u0159eznu rusk\u00e9 ministerstvo obrany uvedlo, \u017ee jeho trysky doprov\u00e1zely dva francouzsk\u00e9 v\u00e1le\u010dn\u00e9 letouny Rafale, kter\u00e9 l\u00e9taly nad \u010cern\u00fdm mo\u0159em bl\u00edzko rusk\u00fdch hranic.\u00a0<\/span><\/p>\n<p><span>Moskva opakovan\u011b zd\u016fraznila, \u017ee dod\u00e1vka zbran\u00ed na Ukrajinu ze strany Pa\u0159\u00ed\u017ee by vedla k nebezpe\u010dn\u00e9 eskalaci. V lednu si Rusko p\u0159edvolalo francouzsk\u00e9ho vyslance kv\u016fli p\u0159\u00edtomnosti\u00a0<\/span><em><span>\u201efrancouzsk\u00fdch \u017eold\u00e1k\u016f\u201c<\/span><\/em><span>\u00a0na Ukrajin\u011b. Zat\u00edmco francouzsk\u00e1 vl\u00e1da uznala, \u017ee se jej\u00ed ob\u010dan\u00e9 \u00fa\u010dastnili konfliktu, pop\u0159ela, \u017ee by usnadnila jejich p\u0159\u00edchod na boji\u0161t\u011b.\u00a0<\/span><\/p>\n<p><span>V koment\u00e1\u0159i k nep\u0159\u00e1telsk\u00e9mu postoji Pa\u0159\u00ed\u017ee rusk\u00fd ministr zahrani\u010d\u00ed Sergej Lavrov v kv\u011btnu prohl\u00e1sil, \u017ee francouzsk\u00fd prezident Emmanuel Macron\u00a0<\/span><em><span>\u201ed\u00fdch\u00e1\u201c<\/span><\/em><span>\u00a0rusofobi\u00ed, a tvrdil, \u017ee francouzsk\u00fd v\u016fdce se sna\u017e\u00ed pou\u017e\u00edvat bojovnou r\u00e9toriku, aby pozdvihl pozici sv\u00e9 zem\u011b na sv\u011btov\u00e9 sc\u00e9n\u011b.<\/span><\/p>\n<p><img decoding=\"async\" loading=\"lazy\" class=\"alignnone size-full wp-image-1185\" src=\"http:\/\/www.infokuryr.cz\/n\/wp-content\/uploads\/2021\/04\/kuryr-podpis.png\" alt=\"\" width=\"84\" height=\"24\" \/><\/p>\n<p>&nbsp;<\/p>\n","protected":false},"excerpt":{"rendered":"<p>Moskva je na sv\u011btov\u00e9 sc\u00e9n\u011b st\u00e1le \u201eagresivn\u011bj\u0161\u00ed\u201c, prohl\u00e1sil ministr obrany Sebastien Lecornu Rusko je v&#8230;<\/p>\n","protected":false},"author":2,"featured_media":63558,"comment_status":"closed","ping_status":"closed","sticky":false,"template":"","format":"standard","meta":[],"categories":[7],"tags":[130,4866,811,22],"_links":{"self":[{"href":"https:\/\/www.infokuryr.cz\/n\/wp-json\/wp\/v2\/posts\/63557"}],"collection":[{"href":"https:\/\/www.infokuryr.cz\/n\/wp-json\/wp\/v2\/posts"}],"about":[{"href":"https:\/\/www.infokuryr.cz\/n\/wp-json\/wp\/v2\/types\/post"}],"author":[{"embeddable":true,"href":"https:\/\/www.infokuryr.cz\/n\/wp-json\/wp\/v2\/users\/2"}],"replies":[{"embeddable":true,"href":"https:\/\/www.infokuryr.cz\/n\/wp-json\/wp\/v2\/comments?post=63557"}],"version-history":[{"count":0,"href":"https:\/\/www.infokuryr.cz\/n\/wp-json\/wp\/v2\/posts\/63557\/revisions"}],"wp:featuredmedia":[{"embeddable":true,"href":"https:\/\/www.infokuryr.cz\/n\/wp-json\/wp\/v2\/media\/63558"}],"wp:attachment":[{"href":"https:\/\/www.infokuryr.cz\/n\/wp-json\/wp\/v2\/media?parent=63557"}],"wp:term":[{"taxonomy":"category","embeddable":true,"href":"https:\/\/www.infokuryr.cz\/n\/wp-json\/wp\/v2\/categories?post=63557"},{"taxonomy":"post_tag","embeddable":true,"href":"https:\/\/www.infokuryr.cz\/n\/wp-json\/wp\/v2\/tags?post=63557"}],"curies":[{"name":"wp","href":"https:\/\/api.w.org\/{rel}","templated":true}]}}