{"id":63550,"date":"2024-10-04T04:57:28","date_gmt":"2024-10-04T02:57:28","guid":{"rendered":"https:\/\/www.infokuryr.cz\/n\/?p=63550"},"modified":"2024-10-04T04:57:28","modified_gmt":"2024-10-04T02:57:28","slug":"jana-markova-ukrajinci-uz-ponekud-zoufale-cim-dal-vic-volaji-po-miru-dovolime-jim-ho","status":"publish","type":"post","link":"https:\/\/www.infokuryr.cz\/n\/2024\/10\/04\/jana-markova-ukrajinci-uz-ponekud-zoufale-cim-dal-vic-volaji-po-miru-dovolime-jim-ho\/","title":{"rendered":"Jana Markov\u00e1: Ukrajinci u\u017e pon\u011bkud zoufale \u010d\u00edm d\u00e1l v\u00edc volaj\u00ed po m\u00edru. Dovol\u00edme jim ho?"},"content":{"rendered":"<div id=\"fb-root\"><\/div>\n<p class=\"has-medium-font-size\"><strong>A u\u017e jsou ochotni jednat i o \u00fazemn\u00edm kompromisu. U\u017e nejde tajit skute\u010dn\u00fd stav v\u011bc\u00ed, u\u017e nepom\u00e1haj\u00ed propagandistick\u00e9 weby hl\u00e1saj\u00edc\u00ed, jak slavn\u011b v\u00edt\u011bz\u00edme.<\/strong><\/p>\n<p>Pravdu u\u017e p\u0159ipou\u0161t\u00ed i mainstream a kaza\u0161sk\u00e9 or\u00e1kulum D\u017eamila. Mimo z\u016fst\u00e1v\u00e1 snad u\u017e jen Dana Dr\u00e1bov\u00e1, kter\u00e1 se z toho ale podle mne u\u017e nedostane. J\u00ed podobn\u00e9 fanati\u010dky nev\u011b\u0159ily a\u017e do posledn\u00ed chv\u00edle ani v nejmenovan\u00e9m bunkru. Ono je moc hezk\u00e9, \u017ee tam jako\u00a0Z\u00e1pad pos\u00edl\u00e1me po\u0159\u00e1d n\u011bjak\u00e9 zbran\u011b a gran\u00e1ty, ale d\u00edky tomu, \u017ee jsme si sami pon\u011bkud za\u0159\u00edzli jejich v\u00fdrobu, proto\u017ee budeme eko-bio-zelen\u00ed, a d\u00edky sankc\u00edm na rusk\u00e9 suroviny, jich m\u00e1me prost\u011b \u017ealostn\u011b m\u00e1lo. \u017dalostn\u011b m\u00e1lo na ruskou zbrojn\u00ed v\u00fdrobu, p\u0159eorientovanou na v\u00e1le\u010dnou ekonomiku. Oni to dali, my ne. Nic si nenalh\u00e1vejme. Le\u017e je v tomto ohledu nebezpe\u010dn\u00e1.<\/p>\n<p>Le\u017e a propaganda znamen\u00e1 toti\u017e smrt. Je sice moc hezk\u00e9, \u017ee se ud\u011blaj\u00ed za za zna\u010dn\u00fdch ztr\u00e1t p\u00ed\u00e1rov\u00e9 akce jako v\u00fdpad do Kurska, ale u\u017e nen\u00ed moc hezk\u00e9 to, \u017ee se i d\u00edky tomu dramaticky nedost\u00e1v\u00e1 \u017eiv\u00e9 s\u00edly jinde. Padl Vuhledar a nejsp\u00ed\u0161 padnou dal\u0161\u00ed m\u011bsta. Ukrajinci u\u017e zkr\u00e1tka nemaj\u00ed kde br\u00e1t, a dobrovoln\u00edci od kl\u00e1vesnice se do z\u00e1kop\u016f moc nehrnou. Rusobijci jsou to jen doma, p\u011bkn\u011b v teplou\u010dku a s n\u00e1kupem od Rohl\u00edku v lednici. Ti nejfanati\u010dt\u011bj\u0161\u00ed jsou z\u00e1rove\u0148 ti obvykle nejv\u00edc zbab\u011bl\u00ed. A svou zbab\u011blost si kompenzuj\u00ed pr\u00e1v\u011b t\u00edm fanatismem. Slovn\u011b by nejrad\u0161i poslali atomovku na Moskvu, ka\u017ed\u00e9ho kdo s t\u00edm nesouhlas\u00ed zav\u0159eli do l\u00e1gru nebo poslali na frontu, ale sami nezvednou \u201eprdel\u201c z gau\u010de.<\/p>\n<p>Nyn\u00ed ukrajin\u0161t\u00ed velitel\u00e9 na v\u00fdchodn\u00ed front\u011b vyj\u00e1d\u0159ili obavy ohledn\u011b kvality nov\u00fdch rekrut\u016f, kte\u0159\u00ed jsou v d\u016fsledku nedostate\u010dn\u00e9ho v\u00fdcviku, vy\u010derp\u00e1n\u00ed a rostouc\u00edho v\u011bku voj\u00e1k\u016f \u010dasto snadn\u00fdmi ter\u010di pro rusk\u00e9 jednotky. Um\u00edr\u00e1 jich pr\u00fd kr\u00e1tce po nasazen\u00ed a\u017e 70%. Co\u017e je p\u0159\u00ed\u0161ern\u00e9 \u010d\u00edslo. \u201eN\u011bkte\u0159\u00ed z nov\u00e1\u010dk\u016f doslova zmrznou strachem a nedok\u00e1\u017e\u00ed vyst\u0159elit na nep\u0159\u00edtele. Pak jsou to oni, kdo kon\u010d\u00ed v pytl\u00edch na mrtvoly nebo t\u011b\u017ece zran\u011bn\u00ed,\u201c dodal jeden z velitel\u016f. V pr\u016fzkumu 77 procent lid\u00ed uvedlo, \u017ee ve v\u00e1lce proti Rusku ztratilo rodinn\u00e9ho p\u0159\u00edslu\u0161n\u00edka, kamar\u00e1da nebo zn\u00e1m\u00e9ho.<\/p>\n<p>Jak dlouho si mysl\u00edte, \u017ee se to d\u00e1 je\u0161t\u011b vydr\u017eet? U\u017e to nen\u00ed nic jin\u00e9ho, ne\u017e boj o ka\u017ed\u00fd den, kdy se poda\u0159\u00ed vy\u010derpat Rusa, proto\u017ee i on m\u00e1 samoz\u0159ejm\u011b vysok\u00e9 ztr\u00e1ty. Ale stoj\u00ed to za to? Komu? V\u00e1m? T\u011bm mrtv\u00fdm, zmrza\u010den\u00fdm a jejich rodin\u00e1m t\u011b\u017eko. A ch\u00e1pete v\u016fbec co se stane, a\u017e se tihle chlapi vr\u00e1t\u00ed dom\u016f? Pln\u00ed v\u00e1le\u010dn\u00fdch traumat, r\u016fzn\u00fdch syndrom\u016f a n\u00e1sil\u00ed? Kdo se o n\u011b postar\u00e1? Mysl\u00edte, \u017ee Ukrajina? To asi t\u011b\u017eko, \u017ee? 30 000 ka\u017ed\u00fd m\u011bs\u00edc. To je pr\u00fd aktu\u00e1ln\u00ed po\u010det mobilizovan\u00fdch. Nechcete kone\u010dn\u011b \u0159\u00edct dost? Na co je\u0161t\u011b \u010dek\u00e1te? \u010c\u00edm d\u00fdl to bude trvat, t\u00edm m\u00ed\u0148 si Ukrajina udr\u017e\u00ed tv\u00e1\u0159 a \u00fazem\u00ed.<\/p>\n<p>Tuhle v\u00e1lku u\u017e nejde vyhr\u00e1t tak, jak vy si to p\u0159edstavujete. J\u00e1 ne\u0159\u00edk\u00e1m, \u017ee je to dob\u0159e, j\u00e1 jen \u0159\u00edk\u00e1m, \u017ee jinak to stejn\u011b nedopadne. Te\u010f u\u017e neplet\u00ed \u010d\u00edm d\u00fdl t\u00edm l\u00edp. Te\u010f u\u017e je to \u010d\u00edm d\u00fdl, t\u00edm v\u00edc vabank. Alespo\u0148 pro ty Ukrajince. Pro zbroja\u0159e to samoz\u0159ejm\u011b neplat\u00ed, ti se tetel\u00ed blahem. Tak\u017ee jestli v\u00e1m v\u0161em fanatick\u00fdm vyv\u011b\u0161ovatel\u016fm vlajek na profilovky na Ukrajin\u011b skute\u010dn\u011b z\u00e1le\u017e\u00ed, p\u0159esta\u0148te je hn\u00e1t na smrt. A p\u0159iznejte stejn\u011b, jako v\u00e1\u0161 prezident, \u017ee je \u010das jednat. I za cenu toho, \u017ee \u00fazemn\u00ed po\u017eadavky nebudou nyn\u00ed spln\u011bny. Nebo u\u017e to v\u00e1\u0161 prezident nen\u00ed? Nebo u\u017e nem\u00e1 pravdu? Skon\u010dete to.<\/p>\n<p><a href=\"https:\/\/web.litterate.cz\/ukrajinci-uz-ponekud-zoufale-cim-dal-vic-volaji-po-miru-dovolime-jim-ho\/\">Jan Markov\u00e1<\/a><\/p>\n<p><img decoding=\"async\" loading=\"lazy\" class=\"alignnone size-full wp-image-34862\" src=\"http:\/\/www.infokuryr.cz\/n\/wp-content\/uploads\/2023\/08\/jana-markova.jpg\" alt=\"\" width=\"180\" height=\"180\" srcset=\"https:\/\/www.infokuryr.cz\/n\/wp-content\/uploads\/2023\/08\/jana-markova.jpg 180w, https:\/\/www.infokuryr.cz\/n\/wp-content\/uploads\/2023\/08\/jana-markova-150x150.jpg 150w\" sizes=\"(max-width: 180px) 100vw, 180px\" \/><\/p>\n<p>&nbsp;<\/p>\n","protected":false},"excerpt":{"rendered":"<p>A u\u017e jsou ochotni jednat i o \u00fazemn\u00edm kompromisu. U\u017e nejde tajit skute\u010dn\u00fd stav v\u011bc\u00ed,&#8230;<\/p>\n","protected":false},"author":2,"featured_media":63551,"comment_status":"closed","ping_status":"closed","sticky":false,"template":"","format":"standard","meta":[],"categories":[6],"tags":[1503,220,565,26],"_links":{"self":[{"href":"https:\/\/www.infokuryr.cz\/n\/wp-json\/wp\/v2\/posts\/63550"}],"collection":[{"href":"https:\/\/www.infokuryr.cz\/n\/wp-json\/wp\/v2\/posts"}],"about":[{"href":"https:\/\/www.infokuryr.cz\/n\/wp-json\/wp\/v2\/types\/post"}],"author":[{"embeddable":true,"href":"https:\/\/www.infokuryr.cz\/n\/wp-json\/wp\/v2\/users\/2"}],"replies":[{"embeddable":true,"href":"https:\/\/www.infokuryr.cz\/n\/wp-json\/wp\/v2\/comments?post=63550"}],"version-history":[{"count":0,"href":"https:\/\/www.infokuryr.cz\/n\/wp-json\/wp\/v2\/posts\/63550\/revisions"}],"wp:featuredmedia":[{"embeddable":true,"href":"https:\/\/www.infokuryr.cz\/n\/wp-json\/wp\/v2\/media\/63551"}],"wp:attachment":[{"href":"https:\/\/www.infokuryr.cz\/n\/wp-json\/wp\/v2\/media?parent=63550"}],"wp:term":[{"taxonomy":"category","embeddable":true,"href":"https:\/\/www.infokuryr.cz\/n\/wp-json\/wp\/v2\/categories?post=63550"},{"taxonomy":"post_tag","embeddable":true,"href":"https:\/\/www.infokuryr.cz\/n\/wp-json\/wp\/v2\/tags?post=63550"}],"curies":[{"name":"wp","href":"https:\/\/api.w.org\/{rel}","templated":true}]}}