{"id":63491,"date":"2024-10-04T00:35:32","date_gmt":"2024-10-03T22:35:32","guid":{"rendered":"https:\/\/www.infokuryr.cz\/n\/?p=63491"},"modified":"2024-10-05T10:09:15","modified_gmt":"2024-10-05T08:09:15","slug":"nemecko-se-pripravuje-na-zavedeni-gestapa-na-socialnich-sitich-konec-se-blizi","status":"publish","type":"post","link":"https:\/\/www.infokuryr.cz\/n\/2024\/10\/04\/nemecko-se-pripravuje-na-zavedeni-gestapa-na-socialnich-sitich-konec-se-blizi\/","title":{"rendered":"N\u011bmecko se p\u0159ipravuje na zaveden\u00ed gestapa na soci\u00e1ln\u00edch s\u00edt\u00edch: konec se bl\u00ed\u017e\u00ed"},"content":{"rendered":"<div id=\"fb-root\"><\/div>\n<div class=\"elementor-element elementor-element-1fb4c2c elementor-widget elementor-widget-theme-post-content\" data-id=\"1fb4c2c\" data-element_type=\"widget\" data-widget_type=\"theme-post-content.default\">\n<div class=\"elementor-widget-container\">\n<p><strong>Zpr\u00e1va, \u017ee se schengensk\u00fd prostor bez hranic rozpad\u00e1, je d\u011bsivou zpr\u00e1vou pro 420 milion\u016f ob\u010dan\u016f \u017eij\u00edc\u00edch v bezpasov\u00e9 z\u00f3n\u011b. Je\u0161t\u011b d\u011bsiv\u011bj\u0161\u00ed je v\u0161ak z\u00e1m\u011brn\u00e1 demont\u00e1\u017e vztah\u016f, kter\u00e1 se odehr\u00e1v\u00e1 v pozad\u00ed. Zejm\u00e9na ned\u00e1vn\u00e9 kroky a n\u00e1vrhy N\u011bmecka p\u0159ipom\u00ednaj\u00edc\u00ed minul\u00e9 hr\u016fzy budou nepochybn\u011b znamenat katastrofu.<\/strong><\/p>\n<p class=\"has-medium-font-size\"><span style=\"font-size: 18pt;\"><strong>Va\u0161i PL\u00c1TCI<\/strong><\/span><\/p>\n<p>A\u010d se to m\u016f\u017ee zd\u00e1t neuv\u011b\u0159iteln\u00e9, n\u011bmeck\u00e1 policie stoj\u00ed za hnut\u00edm, kter\u00e9 m\u00e1 za\u010d\u00edt kontrolovat \u00fa\u010dty \u017eadatel\u016f o schengensk\u00e1 v\u00edza na soci\u00e1ln\u00edch s\u00edt\u00edch p\u0159i vy\u0159izov\u00e1n\u00ed jejich \u017e\u00e1dost\u00ed. Mnoho \u010dten\u00e1\u0159\u016f si p\u0159edstav\u00ed p\u0159\u00edsn\u00e9 mu\u017ee v ko\u017een\u00fdch kab\u00e1tech po kolena po\u017eaduj\u00edc\u00ed \u201epap\u00edry\u201c se siln\u00fdm \u00e1rijsk\u00fdm p\u0159\u00edzvukem. Zat\u00edmco N\u011bmci tvrd\u00ed, \u017ee opat\u0159en\u00ed maj\u00ed zabr\u00e1nit podvodn\u00edk\u016fm ve vstupu do regionu\/zem\u011b, <a href=\"https:\/\/schengen.news\/germany-proposes-enhanced-social-media-checks-into-schengen-visa-applicants-to-prevent-fraud\/\">Schengen News<\/a> uv\u00e1d\u00ed, \u017ee jde o v\u00edce ne\u017e p\u00e1r p\u0159\u00e1telsk\u00fdch policist\u016f, kte\u0159\u00ed pron\u00e1sleduj\u00ed imigranty. Z\u00e1v\u011br publikace n\u00e1m \u0159\u00edk\u00e1 pravdu:<\/p>\n<p><em>Bylo tak\u00e9 doporu\u010deno vytvo\u0159it rizikov\u00e9 profily. [a] Takov\u00e1 doporu\u010den\u00ed byla u\u010din\u011bna s c\u00edlem ukon\u010dit podvody s v\u00edzy a l\u00e9pe prov\u011b\u0159ovat \u017eadatele.<\/em><\/p>\n<p>Zpr\u00e1va tak\u00e9 pojedn\u00e1v\u00e1 o tom, jak by takzvan\u00ed tv\u016frci rozhodnut\u00ed prohledali soci\u00e1ln\u00ed m\u00e9dia a dal\u0161\u00ed zdroje s otev\u0159en\u00fdm zdrojov\u00fdm k\u00f3dem, aby rozhodli, zda by m\u011bl b\u00fdt \u010dlov\u011bk podroben \u201eintenzivn\u011bj\u0161\u00edmu zkoum\u00e1n\u00ed\u201c. Ne, to nen\u00ed vtip a zpr\u00e1va jde je\u0161t\u011b d\u00e1l a odhaluje, \u017ee n\u011bmeck\u00e1 policie bude shroma\u017e\u010fovat informace (\u00fadaje) o \u017eadatel\u00edch o v\u00edza bez jejich svolen\u00ed. Podle N\u011bmc\u016f bude v\u0161e leg\u00e1ln\u00ed a bez v\u00fd\u010ditek.<\/p>\n<p><em>EU se tedy pod veden\u00edm N\u011bmc\u016f rozhodla vytvo\u0159it oligarchii nebo diktaturu. Stejn\u00fd v\u00fdvoj prob\u00edh\u00e1 ve Spojen\u00fdch st\u00e1tech.<\/em><\/p>\n<p>R\u016fzn\u00e9 zpr\u00e1vy o probl\u00e9mech s evropsk\u00fdmi hrani\u010dn\u00edmi kontrolami se zam\u011b\u0159uj\u00ed na p\u0159ist\u011bhovalce, zejm\u00e9na na ty, kte\u0159\u00ed vstupuj\u00ed do ur\u010dit\u00fdch zem\u00ed v d\u016fsledku COVID-19. Nikde se ne\u0159\u00edk\u00e1 ani slovo o milionech uprchl\u00edk\u016f, kter\u00e9 do Evropy zahnaly akce USA\/NATO\/EU s c\u00edlem dos\u00e1hnout a udr\u017eet zm\u011bny re\u017eimu zp\u016fsoben\u00e9 Arabsk\u00fdm jarem. Pro n\u011bkter\u00e9 odborn\u00edky byla tato lavina uprchl\u00edk\u016f sestupuj\u00edc\u00edch na Evropu sou\u010d\u00e1st\u00ed v\u011bt\u0161\u00edho pl\u00e1nu na p\u0159etvo\u0159en\u00ed na\u0161eho sv\u011bta. To je jin\u00e9 t\u00e9ma, ale je jasn\u00e9, \u017ee EU, euroz\u00f3na a schengensk\u00e1 z\u00f3na jsou ve velk\u00fdch probl\u00e9mech. Ve skute\u010dnosti, vzhledem k dalekos\u00e1hl\u00fdm d\u016fsledk\u016fm, to pro n\u00e1s v\u0161echny p\u0159edstavuje velk\u00e9 pot\u00ed\u017ee. Odpor v\u0161ak existuje i v r\u00e1mci evropsk\u00e9ho spole\u010denstv\u00ed st\u00e1t\u016f. Dr. Saila Heinikoski, vedouc\u00ed v\u00fdzkumn\u00e1 pracovnice finsk\u00e9ho institutu mezin\u00e1rodn\u00edch vztah\u016f (FIIA), \u0159ekla Euronews:<\/p>\n<p><em>\u201ePochybuji, \u017ee tyto (schengensk\u00e9) zem\u011b jsou p\u0159ipraveny zru\u0161it sv\u00e9 hrani\u010dn\u00ed kontroly brzy, proto\u017ee by to vyslalo \u0161patn\u00fd sign\u00e1l. Kontroly jsou \u010dasto nam\u00e1tkov\u00e9 a m\u00e1lo invazivn\u00ed a mysl\u00edm si, \u017ee se prov\u00e1d\u011bj\u00ed i ze symbolick\u00fdch d\u016fvod\u016f: uk\u00e1zat ob\u010dan\u016fm, dal\u0161\u00edm zem\u00edm EU a potenci\u00e1ln\u00edm migrant\u016fm, \u017ee v Evrop\u011b existuje v\u00fdjime\u010dn\u00e1 situace, kterou vl\u00e1da \u0159e\u0161\u00ed.\u201c<\/em><\/p>\n<p class=\"has-medium-font-size\"><span style=\"font-size: 18pt;\"><strong>Reichstag Hillary Clintonov\u00e9?<\/strong><\/span><\/p>\n<p>Kdy\u017e se na to v\u0161echno pod\u00edv\u00e1me z vy\u0161\u0161\u00ed perspektivy, nen\u00ed t\u011b\u017ek\u00e9 vid\u011bt, \u017ee liber\u00e1ln\u00ed sv\u011btov\u00fd \u0159\u00e1d se zoufale sna\u017e\u00ed cenzurovat, ne-li uv\u011bznit, jakoukoli entitu nebo osobu, kter\u00e1 nesouhlas\u00ed s jeho ideologi\u00ed a jej\u00ed hegemoni\u00ed. Kdy\u017e b\u00fdval\u00e1 americk\u00e1 sen\u00e1torka a ministryn\u011b zahrani\u010d\u00ed Hillary Clintonov\u00e1 navrhla uv\u011bzn\u011bn\u00ed Trumpov\u00fdch p\u0159\u00edznivc\u016f za \u0161\u00ed\u0159en\u00ed dezinformac\u00ed, nastal okam\u017eik z\u00e1niku demokracie. Abychom to uvedli na pravou m\u00edru, ned\u011bl\u00e1me si jen legraci z kli\u0161\u00e9 n\u011bmeck\u00e9 tajn\u00e9 policie, ale vid\u00edme, jak se formuje nadn\u00e1rodn\u00ed gestapo.<\/p>\n<p>Mnoho Ameri\u010dan\u016f a \u010d\u00e1sti evropsk\u00e9ho spole\u010denstv\u00ed to ch\u00e1pe z\u00e1stupn\u00e1 v\u00e1lka proti Rusku, neust\u00e1l\u00e9 bubnov\u00e1n\u00ed v\u00e1lky proti \u010c\u00edn\u011b, Izraelci jednaj\u00edc\u00ed bez pr\u00e1vn\u00edho postihu proti Palestinc\u016fm \u2013 znaky nejsou na zdi, lze je jasn\u011b vid\u011bt. modr\u00e1 obloha. Vezm\u011bte si ob\u0159\u00ed tahy \u0161t\u011btcem, kter\u00fdmi korpor\u00e1tn\u00ed m\u00e9dia ozna\u010duj\u00ed sv\u00e9 nep\u0159\u00e1tele za nep\u0159\u00e1tele st\u00e1tu. Nap\u0159\u00edklad kdy\u017e Elon Musk poskytl rozhovor s b\u00fdvalou superstar Fox News Tuckerem Carlsonem, Politico (vlastn\u011bn\u00fd Axelem Springerem) a zbytek se na Muska a Carlsona vrhli, jako by byli nep\u0159\u00e1teli lidstva.<\/p>\n<p>Mimochodem, Axel Springer propaguje genocidu Palestinc\u016f, kter\u00e1 v sou\u010dasn\u00e9 dob\u011b prob\u00edh\u00e1 v Palestin\u011b, a z\u00e1rove\u0148 vyd\u011bl\u00e1v\u00e1 na neleg\u00e1ln\u00edch osad\u00e1ch, kter\u00e9 Netanjahuova vl\u00e1da buduje. Cituji p\u0159\u00edmo z The Intercept:<\/p>\n<p><em>\u201eSpringer\u016fv izraelsk\u00fd inzertn\u00ed web Yad2 \u2013 nejv\u011bt\u0161\u00ed inzertn\u00ed web podobn\u00fd Craigslistu v zemi \u2013 zve\u0159ej\u0148uje seznamy nemovitost\u00ed po cel\u00e9m Izraeli, v\u010detn\u011b n\u00e1jemn\u00edch byt\u016f a prodej\u016f v izraelsk\u00fdch osad\u00e1ch, kter\u00e9 jsou podle mezin\u00e1rodn\u00edho pr\u00e1va pova\u017eov\u00e1ny za nez\u00e1konn\u00e9.\u201c<\/em><\/p>\n<p>A op\u011bt jsme se posunuli na jinou \u00farove\u0148 v\u011bt\u0161\u00ed hry o ovl\u00e1dnut\u00ed sv\u011bta a oni odm\u00edtaj\u00ed jakoukoli formu demokracie. Poslouchej tohle. Elon Musk ned\u00e1vno sv\u011btu \u0159ekl, \u017ee mu EU nab\u00eddla nez\u00e1konnou tajnou dohodu o \u201etich\u00e9\u201c cenzu\u0159e projevu pot\u00e9, co ji Komise obvinila z poru\u0161ov\u00e1n\u00ed digit\u00e1ln\u00edch z\u00e1kon\u016f EU. \u0158ekl, \u017ee EU nab\u00eddla, \u017ee jeho spole\u010dnosti sn\u00ed\u017e\u00ed pokuty, pokud se pod\u0159\u00edd\u00ed. M\u011bl tak\u00e9 co \u0159\u00edci:<\/p>\n<p><em>\u201eOstatn\u00ed platformy tuto dohodu p\u0159ijaly. X ne. T\u011b\u0161\u00edme se na velmi ve\u0159ejn\u00fd boj u soudu, aby lid\u00e9 v Evrop\u011b mohli zn\u00e1t pravdu.\u201c<\/em><\/p>\n<p>P\u0159isluhova\u010di EU zpochybnili a odm\u00edtli Muskovo tvrzen\u00ed, ale zd\u00e1 se jist\u00e9, \u017ee bude m\u00edt d\u016fkazy, kter\u00e9 sv\u00e1 tvrzen\u00ed podlo\u017e\u00ed. Existuje tak\u00e9 p\u0159\u00edpad, kdy brazilsk\u00fd nejvy\u0161\u0161\u00ed soud o\u010dividn\u011b poru\u0161il svobodu projevu t\u00edm, \u017ee zak\u00e1zal X, kdy\u017e Musk odm\u00edtl cenzurovat neschv\u00e1len\u00e9 n\u00e1zory. Brazil\u0161t\u00ed vl\u00e1dci cht\u011bli, aby se Musk vzdal sv\u00e9ho z\u00e1stupce v Braz\u00edlii, a Musk to odm\u00edtl. Ob\u00e1val se, \u017ee brazilsk\u00fd soudce Nejvy\u0161\u0161\u00edho soudu Alexandre de Moraes z\u00e1stupce X jist\u011b uv\u011bzn\u00ed. Braz\u00edlie pot\u00e9 zabavila Musk\u016fv Starlink.<\/p>\n<p class=\"has-medium-font-size\"><span style=\"font-size: 18pt;\"><strong>Kone\u010dn\u00e9 \u0159e\u0161en\u00ed \u2013 kone\u010dn\u00e1 kontrola<\/strong><\/span><\/p>\n<p>EU se tedy pod veden\u00edm N\u011bmc\u016f rozhodla vytvo\u0159it oligarchii nebo diktaturu. Stejn\u00e9 hnut\u00ed prob\u00edh\u00e1 ve Spojen\u00fdch st\u00e1tech. P\u0159ipome\u0148me, \u017ee Musk p\u0159ipustil takzvan\u00e9 \u201esoubory na Twitteru\u201c, kter\u00e9 odhalily p\u0159edchoz\u00ed cenzurn\u00ed ma\u0161in\u00e9rii spole\u010dnosti soci\u00e1ln\u00edch m\u00e9di\u00ed proti Donaldu Trumpovi a dal\u0161\u00edm. Nyn\u00ed zva\u017ete, kdo se sna\u017e\u00ed cenzurovat zpr\u00e1vy, informace a n\u00e1zory \u2013 v podstat\u011b v\u0161echny principy, kter\u00e9 tvo\u0159\u00ed demokracii. To, \u010deho jsme sv\u011bdky, je vytvo\u0159en\u00ed toho, co by evropsk\u00fd historik profesor Robert Gellately nazval taktikou gestapa:<\/p>\n<p><em>&#8222;Vynucov\u00e1n\u00ed \u00fa\u010dasti n\u011bkter\u00fdch instituc\u00ed na sledov\u00e1n\u00ed a kontrole obyvatelstva, v\u010detn\u011b aktivn\u00ed \u00fa\u010dasti ob\u010dan\u016f na policejn\u00ed pr\u00e1ci a neform\u00e1ln\u00edm soci\u00e1ln\u00edm posilov\u00e1n\u00ed teroristick\u00e9ho syst\u00e9mu.&#8220;<\/em><\/p>\n<p>Z\u00e1padn\u00ed elity instruuj\u00ed sv\u00e1 medi\u00e1ln\u00ed imp\u00e9ria a think-tanky, aby kritizovaly rusk\u00e9ho prezidenta Vladimira Putina za reflexi historie. Veden\u00ed ve Washingtonu, Lond\u00fdn\u011b, Bruselu a Berl\u00edn\u011b tvrd\u011b pracuje na vytvo\u0159en\u00ed nov\u00e9ho a vylep\u0161en\u00e9ho gestapa. Pokud si pamatujeme, byla to Himmlerova tajn\u00e1 policie, kdo odposlouch\u00e1val telefonn\u00ed rozhovory, zachycoval dopisy a povzbuzoval oby\u010dejn\u00e9 N\u011bmce, aby ud\u00e1vali sv\u00e9 spoluob\u010dany. A pr\u00e1v\u011b Hitlerova (a mo\u017en\u00e1 i Hillary Clintonov\u00e1) SS z\u0159\u00eddila koncentra\u010dn\u00ed t\u00e1bory, do kter\u00fdch byli pos\u00edl\u00e1ni \u201enep\u0159\u00e1tel\u00e9 st\u00e1tu\u201c.<\/p>\n<p>V nacistick\u00e9m N\u011bmecku se po\u010det trestn\u00fdch \u010din\u016f trestan\u00fdch smrt\u00ed zv\u00fd\u0161il ze 3 na 46. A v\u0161e za\u010dalo shroma\u017e\u010fov\u00e1n\u00edm informac\u00ed, kontrolou ambas\u00e1dy a \u201eintenzivn\u00edm vy\u0161et\u0159ov\u00e1n\u00edm\u201c ur\u010dit\u00fdch lid\u00ed. Mus\u00edme b\u00fdt velmi opatrn\u00ed.<\/p>\n<p><em>Od Phila Butlera<\/em><\/p>\n<\/div>\n<\/div>\n<div class=\"elementor-element elementor-element-8c57238 quelle dc-has-condition dc-condition-empty elementor-widget elementor-widget-heading\" data-id=\"8c57238\" data-element_type=\"widget\" data-widget_type=\"heading.default\">\n<div class=\"elementor-widget-container\">\n<h3 class=\"elementor-heading-title elementor-size-default\"><span style=\"font-size: 10pt;\"><a href=\"https:\/\/journal-neo.su\/2024\/10\/01\/germany-prepares-to-launch-social-media-gestapo-the-end-is-near\/\" target=\"_blank\" rel=\"nofollow noopener\">Zdroj<\/a><\/span><\/h3>\n<p>&nbsp;<\/p>\n<\/div>\n<\/div>\n","protected":false},"excerpt":{"rendered":"<p>Zpr\u00e1va, \u017ee se schengensk\u00fd prostor bez hranic rozpad\u00e1, je d\u011bsivou zpr\u00e1vou pro 420 milion\u016f ob\u010dan\u016f&#8230;<\/p>\n","protected":false},"author":2,"featured_media":63492,"comment_status":"closed","ping_status":"closed","sticky":false,"template":"","format":"standard","meta":[],"categories":[7],"tags":[63,2320,84,3338,48],"_links":{"self":[{"href":"https:\/\/www.infokuryr.cz\/n\/wp-json\/wp\/v2\/posts\/63491"}],"collection":[{"href":"https:\/\/www.infokuryr.cz\/n\/wp-json\/wp\/v2\/posts"}],"about":[{"href":"https:\/\/www.infokuryr.cz\/n\/wp-json\/wp\/v2\/types\/post"}],"author":[{"embeddable":true,"href":"https:\/\/www.infokuryr.cz\/n\/wp-json\/wp\/v2\/users\/2"}],"replies":[{"embeddable":true,"href":"https:\/\/www.infokuryr.cz\/n\/wp-json\/wp\/v2\/comments?post=63491"}],"version-history":[{"count":0,"href":"https:\/\/www.infokuryr.cz\/n\/wp-json\/wp\/v2\/posts\/63491\/revisions"}],"wp:featuredmedia":[{"embeddable":true,"href":"https:\/\/www.infokuryr.cz\/n\/wp-json\/wp\/v2\/media\/63492"}],"wp:attachment":[{"href":"https:\/\/www.infokuryr.cz\/n\/wp-json\/wp\/v2\/media?parent=63491"}],"wp:term":[{"taxonomy":"category","embeddable":true,"href":"https:\/\/www.infokuryr.cz\/n\/wp-json\/wp\/v2\/categories?post=63491"},{"taxonomy":"post_tag","embeddable":true,"href":"https:\/\/www.infokuryr.cz\/n\/wp-json\/wp\/v2\/tags?post=63491"}],"curies":[{"name":"wp","href":"https:\/\/api.w.org\/{rel}","templated":true}]}}