{"id":63489,"date":"2024-10-04T00:34:10","date_gmt":"2024-10-03T22:34:10","guid":{"rendered":"https:\/\/www.infokuryr.cz\/n\/?p=63489"},"modified":"2024-10-03T13:56:47","modified_gmt":"2024-10-03T11:56:47","slug":"osn-prave-prijala-pakt-pro-budoucnost-ktery-tvori-zaklad-pro-novy-globalni-rad","status":"publish","type":"post","link":"https:\/\/www.infokuryr.cz\/n\/2024\/10\/04\/osn-prave-prijala-pakt-pro-budoucnost-ktery-tvori-zaklad-pro-novy-globalni-rad\/","title":{"rendered":"OSN pr\u00e1v\u011b p\u0159ijala \u201ePakt pro budoucnost\u201c, kter\u00fd tvo\u0159\u00ed z\u00e1klad pro nov\u00fd \u201eglob\u00e1ln\u00ed \u0159\u00e1d\u201c"},"content":{"rendered":"<div id=\"fb-root\"><\/div>\n<div class=\"elementor-element elementor-element-1fb4c2c elementor-widget elementor-widget-theme-post-content\" data-id=\"1fb4c2c\" data-element_type=\"widget\" data-widget_type=\"theme-post-content.default\">\n<div class=\"elementor-widget-container\">\n<p><strong><span>Zat\u00edmco v\u0161ichni byli rozpt\u00fdleni, glob\u00e1ln\u00ed elita dostala p\u0159esn\u011b to, co cht\u011bla.<\/span><\/strong><span>\u00a0OSN p\u0159ijala \u201ePakt pro budoucnost\u201c 22. z\u00e1\u0159\u00ed a mainstreamov\u00e1 m\u00e9dia v z\u00e1padn\u00edm sv\u011bt\u011b t\u00e9m\u011b\u0159 \u00fapln\u011b ignorovala, co se d\u011blo. M\u00edsto toho n\u00e1s titulky po\u017e\u00e1daly, abychom se soust\u0159edili na Kamalu Harris a Donalda Trumpa. Bohu\u017eel drtiv\u00e1 v\u011bt\u0161ina populace nikdy nesly\u0161ela o \u201ePaktu pro budoucnost\u201c, a tak se ve\u0159ejn\u00e1 debata o tom, zda bychom\u00a0m\u011bli\u00a0<\/span><strong><span>p\u0159ijmout dokument\u00a0<\/span><\/strong><strong><span>, kter\u00fd tvo\u0159\u00ed z\u00e1klad nov\u00e9ho \u201eglob\u00e1ln\u00edho \u0159\u00e1du\u201c, vedla jen m\u00e1lo.<\/span><\/strong><span>\u00a0Text Paktu pro budoucnost\u00a0<\/span><a href=\"https:\/\/documents.un.org\/doc\/undoc\/ltd\/n24\/252\/89\/pdf\/n2425289.pdf\" target=\"_blank\" rel=\"noreferrer noopener\"><span>je dostupn\u00fd online<\/span><\/a><span>\u00a0, ale jen st\u011b\u017e\u00ed si ho n\u011bkdo n\u011bkdy p\u0159e\u010dte a mnoho kl\u00ed\u010dov\u00fdch ustanoven\u00ed je poh\u0159beno na konci 56str\u00e1nkov\u00e9ho dokumentu. Ka\u017ed\u00fd by si samoz\u0159ejm\u011b m\u011bl naj\u00edt \u010das na to, aby si tento dokument skute\u010dn\u011b p\u0159e\u010detl, proto\u017ee na\u0161i l\u00edd\u0159i n\u00e1s pr\u00e1v\u011b zav\u00e1zali k extr\u00e9mn\u011b z\u00e1ke\u0159n\u00e9 glob\u00e1ln\u00ed agend\u011b, kter\u00e1 doslova pokr\u00fdv\u00e1 t\u00e9m\u011b\u0159 v\u0161echny mysliteln\u00e9 oblasti lidsk\u00e9 \u010dinnosti.<\/span><\/p>\n<p class=\"has-medium-font-size\"><span style=\"font-size: 18pt;\"><strong>22. z\u00e1\u0159\u00ed 2024 je den, kter\u00fd se zap\u00ed\u0161e do historick\u00fdch knih<\/strong><\/span><\/p>\n<p><span>Po form\u00e1ln\u00edm p\u0159ijet\u00ed \u201ePaktu pro budoucnost\u201c bylo na ofici\u00e1ln\u00edch str\u00e1nk\u00e1ch OSN zve\u0159ejn\u011bno n\u00e1sleduj\u00edc\u00ed:<\/span><\/p>\n<p><em><span>Sv\u011btov\u00ed l\u00edd\u0159i dnes p\u0159ijali pakt pro budoucnost, v\u010detn\u011b Global Digital Compact a Deklarace o budouc\u00edch generac\u00edch. Tento pakt je vyvrcholen\u00edm integra\u010dn\u00edho, rok trvaj\u00edc\u00edho procesu p\u0159izp\u016fsoben\u00ed mezin\u00e1rodn\u00ed spolupr\u00e1ce realit\u011b dne\u0161ka a v\u00fdzv\u00e1m z\u00edt\u0159ka. Pakt je nejkomplexn\u011bj\u0161\u00ed mezin\u00e1rodn\u00ed dohodou za mnoho let a pokr\u00fdv\u00e1 zcela nov\u00e9 oblasti a ot\u00e1zky, o kter\u00fdch nebylo po desetilet\u00ed dosa\u017eeno \u017e\u00e1dn\u00e9 dohody. Jeho c\u00edlem je p\u0159edev\u0161\u00edm zajistit, aby mezin\u00e1rodn\u00ed instituce mohly plnit sv\u00e9 \u00fakoly ve sv\u011bt\u011b, kter\u00fd se od jejich zalo\u017een\u00ed dramaticky zm\u011bnil. Jak \u0159ekl gener\u00e1ln\u00ed tajemn\u00edk: \u201eNem\u016f\u017eeme vytvo\u0159it budoucnost vhodnou pro na\u0161e vnou\u010data se syst\u00e9mem vytvo\u0159en\u00fdm na\u0161imi prarodi\u010di.<\/span><\/em><\/p>\n<p><span style=\"font-size: 18pt;\"><strong>\u010clov\u011bk by si myslel, \u017ee \u201enejkomplexn\u011bj\u0161\u00ed mezin\u00e1rodn\u00ed dohoda za mnoho let\u201c se stane titulky po cel\u00e9m sv\u011bt\u011b<\/strong><\/span><\/p>\n<p><span>Ale nen\u00ed tomu tak.<\/span><\/p>\n<p><span>Tiskov\u00e1 zpr\u00e1va OSN tak\u00e9 odv\u00e1\u017en\u011b prohla\u0161uje, \u017ee \u201ePakt pro budoucnost\u201c polo\u017e\u00ed z\u00e1klad pro nov\u00fd \u201esv\u011btov\u00fd \u0159\u00e1d\u201c&#8230;<\/span><\/p>\n<p><em><span>Pakt pro budoucnost, Global Digital Compact a Deklarace o budouc\u00edch generac\u00edch otev\u00edraj\u00ed nov\u00e9 p\u0159\u00edle\u017eitosti a nevyu\u017eit\u00e9 mo\u017enosti,\u201c uvedl gener\u00e1ln\u00ed tajemn\u00edk ve sv\u00e9m projevu na zah\u00e1jen\u00ed budouc\u00edho summitu. P\u0159edseda Valn\u00e9ho shrom\u00e1\u017ed\u011bn\u00ed poznamenal, \u017ee Pakt\u00a0<\/span><strong><span>\u201epolo\u017e\u00ed z\u00e1klady udr\u017eiteln\u00e9ho, \u200b\u200bspravedliv\u00e9ho a m\u00edrov\u00e9ho sv\u011btov\u00e9ho \u0159\u00e1du \u2013 pro v\u0161echny lidi a n\u00e1rody\u201c.<\/span><\/strong><\/em><\/p>\n<p><em><span>Pakt pokr\u00fdv\u00e1 \u0161irokou \u0161k\u00e1lu ot\u00e1zek, v\u010detn\u011b m\u00edru a bezpe\u010dnosti, udr\u017eiteln\u00e9ho rozvoje, zm\u011bny klimatu, digit\u00e1ln\u00ed spolupr\u00e1ce, lidsk\u00fdch pr\u00e1v, genderov\u00fdch ot\u00e1zek, ml\u00e1de\u017ee a budouc\u00edch generac\u00ed a transformace glob\u00e1ln\u00edho vl\u00e1dnut\u00ed.<\/span><\/em><\/p>\n<p><span style=\"font-size: 18pt;\"><strong>Nechci \u017e\u00edt v nov\u00e9m \u201esv\u011btov\u00e9m \u0159\u00e1du\u201c, kter\u00fd zahrnuje \u201ev\u0161echny lidi a v\u0161echny n\u00e1rody\u201c<\/strong><\/span><\/p>\n<p><span>Jsem si jist\u00fd, \u017ee v\u011bt\u0161ina z v\u00e1s to c\u00edt\u00ed stejn\u011b.<\/span><\/p>\n<p><span>Na jin\u00e9 str\u00e1nce ofici\u00e1ln\u00edho webu OSN se dozv\u00edd\u00e1me, \u017ee \u201eOSN 2.0\u201c je o vytvo\u0159en\u00ed \u201emodern\u00ed rodiny OSN\u201c&#8230;<\/span><\/p>\n<p><em><span>V polovin\u011b Agendy 2030 nen\u00ed sv\u011bt na cest\u011b k dosa\u017een\u00ed c\u00edl\u016f udr\u017eiteln\u00e9ho rozvoje. Nen\u00ed p\u0159\u00edli\u0161 pozd\u011b na zm\u011bnu kurzu, pokud se v\u0161ichni zamysl\u00edme, p\u0159erovn\u00e1me a nabereme novou s\u00edlu. UN 2.0 zt\u011bles\u0148uje vizi gener\u00e1ln\u00edho tajemn\u00edka o modern\u00ed rodin\u011b OSN, omlazen\u00e9 kulturou progresivn\u00edho my\u0161len\u00ed a pos\u00edlen\u00e9 \u0161pi\u010dkov\u00fdmi schopnostmi pro 21. stolet\u00ed \u2013 k pos\u00edlen\u00ed na\u0161\u00ed podpory pro lidi a planetu.<\/span><\/em><\/p>\n<p><em><span>Tuto vizi budeme prosazovat \u00fa\u010dinn\u00fdm spojen\u00edm inova\u010dn\u00edch, datov\u00fdch, digit\u00e1ln\u00edch, futurologick\u00fdch a behavior\u00e1ln\u00edch v\u011bdeck\u00fdch schopnost\u00ed a kultury \u2013 dynamickou kombinaci, kterou naz\u00fdv\u00e1me \u201eKvintet zm\u011bn\u201c. Jde o v\u00fdvoj sm\u011brem k agiln\u011bj\u0161\u00edm, rozmanit\u011bj\u0161\u00edm, pohotov\u011bj\u0161\u00edm a efektivn\u011bj\u0161\u00edm organizac\u00edm OSN.<\/span><\/em><\/p>\n<p><span style=\"font-size: 18pt;\"><strong>To zn\u00ed \u00fatuln\u011b, \u017ee?<\/strong><\/span><\/p>\n<p><span>Kdo by necht\u011bl b\u00fdt sou\u010d\u00e1st\u00ed \u201erodiny\u201c, \u017ee?<\/span><\/p>\n<p><span>Pravdou ale je, \u017ee agenda, kterou n\u00e1m v\u0161em cht\u011bj\u00ed vnutit, nebude v\u016fbec p\u0159\u00edjemn\u00e1.<\/span><\/p>\n<p><span>O tom, jak z\u00e1ke\u0159n\u00e9 jsou \u201ec\u00edle udr\u017eiteln\u00e9ho rozvoje\u201c OSN, bylo v pr\u016fb\u011bhu let naps\u00e1no mnoho.<\/span><\/p>\n<p><span style=\"font-size: 18pt;\"><strong>No, OSN otev\u0159en\u011b p\u0159izn\u00e1v\u00e1, \u017ee \u201ePakt pro budoucnost\u201c byl speci\u00e1ln\u011b navr\u017een tak, aby \u201eurychlil realizaci c\u00edl\u016f udr\u017eiteln\u00e9ho rozvoje\u201c\u2026<\/strong><\/span><\/p>\n<ul class=\"wp-block-list\">\n<li><span>Cel\u00fd pakt je navr\u017een tak, aby urychlil realizaci c\u00edl\u016f udr\u017eiteln\u00e9ho rozvoje.<\/span><\/li>\n<li><span>Nejpodrobn\u011bj\u0161\u00ed dohoda v Organizaci spojen\u00fdch n\u00e1rod\u016f o pot\u0159eb\u011b reformovat mezin\u00e1rodn\u00ed finan\u010dn\u00ed architekturu, aby l\u00e9pe reprezentovala rozvojov\u00e9 zem\u011b a slou\u017eila jim, zahrnuje:<\/span>\n<ul class=\"wp-block-list\">\n<li><span>V\u011bt\u0161\u00ed \u00fa\u010dast rozvojov\u00fdch zem\u00ed na rozhodov\u00e1n\u00ed v mezin\u00e1rodn\u00edch finan\u010dn\u00edch instituc\u00edch;<\/span><\/li>\n<li><span>Mobilizovat v\u00edce finan\u010dn\u00edch prost\u0159edk\u016f z multilater\u00e1ln\u00edch rozvojov\u00fdch bank, aby pomohla rozvojov\u00fdm zem\u00edm splnit jejich rozvojov\u00e9 pot\u0159eby;<\/span><\/li>\n<li><span>P\u0159ezkoum\u00e1n\u00ed architektury st\u00e1tn\u00edho dluhu s c\u00edlem zajistit, aby si rozvojov\u00e9 zem\u011b mohly udr\u017eiteln\u011b p\u016fj\u010dovat na investice do sv\u00e9 budoucnosti, a to za spolupr\u00e1ce MMF, OSN, G20 a dal\u0161\u00edch kl\u00ed\u010dov\u00fdch hr\u00e1\u010d\u016f;<\/span><\/li>\n<li><span>Pos\u00edlen\u00ed celosv\u011btov\u00e9 finan\u010dn\u00ed z\u00e1chrann\u00e9 s\u00edt\u011b na ochranu nejchud\u0161\u00edch v p\u0159\u00edpad\u011b finan\u010dn\u00edch a ekonomick\u00fdch ot\u0159es\u016f prost\u0159ednictv\u00edm konkr\u00e9tn\u00edch opat\u0159en\u00ed MMF a \u010dlensk\u00fdch st\u00e1t\u016f;<\/span><\/li>\n<li><span>a urychlen\u00ed opat\u0159en\u00ed k \u0159e\u0161en\u00ed probl\u00e9mu zm\u011bny klimatu, v\u010detn\u011b poskytnut\u00ed v\u00edce finan\u010dn\u00edch prost\u0159edk\u016f na pomoc zem\u00edm p\u0159izp\u016fsobit se zm\u011bn\u011b klimatu a investovat do obnoviteln\u00e9 energie.<\/span><\/li>\n<\/ul>\n<\/li>\n<li><span>Zlep\u0161en\u00ed m\u011b\u0159en\u00ed lidsk\u00e9ho pokroku nad r\u00e1mec HDP za \u00fa\u010delem zachycen\u00ed lidsk\u00e9ho a planet\u00e1rn\u00edho blahobytu a udr\u017eitelnosti.<\/span><\/li>\n<li><span>Z\u00e1vazek prozkoumat mo\u017enosti zaveden\u00ed glob\u00e1ln\u00ed minim\u00e1ln\u00ed da\u0148ov\u00e9 sazby pro jednotlivce s vysok\u00fdm \u010dist\u00fdm jm\u011bn\u00edm.<\/span><\/li>\n<li><span>Pokud jde o zm\u011bnu klimatu, byla potvrzena pot\u0159eba omezit n\u00e1r\u016fst glob\u00e1ln\u00ed teploty na 1,5 \u00b0C nad p\u0159edindustri\u00e1ln\u00ed \u00farove\u0148 a odklonit se od fosiln\u00edch paliv v energetick\u00fdch syst\u00e9mech, aby bylo do roku 2050 dosa\u017eeno nulov\u00fdch \u010dist\u00fdch emis\u00ed.<\/span><\/li>\n<\/ul>\n<p><span style=\"font-size: 18pt;\"><strong>Tak \u010di onak v\u0161echny formy lidsk\u00e9 \u010dinnosti p\u0159isp\u00edvaj\u00ed ke \u201ezm\u011bn\u011b klimatu\u201c<\/strong><\/span><\/p>\n<p><span>A tak hodlaj\u00ed p\u0159\u00edsn\u011b regulovat v\u0161echny formy lidsk\u00e9 \u010dinnosti, aby dos\u00e1hli sv\u00fdch zvr\u00e1cen\u00fdch c\u00edl\u016f.<\/span><\/p>\n<p><span>\u201ePakt pro budoucnost\u201c rovn\u011b\u017e uzn\u00e1v\u00e1 \u201e\u00fast\u0159edn\u00ed roli\u201c Organizace spojen\u00fdch n\u00e1rod\u016f a \u201ekoordinovanou a v\u00edcerozm\u011brnou mezin\u00e1rodn\u00ed reakci\u201c, kdykoli dojde k budouc\u00edm \u201eglob\u00e1ln\u00edm ot\u0159es\u016fm\u201c&#8230;<\/span><\/p>\n<p><em><span>Uv\u011bdomujeme si pot\u0159ebu koherentn\u011bj\u0161\u00ed, kooperativn\u011bj\u0161\u00ed, koordinovan\u011bj\u0161\u00ed a v\u00edcerozm\u011brn\u00e9 mezin\u00e1rodn\u00ed reakce na slo\u017eit\u00e9 glob\u00e1ln\u00ed ot\u0159esy a \u00fast\u0159edn\u00ed roli Organizace spojen\u00fdch n\u00e1rod\u016f v tomto ohledu. Slo\u017eit\u00e9 glob\u00e1ln\u00ed ot\u0159esy jsou ud\u00e1losti, kter\u00e9 maj\u00ed v\u00e1\u017en\u00e9 ru\u0161iv\u00e9 a nep\u0159\u00edzniv\u00e9 d\u016fsledky pro v\u00fdznamnou \u010d\u00e1st zem\u00ed a sv\u011btov\u00e9 populace a maj\u00ed dopad na v\u00edce sektor\u016f a vy\u017eaduj\u00ed v\u00edcerozm\u011brnou a celovl\u00e1dn\u00ed reakci cel\u00e9 spole\u010dnosti.<\/span><\/em><\/p>\n<p><span>A\u017e p\u0159ijde dal\u0161\u00ed velk\u00e1 celosv\u011btov\u00e1 krize, chcete, aby velela OSN a v\u0161em \u0159\u00edkala, co maj\u00ed d\u011blat?<\/span><\/p>\n<p><span>Sna\u017eil jsem se na to v\u0161echny upozornit.<\/span><\/p>\n<p><span>Rozs\u00e1hle jsem psal o \u201ePaktu pro budoucnost\u201c, ale nakonec z n\u011bj byla nad\u0161en\u00e1 jen velmi mal\u00e1 \u010d\u00e1st populace.<\/span><\/p>\n<p><strong><span>Nyn\u00ed glob\u00e1ln\u00ed elita dos\u00e1hla sv\u00e9ho c\u00edle a odpor, na kter\u00fd narazila, byl sotva patrn\u00fd.<\/span><\/strong><\/p>\n<p><em>Autor :Tyler Durden<\/em><\/p>\n<\/div>\n<\/div>\n<div class=\"elementor-element elementor-element-8c57238 quelle dc-has-condition dc-condition-empty elementor-widget elementor-widget-heading\" data-id=\"8c57238\" data-element_type=\"widget\" data-widget_type=\"heading.default\">\n<div class=\"elementor-widget-container\">\n<h3 class=\"elementor-heading-title elementor-size-default\"><span style=\"font-size: 10pt;\"><a href=\"https:\/\/www.zerohedge.com\/geopolitical\/un-just-adopted-pact-future-which-lays-foundation-new-global-order\" target=\"_blank\" rel=\"nofollow noopener\">Zdroj<\/a><\/span><\/h3>\n<\/div>\n<\/div>\n","protected":false},"excerpt":{"rendered":"<p>Zat\u00edmco v\u0161ichni byli rozpt\u00fdleni, glob\u00e1ln\u00ed elita dostala p\u0159esn\u011b to, co cht\u011bla.\u00a0OSN p\u0159ijala \u201ePakt pro budoucnost\u201c&#8230;<\/p>\n","protected":false},"author":2,"featured_media":63490,"comment_status":"closed","ping_status":"closed","sticky":false,"template":"","format":"standard","meta":[],"categories":[7],"tags":[279,186,276],"_links":{"self":[{"href":"https:\/\/www.infokuryr.cz\/n\/wp-json\/wp\/v2\/posts\/63489"}],"collection":[{"href":"https:\/\/www.infokuryr.cz\/n\/wp-json\/wp\/v2\/posts"}],"about":[{"href":"https:\/\/www.infokuryr.cz\/n\/wp-json\/wp\/v2\/types\/post"}],"author":[{"embeddable":true,"href":"https:\/\/www.infokuryr.cz\/n\/wp-json\/wp\/v2\/users\/2"}],"replies":[{"embeddable":true,"href":"https:\/\/www.infokuryr.cz\/n\/wp-json\/wp\/v2\/comments?post=63489"}],"version-history":[{"count":0,"href":"https:\/\/www.infokuryr.cz\/n\/wp-json\/wp\/v2\/posts\/63489\/revisions"}],"wp:featuredmedia":[{"embeddable":true,"href":"https:\/\/www.infokuryr.cz\/n\/wp-json\/wp\/v2\/media\/63490"}],"wp:attachment":[{"href":"https:\/\/www.infokuryr.cz\/n\/wp-json\/wp\/v2\/media?parent=63489"}],"wp:term":[{"taxonomy":"category","embeddable":true,"href":"https:\/\/www.infokuryr.cz\/n\/wp-json\/wp\/v2\/categories?post=63489"},{"taxonomy":"post_tag","embeddable":true,"href":"https:\/\/www.infokuryr.cz\/n\/wp-json\/wp\/v2\/tags?post=63489"}],"curies":[{"name":"wp","href":"https:\/\/api.w.org\/{rel}","templated":true}]}}