{"id":63475,"date":"2024-10-03T06:36:08","date_gmt":"2024-10-03T04:36:08","guid":{"rendered":"https:\/\/www.infokuryr.cz\/n\/?p=63475"},"modified":"2024-10-03T06:36:08","modified_gmt":"2024-10-03T04:36:08","slug":"zbynek-fiala-blizkovychodni-kotel-hrozi-vybuchem","status":"publish","type":"post","link":"https:\/\/www.infokuryr.cz\/n\/2024\/10\/03\/zbynek-fiala-blizkovychodni-kotel-hrozi-vybuchem\/","title":{"rendered":"Zbyn\u011bk Fiala: Bl\u00edzkov\u00fdchodn\u00ed kotel hroz\u00ed v\u00fdbuchem"},"content":{"rendered":"<div id=\"fb-root\"><\/div>\n<p><strong>Ameri\u010dan\u00e9 se boj\u00ed zata\u017een\u00ed do nov\u00e9ho konfliktu, kde m\u016f\u017ee doj\u00edt i na jadern\u00e9 zbran\u011b. EU tu\u0161\u00ed tak\u00e9 ropnou krizi a dal\u0161\u00ed vlnu uprchl\u00edk\u016f. \u010cesk\u00fd ministr zahrani\u010dn\u00edch v\u011bc\u00ed Lipavsk\u00fd m\u00e1 v\u0161ak pro strach ud\u011bl\u00e1no a vetoval rezoluci EU volaj\u00edc\u00ed po okam\u017eit\u00e9m p\u0159\u00edm\u011b\u0159\u00ed. M\u016f\u017ee si to dovolit. A\u017e bude nejh\u016f\u0159, vstoup\u00ed do toho se svou autoritou a zachr\u00e1n\u00ed sv\u011bt p\u0159ed jadernou zk\u00e1zou.<\/strong><\/p>\n<p>Rok po zah\u00e1jen\u00ed \u00fatoku Ham\u00e1su na Izrael z\u00a0Gazy a izraelsk\u00fdch pokus\u016f \u201evy\u010distit\u201c toto palestinsk\u00e9 \u00fazem\u00ed od m\u00edstn\u00edch militant\u016f se situace na Bl\u00edzk\u00e9m v\u00fdchod\u011b mimo\u0159\u00e1dn\u011b vyhrocuje. Rozb\u00edh\u00e1 se izraelsk\u00e1 \u201especi\u00e1ln\u00ed operace\u201c proti Libanonu, v\u010detn\u011b bombardov\u00e1n\u00ed Bejr\u00fatu, kde je protivn\u00edkem Hizball\u00e1h. A do toho se otev\u0159ela dal\u0161\u00ed fronta (zat\u00edm jenom vzdu\u0161n\u00e9 v\u00e1lky) s\u00a0\u00cdr\u00e1nem. Ten dlouho odkl\u00e1dal odpov\u011b\u010f na vra\u017edu sv\u00e9ho bl\u00edzk\u00e9ho hizball\u00e1hsk\u00e9ho spojence Hasana Nasrall\u00e1ha, aby te\u010f p\u0159edvedl to nejlep\u0161\u00ed ze sv\u00e9ho raketov\u00e9ho arzen\u00e1lu.<\/p>\n<p>C\u00edlem m\u011bly b\u00fdt t\u0159i izraelsk\u00e9 z\u00e1kladny a dal\u0161\u00ed vojensk\u00e1 za\u0159\u00edzen\u00ed, co\u017e m\u011blo \u00fatok omezit do \u201eum\u00edrn\u011bn\u00fdch\u201c mez\u00ed. Raketov\u00e1 odplata \u00cdr\u00e1nu za izraelsk\u00e9 \u00fatoky dala p\u0159\u00edle\u017eitost p\u0159edv\u00e9st i p\u00e1r hypersonick\u00fdch st\u0159el Fattah, proti kter\u00fdm u\u017e izraelsk\u00e1 obrana nen\u00ed moc \u00fa\u010dinn\u00e1. Mo\u017en\u00e1 jen t\u011bchto zbran\u00ed se t\u00fdk\u00e1 tvrzen\u00ed \u00edr\u00e1nsk\u00fdch Revolu\u010dn\u00edch gard, \u017ee \u201e90 % st\u0159el \u00fasp\u011b\u0161n\u011b zas\u00e1hlo sv\u016fj c\u00edl\u201c, jak zaznamen\u00e1vaj\u00ed Reuters.<\/p>\n<p>Izrael slibuje odvetu v\u00a0podob\u011b \u00fatoku na \u00edr\u00e1nsk\u00e1 ropn\u00e1 za\u0159\u00edzen\u00ed a termin\u00e1ly. Je za t\u00edm \u00favaha, \u017ee nejkrat\u0161\u00ed cestu k\u00a0m\u00edru p\u0159edstavuje omezen\u00ed finan\u010dn\u00edch zdroj\u016f t\u00e9to ropn\u00e9 velmoci, tak\u017ee na v\u00e1lku nebude m\u00edt pen\u00edze. Jen\u017ee v\u00a0podobn\u00e9 situaci je Izrael u\u017e te\u010f. A americk\u00e1 vl\u00e1da m\u00e1 zaji\u0161t\u011bno financov\u00e1n\u00ed jen do prosince, tedy jen p\u0159es volby. Kongres se tak dohodl kr\u016f\u010dek od dal\u0161\u00edho \u201efisk\u00e1ln\u00edho \u00fatesu\u201c, kdy rozpo\u010dtov\u00e9 zdroje m\u011bly skon\u010dit 30. z\u00e1\u0159\u00ed.<\/p>\n<p>Te\u010f se tedy izraelsk\u00e9 v\u00e1le\u010dn\u00e9 operace p\u0159enesly z Gazy tak\u00e9 do Libanonu a p\u0159id\u00e1v\u00e1 se raketov\u00e1 v\u00fdm\u011bna s\u00a0\u00cdr\u00e1nem jak v\u00a0tenise. Ameri\u010dan\u00e9 u\u017e to nemaj\u00ed pod kontrolou a tak\u00e9 Evropsk\u00e1 unie vyz\u00fdv\u00e1 k\u00a0okam\u017eit\u00e9mu zastaven\u00ed boj\u016f v\u00a0Libanonu. To v\u0161ak \u010desk\u00fd zamind\u00edra, nenahraditeln\u00fd Lip\u00e1nek, vetoval. Mo\u017en\u00e1 marn\u011b, proto\u017ee t\u0159eba zpr\u00e1va Reuters jeho veto ignoruje.<\/p>\n<p><a href=\"https:\/\/www.reuters.com\/world\/middle-east\/iran-says-it-has-finished-attack-israel-amid-fears-spreading-conflict-2024-10-02\/\">https:\/\/www.reuters.com\/world\/middle-east\/iran-says-it-has-finished-attack-israel-amid-fears-spreading-conflict-2024-10-02\/<\/a><\/p>\n<p>Zastaven\u00ed boj\u016f podle Lip\u00e1nkov\u00fdch p\u0159edstav nem\u00e1 p\u0159ek\u00e1\u017eet \u201epr\u00e1vu Izraele na obranu\u201c. A\u017e n\u011bkdo p\u0159ijde na to, co t\u00edm, myslel, m\u016f\u017ee si rovnou zaj\u00edt pro Nobelovu cenu. Kdyby se v\u0161ak tento pil\u00ed\u0159 nejpopul\u00e1rn\u011bj\u0161\u00ed \u010desk\u00e9 vl\u00e1dy v\u0161ech dob v\u011bnoval v\u00edce \u010cesku, byl by mo\u017en\u00e1 opatrn\u011bj\u0161\u00ed.<\/p>\n<p>V nebezpe\u010dn\u00e9m konfliktu, kter\u00e1 se rozho\u0159\u00edv\u00e1 na Bl\u00edzk\u00e9m v\u00fdchod\u011b, toti\u017e m\u016f\u017ee doj\u00edt i na jadern\u00e9 zbran\u011b. Ani nemus\u00ed b\u00fdt z\u00a0americk\u00fdch nebo britsk\u00fdch ponorek, kter\u00e9 se tam te\u010f pohybuj\u00ed. Izrael m\u00e1 p\u00e1r des\u00edtek vlastn\u00edch atomovek, p\u0159esto\u017ee to nikdy ofici\u00e1ln\u011b nep\u0159iznal, a \u00cdr\u00e1n je m\u00e1 mo\u017en\u00e1 tak\u00e9. To nikdo p\u0159esn\u011b nev\u00ed po letech \u010dinnosti jeho tis\u00edc\u016f centrifug na obohacov\u00e1n\u00ed uranu.<\/p>\n<p>I kdyby na j\u00e1dro nedo\u0161lo, Ameri\u010dan\u00e9 se boj\u00ed, \u017ee budou vta\u017eeni do dal\u0161\u00edho vlekl\u00e9ho konfliktu, jako by toho u\u017e na Ukrajin\u011b nebylo dost. Proto zpr\u00e1va o rozhovoru americk\u00e9ho ministra obrany s\u00a0jeho izraelsk\u00fdm prot\u011bj\u0161kem Joavem Gallantem m\u00e1 docela zaj\u00edmavou strukturu. Uv\u00e1d\u00ed, \u017ee Washington je schopen \u00fasp\u011b\u0161n\u011b h\u00e1jit sv\u00e9 z\u00e1jmy na St\u0159edn\u00edm v\u00fdchod\u011b (jak je region s\u00a0Izraelem, Libanonem, \u00cdr\u00e1nem a sousedy ozna\u010dov\u00e1n v\u00a0Americe) a je tam d\u016frazn\u00e1 zm\u00ednka, \u017ee ob\u011b strany \u201ebudou v\u00a0kontaktu\u201c.<\/p>\n<p>New York Times pova\u017euj\u00ed za kl\u00ed\u010dovou ot\u00e1zku, jak bude konflikt eskalovat a zda budou USA v\u00edce p\u0159\u00edmo zata\u017eeny do obrany Izraele.<\/p>\n<p><a href=\"https:\/\/www.nytimes.com\/2024\/10\/02\/us\/politics\/israel-iran.html\">https:\/\/www.nytimes.com\/2024\/10\/02\/us\/politics\/israel-iran.html<\/a><\/p>\n<p>V\u00fdraz \u201ebudou zata\u017eeny\u201c vypov\u00edd\u00e1 o vztahu USA s\u00a0Izraelem docela p\u0159esn\u011b. Jak popisuje<\/p>\n<p>V\u011bt\u0161ina \u010dlensk\u00fdch st\u00e1t\u016f Evropsk\u00e9 unie, kter\u00e9 jsou tomuto konfliktu mnohem bl\u00ed\u017ee, m\u00e1 strach z\u00a0dal\u0161\u00ed ropn\u00e9 krize i nov\u00e9 vlny uprchl\u00edk\u016f a vol\u00e1 po diplomatick\u00e9m \u0159e\u0161en\u00ed. Narazili ov\u0161em na \u010desk\u00e9ho ministra zahrani\u010d\u00ed Lipavsk\u00e9ho, kter\u00fd vetoval v\u00fdzvu EU k\u00a0okam\u017eit\u00e9mu p\u0159\u00edm\u011b\u0159\u00ed v\u00a0Libanonu. Tento sv\u011btaznal\u00fd mu\u017e, kter\u00fd pr\u00e1v\u011b vr\u00e1til do p\u016fj\u010dovny svou pir\u00e1tskou du\u0161i, tak pokra\u010duje ve sv\u00e9m virtu\u00f3zn\u00edm p\u016fsoben\u00ed. Nezb\u00fdv\u00e1 ne\u017e \u017easnout, co v\u0161echno u\u017e dok\u00e1zal jak v\u00a0zahrani\u010dn\u00ed, tak dom\u00e1c\u00ed politice.<\/p>\n<p><a href=\"https:\/\/vasevec.info\/vip-blogy\/blizkovychodni-kotel-hrozi-vybuchem\">Zbyn\u011bk Fiala<\/a><\/p>\n<p><img decoding=\"async\" loading=\"lazy\" class=\"alignnone size-medium wp-image-18520\" src=\"http:\/\/www.infokuryr.cz\/n\/wp-content\/uploads\/2022\/11\/zbynek-fiala-300x208.jpg\" alt=\"\" width=\"300\" height=\"208\" srcset=\"https:\/\/www.infokuryr.cz\/n\/wp-content\/uploads\/2022\/11\/zbynek-fiala-300x208.jpg 300w, https:\/\/www.infokuryr.cz\/n\/wp-content\/uploads\/2022\/11\/zbynek-fiala.jpg 318w\" sizes=\"(max-width: 300px) 100vw, 300px\" \/><\/p>\n<p>&nbsp;<\/p>\n","protected":false},"excerpt":{"rendered":"<p>Ameri\u010dan\u00e9 se boj\u00ed zata\u017een\u00ed do nov\u00e9ho konfliktu, kde m\u016f\u017ee doj\u00edt i na jadern\u00e9 zbran\u011b. EU&#8230;<\/p>\n","protected":false},"author":2,"featured_media":55321,"comment_status":"closed","ping_status":"closed","sticky":false,"template":"","format":"standard","meta":[],"categories":[6],"tags":[1854,107,1503,40],"_links":{"self":[{"href":"https:\/\/www.infokuryr.cz\/n\/wp-json\/wp\/v2\/posts\/63475"}],"collection":[{"href":"https:\/\/www.infokuryr.cz\/n\/wp-json\/wp\/v2\/posts"}],"about":[{"href":"https:\/\/www.infokuryr.cz\/n\/wp-json\/wp\/v2\/types\/post"}],"author":[{"embeddable":true,"href":"https:\/\/www.infokuryr.cz\/n\/wp-json\/wp\/v2\/users\/2"}],"replies":[{"embeddable":true,"href":"https:\/\/www.infokuryr.cz\/n\/wp-json\/wp\/v2\/comments?post=63475"}],"version-history":[{"count":0,"href":"https:\/\/www.infokuryr.cz\/n\/wp-json\/wp\/v2\/posts\/63475\/revisions"}],"wp:featuredmedia":[{"embeddable":true,"href":"https:\/\/www.infokuryr.cz\/n\/wp-json\/wp\/v2\/media\/55321"}],"wp:attachment":[{"href":"https:\/\/www.infokuryr.cz\/n\/wp-json\/wp\/v2\/media?parent=63475"}],"wp:term":[{"taxonomy":"category","embeddable":true,"href":"https:\/\/www.infokuryr.cz\/n\/wp-json\/wp\/v2\/categories?post=63475"},{"taxonomy":"post_tag","embeddable":true,"href":"https:\/\/www.infokuryr.cz\/n\/wp-json\/wp\/v2\/tags?post=63475"}],"curies":[{"name":"wp","href":"https:\/\/api.w.org\/{rel}","templated":true}]}}