{"id":63469,"date":"2024-10-03T04:33:46","date_gmt":"2024-10-03T02:33:46","guid":{"rendered":"https:\/\/www.infokuryr.cz\/n\/?p=63469"},"modified":"2024-10-03T04:33:46","modified_gmt":"2024-10-03T02:33:46","slug":"sef-osn-odsuzuje-iran-po-izraelskem-poboureni","status":"publish","type":"post","link":"https:\/\/www.infokuryr.cz\/n\/2024\/10\/03\/sef-osn-odsuzuje-iran-po-izraelskem-poboureni\/","title":{"rendered":"\u0160\u00e9f OSN odsuzuje \u00cdr\u00e1n po izraelsk\u00e9m pobou\u0159en\u00ed"},"content":{"rendered":"<div id=\"fb-root\"><\/div>\n<p><span style=\"font-size: 18pt;\"><strong>Gener\u00e1ln\u00ed tajemn\u00edk Guterres byl kritizov\u00e1n za to, \u017ee neodsoudil teher\u00e1nsk\u00fd raketov\u00fd \u00fatok<\/strong><\/span><\/p>\n<p><span>Gener\u00e1ln\u00ed tajemn\u00edk OSN Antonio Guterres odsoudil \u00edr\u00e1nsk\u00fd raketov\u00fd \u00fatok na Izrael pot\u00e9, co jej Z\u00e1padn\u00ed Jeruzal\u00e9m kritizoval za to, \u017ee tak neu\u010dinil, a ve\u0159ejn\u011b ho prohl\u00e1sil za personu non grata.<\/span><\/p>\n<p><span>\u00cdr\u00e1nsk\u00e9 isl\u00e1msk\u00e9 revolu\u010dn\u00ed gardy (IRGC) zah\u00e1jily v \u00fater\u00fd raketovou palbu na Izrael a ozna\u010dily to za reakci na ned\u00e1vn\u00e9 izraelsk\u00e9 zabit\u00ed \u0161\u00e9f\u016f Ham\u00e1su a Hizball\u00e1hu.<\/span><\/p>\n<p><em><span>&#8222;Jak jsem to ud\u011blal v souvislosti s \u00edr\u00e1nsk\u00fdm \u00fatokem v dubnu, a to m\u011blo b\u00fdt z\u0159ejm\u00e9 v\u010dera, v kontextu odsouzen\u00ed, kter\u00e9 jsem vyj\u00e1d\u0159il, znovu d\u016frazn\u011b odsuzuji v\u010derej\u0161\u00ed masivn\u00ed raketov\u00e9 \u00fatoky \u00cdr\u00e1nu na Izrael,&#8220;<\/span><\/em><span>\u00a0\u0159ekl Guterres v Rad\u011b bezpe\u010dnosti OSN. ve st\u0159edu.<\/span><\/p>\n<p><span>Guterres odsoudil Izrael i Hizball\u00e1h za m\u011bs\u00edce p\u0159eshrani\u010dn\u00edch \u00fatok\u016f, kter\u00e9 poru\u0161ovaly libanonskou suverenitu, a vyzval k okam\u017eit\u00e9mu p\u0159\u00edm\u011b\u0159\u00ed.<\/span><\/p>\n<p><em><span>&#8222;Je nejvy\u0161\u0161\u00ed \u010das zastavit ten chorobn\u00fd cyklus eskalace za eskalac\u00ed,&#8220;<\/span><\/em><span>\u00a0\u0159ekl gener\u00e1ln\u00ed tajemn\u00edk OSN.\u00a0<\/span><em><span>&#8222;Tento smrteln\u00fd cyklus n\u00e1sil\u00ed typu prsa za oko se mus\u00ed zastavit.&#8220; \u010cas b\u011b\u017e\u00ed.&#8220;<\/span><\/em><\/p>\n<p><span>Jeho koment\u00e1\u0159e p\u0159i\u0161ly pot\u00e9, co izraelsk\u00fd ministr zahrani\u010d\u00ed Israel Katz odsoudil \u0161\u00e9fa OSN za to, \u017ee nedok\u00e1zal\u00a0<\/span><em><span>\u201ejednozna\u010dn\u011b odsoudit ohavn\u00fd \u00fatok \u00cdr\u00e1nu\u201c<\/span><\/em><span>\u00a0a prohl\u00e1sil, \u017ee Guterres\u00a0<\/span><em><span>\u201ezat\u00edm neodsoudil masakr a sexu\u00e1ln\u00ed zv\u011brstva sp\u00e1chan\u00e1 vrahy Hamasu 7. \u0159\u00edjna\u201c<\/span><\/em><span>\u00a0nebo prohl\u00e1sil Palestince. seskupen\u00ed teroristick\u00e9 organizace.<\/span><\/p>\n<p><span>Katz d\u00e1le obvinil Guterrese z toho, \u017ee je\u00a0<\/span><em><span>\u201eskvrnou na historii OSN\u201c<\/span><\/em><span>\u00a0a \u017ee podporuje Ham\u00e1s, Hizball\u00e1h, jemensk\u00e9 H\u00fas\u00edje a \u00cdr\u00e1n.<\/span><\/p>\n<p><span>OSN neuzn\u00e1v\u00e1 koncept persona non grata pro sv\u00e9 zam\u011bstnance, \u0159ekl ve st\u0159edu novin\u00e1\u0159\u016fm mluv\u010d\u00ed gener\u00e1ln\u00edho tajemn\u00edka Stephane Dujarric. Popsal izraelsk\u00e9 ozn\u00e1men\u00ed jako politick\u00e9 a\u00a0<\/span><em><span>\u201ejen dal\u0161\u00ed \u00fatok, abych tak \u0159ekl, na zam\u011bstnance OSN\u201c.<\/span><\/em><\/p>\n<p><span>USA a Rusko se sjednotily v kritice izraelsk\u00e9ho kroku. Mluv\u010d\u00ed americk\u00e9ho ministerstva zahrani\u010d\u00ed Matthew Miller kritizoval izraelsk\u00e9 ozn\u00e1men\u00ed b\u011bhem denn\u00edho br\u00edfinku s t\u00edm, \u017ee takov\u00e9 kroky nejsou\u00a0<\/span><em><span>\u201eproduktivn\u00ed\u201c<\/span><\/em><span>\u00a0ani nepom\u00e1haj\u00ed postaven\u00ed Z\u00e1padn\u00edho Jeruzal\u00e9ma ve sv\u011bt\u011b.<\/span><\/p>\n<p><em><span>\u201eOSN d\u011bl\u00e1 v Gaze neuv\u011b\u0159iteln\u011b d\u016fle\u017eitou pr\u00e1ci. V regionu d\u011bl\u00e1 neuv\u011b\u0159iteln\u011b d\u016fle\u017eitou pr\u00e1ci. A OSN, kdy\u017e jedn\u00e1 co nejl\u00e9pe, m\u016f\u017ee hr\u00e1t d\u016fle\u017eitou roli pro bezpe\u010dnost a stabilitu,\u201c<\/span><\/em><span>\u00a0\u0159ekl Miller.<\/span><\/p>\n<p><span>Mluv\u010d\u00ed Kremlu Dmitrij Peskov mezit\u00edm tvrdil, \u017ee izraelsk\u00fd krok fakticky vylu\u010duje OSN z regulace konfliktu.<\/span><\/p>\n<p><em><span>\u201eVid\u00edme izraelsk\u00fd pohled, kter\u00fd \u0159\u00edk\u00e1, \u017ee Izrael nep\u0159ipou\u0161t\u00ed \u017e\u00e1dnou roli OSN. Situace v regionu je skute\u010dn\u011b extr\u00e9mn\u011b napjat\u00e1, vyz\u00fdv\u00e1me v\u0161echny ke zdr\u017eenlivosti,\u201c<\/span><\/em><span>\u00a0\u0159ekl Peskov.<\/span><\/p>\n<p><img decoding=\"async\" loading=\"lazy\" class=\"alignnone size-full wp-image-1185\" src=\"http:\/\/www.infokuryr.cz\/n\/wp-content\/uploads\/2021\/04\/kuryr-podpis.png\" alt=\"\" width=\"84\" height=\"24\" \/><\/p>\n<p>&nbsp;<\/p>\n","protected":false},"excerpt":{"rendered":"<p>Gener\u00e1ln\u00ed tajemn\u00edk Guterres byl kritizov\u00e1n za to, \u017ee neodsoudil teher\u00e1nsk\u00fd raketov\u00fd \u00fatok Gener\u00e1ln\u00ed tajemn\u00edk OSN&#8230;<\/p>\n","protected":false},"author":2,"featured_media":63470,"comment_status":"closed","ping_status":"closed","sticky":false,"template":"","format":"standard","meta":[],"categories":[7],"tags":[1232,38,107,186],"_links":{"self":[{"href":"https:\/\/www.infokuryr.cz\/n\/wp-json\/wp\/v2\/posts\/63469"}],"collection":[{"href":"https:\/\/www.infokuryr.cz\/n\/wp-json\/wp\/v2\/posts"}],"about":[{"href":"https:\/\/www.infokuryr.cz\/n\/wp-json\/wp\/v2\/types\/post"}],"author":[{"embeddable":true,"href":"https:\/\/www.infokuryr.cz\/n\/wp-json\/wp\/v2\/users\/2"}],"replies":[{"embeddable":true,"href":"https:\/\/www.infokuryr.cz\/n\/wp-json\/wp\/v2\/comments?post=63469"}],"version-history":[{"count":0,"href":"https:\/\/www.infokuryr.cz\/n\/wp-json\/wp\/v2\/posts\/63469\/revisions"}],"wp:featuredmedia":[{"embeddable":true,"href":"https:\/\/www.infokuryr.cz\/n\/wp-json\/wp\/v2\/media\/63470"}],"wp:attachment":[{"href":"https:\/\/www.infokuryr.cz\/n\/wp-json\/wp\/v2\/media?parent=63469"}],"wp:term":[{"taxonomy":"category","embeddable":true,"href":"https:\/\/www.infokuryr.cz\/n\/wp-json\/wp\/v2\/categories?post=63469"},{"taxonomy":"post_tag","embeddable":true,"href":"https:\/\/www.infokuryr.cz\/n\/wp-json\/wp\/v2\/tags?post=63469"}],"curies":[{"name":"wp","href":"https:\/\/api.w.org\/{rel}","templated":true}]}}