{"id":63467,"date":"2024-10-03T04:28:00","date_gmt":"2024-10-03T02:28:00","guid":{"rendered":"https:\/\/www.infokuryr.cz\/n\/?p=63467"},"modified":"2024-10-03T04:28:00","modified_gmt":"2024-10-03T02:28:00","slug":"blizky-vychod-je-na-pokraji-vypuknuti-rozsahle-valky","status":"publish","type":"post","link":"https:\/\/www.infokuryr.cz\/n\/2024\/10\/03\/blizky-vychod-je-na-pokraji-vypuknuti-rozsahle-valky\/","title":{"rendered":"Bl\u00edzk\u00fd v\u00fdchod je na pokraji vypuknut\u00ed rozs\u00e1hl\u00e9 v\u00e1lky"},"content":{"rendered":"<div id=\"fb-root\"><\/div>\n<h4>Bl\u00edzk\u00fd v\u00fdchod je na pokraji vypuknut\u00ed rozs\u00e1hl\u00e9 v\u00e1lky, Izrael zva\u017euje \u00fatoky na \u00edr\u00e1nsk\u00e9 ropn\u00e9 rafin\u00e9rie a jadern\u00e1 za\u0159\u00edzen\u00ed! Britsk\u00e1 stanice se ztrapnila, kdy\u017e jej\u00ed redaktor pozval do vys\u00edl\u00e1n\u00ed profesora, kter\u00fd nazval Izrael rasistickou koloni\u00ed, jej\u00ed\u017e obyvatel\u00e9 se ozna\u010duj\u00ed za vyvolen\u00fd n\u00e1rod! A v\u00e1lka pom\u016f\u017ee Trumpovi do B\u00edl\u00e9ho domu!<\/h4>\n<p>Nep\u0159ehledn\u00e1 situace, kter\u00e1 nastala na Bl\u00edzk\u00e9m v\u00fdchod\u011b po \u00fatern\u00ed invazi izraelsk\u00e9 arm\u00e1dy do Libanonu a po raketov\u00e9m \u00edr\u00e1nsk\u00e9m \u00faderu na Izrael v \u00fater\u00fd v podve\u010der, za\u010d\u00edn\u00e1 podle o\u010dek\u00e1v\u00e1n\u00ed eskalovat a Izrael podle informac\u00ed zva\u017euje \u00fadery na \u00edr\u00e1nsk\u00e9 ropn\u00e9 rafin\u00e9rie, co\u017e by v podstat\u011b poslou\u017eilo \u00cdr\u00e1nu jako\u00a0<em>casus belli<\/em>\u00a0pro faktick\u00e9 vstoupen\u00ed \u00cdr\u00e1nu do v\u00e1lky s Izraelem, kter\u00fd se vlastn\u011b sna\u017e\u00ed o n\u011bco podobn\u00e9ho, ale na vy\u0161\u0161\u00ed \u00farovni.<\/p>\n<p><strong>Izrael toti\u017e svou invaz\u00ed do Libanonu a likvidac\u00ed cel\u00e9ho veden\u00ed Hizball\u00e1hu o p\u00e1r dn\u00ed p\u0159edt\u00edm de facto vyhl\u00e1sil v\u00e1lku \u00cdr\u00e1nu, kdy se prakticky jen \u010dek\u00e1 na to, a\u017e tuto rukavici Teher\u00e1n zvedne.<\/strong>\u00a0A pokud ji zvedne, za\u010dne Izrael \u0159v\u00e1t, \u017ee pot\u0159ebuje pomoc USA, \u017ee je ve v\u00e1lce \u00cdr\u00e1nem, kter\u00fd mo\u017en\u00e1 u\u017e m\u00e1, p\u0159\u00edpadn\u011b brzy m\u016f\u017ee m\u00edt jadern\u00e9 zbran\u011b. V podstat\u011b p\u0159esn\u011b o toto se hraje, tedy o zata\u017een\u00ed USA do konfliktu.<\/p>\n<figure id=\"attachment_61201\" class=\"wp-caption aligncenter\" style=\"width: 693px;\"><a href=\"https:\/\/aeronet.news\/wp-content\/uploads\/IranianMissile2.jpg\"><img decoding=\"async\" loading=\"lazy\" class=\"wp-image-61201 \" src=\"https:\/\/aeronet.news\/wp-content\/uploads\/IranianMissile2-1024x573.jpg\" sizes=\"(max-width: 700px) 100vw, 700px\" srcset=\"https:\/\/aeronet.news\/wp-content\/uploads\/IranianMissile2-1024x573.jpg 1024w, https:\/\/aeronet.news\/wp-content\/uploads\/IranianMissile2-300x168.jpg 300w, https:\/\/aeronet.news\/wp-content\/uploads\/IranianMissile2-768x430.jpg 768w, https:\/\/aeronet.news\/wp-content\/uploads\/IranianMissile2-700x392.jpg 700w, https:\/\/aeronet.news\/wp-content\/uploads\/IranianMissile2-638x357.jpg 638w, https:\/\/aeronet.news\/wp-content\/uploads\/IranianMissile2-863x483.jpg 863w, https:\/\/aeronet.news\/wp-content\/uploads\/IranianMissile2.jpg 1280w\" alt=\"\" width=\"693\" height=\"388\" \/><\/a><figcaption class=\"wp-caption-text\">\u00cdr\u00e1nsk\u00e1 balistick\u00e1 raketa<\/figcaption><\/figure>\n<p>Z historick\u00fdch premis plat\u00ed, \u017ee ameri\u010dt\u00ed voli\u010di, kdy\u017e jdou volit prezidenta, se tradi\u010dn\u011b semknou okolo \u00fa\u0159aduj\u00edc\u00edho prezidenta, i kdyby byl b\u016fhv\u00ed jak neobl\u00edben\u00fd. V USA je to ale letos jinak, m\u00edsto \u00fa\u0159aduj\u00edc\u00edho prezidenta kandiduje jeho viceprezidentka. A Kamala Harris je v pr\u016fzkumech vyhodnocov\u00e1na jako velmi slab\u00e1 v ot\u00e1zk\u00e1ch obrany a n\u00e1rodn\u00ed bezpe\u010dnosti, tak\u017ee vypuknut\u00ed v\u00e1lky \u00cdr\u00e1nu s Izraelem by hr\u00e1lo stoprocentn\u011b do karet Donaldu Trumpovi.<\/p>\n<p>Pr\u00e1v\u011b proto se B\u00edl\u00fd d\u016fm sna\u017e\u00ed Izrael odradit od odvety proti \u00cdr\u00e1nu, ale ot\u00e1zkou je, jestli Benjamin Netanyahu prost\u011b jen v\u00e1lkou proti \u00cdr\u00e1nu nechce pomoci Donaldu Trumpovi, aby se dostal k moci, proto\u017ee Trump je automat na spln\u011bn\u00e1 p\u0159\u00e1n\u00ed a prost\u011b spln\u00ed Bibimu po n\u00e1stupu do funkce v B\u00edl\u00e9m dom\u011b naprosto v\u0161e, co Bibimu na o\u010d\u00edch uvid\u00ed.<\/p>\n<h6><span style=\"font-size: 18pt;\">VIDEO: V\u00e1lka s \u00cdr\u00e1nem by pomohla Trumpovi do B\u00edl\u00e9ho domu<\/span><\/h6>\n<p>B\u00edl\u00fd d\u016fm usiloval o p\u0159\u00edm\u011b\u0159\u00ed v Gaze, na kter\u00e9 Netanyahu nep\u0159istoupil. Potom B\u00edl\u00fd d\u016fm \u017e\u00e1dal Izrael, aby neprov\u00e1d\u011bl invazi do Libanonu. Izrael ji stejn\u011b provedl. Prost\u011b i novin\u00e1\u0159i v USA a v Izraeli si za\u010d\u00ednaj\u00ed v\u0161\u00edmat, \u017ee Netanyahu d\u011bl\u00e1 p\u0159esn\u011b opa\u010dn\u00e9 kroky, n\u011b\u017e o kter\u00e9 usiluje Bidenova vl\u00e1da ve Washingtonu. Opravdu nen\u00ed vylou\u010deno, \u017ee Bibi se sna\u017e\u00ed rozpoutat v\u00e1lku s \u00cdr\u00e1nem a t\u00edm zab\u00edt dv\u011b mouchy jednou ranou.<\/p>\n<p>Za prv\u00e9, zat\u00e1hne t\u00edm USA do v\u00e1lky na Bl\u00edzk\u00e9m v\u00fdchod\u011b, a za druh\u00e9, pom\u016f\u017ee t\u00edm ke zvolen\u00ed Donalda Trumpa do funkce prezidenta v USA. Podle americk\u00e9 stanice News Nation se B\u00edl\u00fd d\u016fm sna\u017e\u00ed utlumit Izrael, aby neprov\u00e1d\u011bl odvetu proti \u00cdr\u00e1nu, ale podle v\u0161eho si Izrael jede u\u017e podle sebe, a to i proto, \u017ee\u00a0<strong>Tel Aviv v minul\u00fdch dnech obdr\u017eel z USA zbrojn\u00ed pomoc [<a href=\"https:\/\/href.li\/?https:\/\/www.reuters.com\/world\/middle-east\/israel-says-it-has-secured-87-billion-us-aid-package-2024-09-26\/\" target=\"_blank\" rel=\"nofollow noopener\">1<\/a>] za t\u00e9m\u011b\u0159 9 miliard USD na svoji \u201c<em>obranu<\/em>\u201c,<\/strong>\u00a0kterou schv\u00e1lili kongresmani na v\u00fdplatn\u00edch p\u00e1sk\u00e1ch americk\u00e9ho AIPACu. U\u017e to jde prost\u011b mimo Bidena i Harrisovou.<\/p>\n<p>&nbsp;<\/p>\n<div id=\"rumble_v5exuz7\">\n<div id=\"vid_v5exuz7\" class=\"rumble_v5exuz7-Rumble-cls\" tabindex=\"-1\">\n<div class=\"bigPlayUI ctp\"><div class='videoWrapper'>\r\n\t            <iframe src='https:\/\/rumble.com\/embed\/pj.v5exuz7\/' frameborder='0' allowfullscreen><\/iframe>\r\n\t        <\/div><\/p>\n<div class=\"bigPlayUIInner ctp\"><\/div>\n<\/div>\n<\/div>\n<\/div>\n<p>&nbsp;<\/p>\n<p>B\u00fdval\u00fd izraelsk\u00fd premi\u00e9r dokonce ve st\u0159edu ve\u010der za\u010dal prohla\u0161ovat, \u017ee te\u010f je \u0161ance kone\u010dn\u011b a definitivn\u011b zni\u010dit jadern\u00fd program \u00cdr\u00e1nu a Izrael m\u00e1 nyn\u00ed opr\u00e1vn\u011bn\u00ed ud\u011blat to, co sv\u011btov\u00e9 spole\u010denstv\u00ed m\u011blo ud\u011blat u\u017e d\u00e1vno. B\u00fdval\u00fd premi\u00e9r Izraele Naftali Bennett to prohl\u00e1sil\u00a0<strong>[<a href=\"https:\/\/href.li\/?https:\/\/edition.cnn.com\/2024\/10\/01\/world\/video\/naftali-bennett-israel-iran-attack-antonio-guterres-ceasefire-blitzer-digvid\" target=\"_blank\" rel=\"nofollow noopener\">2<\/a>]<\/strong>\u00a0pro americkou CNN a je jasn\u00e9, \u017ee Izrael se pokus\u00ed za\u00fato\u010dit na jadern\u00e1 \u00edr\u00e1nsk\u00e1 za\u0159\u00edzen\u00ed v chystan\u00e9 odvet\u011b.<\/p>\n<p>V\u0161echny kroky Izraele zkr\u00e1tka vedou ke snaze k zata\u017een\u00ed USA a n\u00e1sledn\u011b n\u011bkter\u00fdch \u010dlen\u016f NATO do v\u00e1lky na Bl\u00edzk\u00e9m v\u00fdchod\u011b proti \u00cdr\u00e1nu. Velmi nebezpe\u010dn\u00e1 je pozice Fialovy junty v \u010cR, kter\u00e1 se ot\u0159\u00e1s\u00e1 v z\u00e1kladech kv\u016fli koali\u010dn\u00ed krizi a odchodu Pir\u00e1t\u016f z vl\u00e1dy. Pr\u00e1v\u011b v t\u00e9to kritick\u00e9 situaci, kdy Fialova vl\u00e1da m\u00e1 historicky nejni\u017e\u0161\u00ed podporu, by v\u00e1lka na Bl\u00edzk\u00e9m v\u00fdchod\u011b a \u00fa\u010dast \u010desk\u00fdch voj\u00e1k\u016f v t\u00e9to v\u00e1lce odklonila pozornost od probl\u00e9m\u016f Fialovy vl\u00e1dy doma.<\/p>\n<h6><span style=\"font-size: 18pt;\">Zahrani\u010dn\u00ed mise A\u010cR ve v\u00e1lce na Bl\u00edzk\u00e9m v\u00fdchod\u011b?<\/span><\/h6>\n<p>\u00datern\u00ed epizoda, kdy \u010cR pod velen\u00edm Lip\u00e1nkova\u00a0<em>zamini<\/em>\u00a0zablokovala v EU spole\u010dn\u00e9 usnesen\u00ed vyz\u00fdvaj\u00edc\u00ed k p\u0159\u00edm\u011b\u0159\u00ed v Libanonu, pouze potvrzuje, \u017ee\u00a0<strong>Fialova vl\u00e1da se chov\u00e1, jako by se na n\u011bco chystala, sna\u017e\u00ed se na sebe upozornit v Izraeli a v USA jako v\u011brn\u00fd spojenec. To nen\u00ed n\u00e1hodn\u00e9.<\/strong>\u00a0P\u0159\u00edpadn\u00e1 zahrani\u010dn\u00ed mise A\u010cR na Bl\u00edzk\u00e9m v\u00fdchod\u011b by toti\u017e zcela p\u0159ekreslila ve volebn\u00edm roce 2025 zpravodajstv\u00ed \u010desk\u00fdch m\u00e9di\u00ed.<\/p>\n<p>V\u0161ude by se psalo o boj\u00edch na Bl\u00edzk\u00e9m v\u00fdchod\u011b, jak si vedou \u010de\u0161t\u00ed voj\u00e1ci v misi, denn\u00ed report\u00e1\u017ee a zpravodajstv\u00ed by zcela odvedly pozornost jak od Ukrajiny, kde se to pro Fialovu vl\u00e1du vyv\u00edj\u00ed nejhor\u0161\u00edm mo\u017en\u00fdm sc\u00e9n\u00e1\u0159em, tedy bl\u00ed\u017e\u00edc\u00ed se por\u00e1\u017ekou Kyjeva, tak i od dom\u00e1c\u00edch ekonomick\u00fdch probl\u00e9m\u016f. V\u00e1lka Izraele s \u00cdr\u00e1nem, pokud by se poda\u0159ilo do konfliktu zat\u00e1hnout USA, by se stala za\u017eehnut\u00edm III. sv. v\u00e1lky a pro politiky by to byl dar z nebes, proto\u017ee by mohli spustit krizov\u00e9 \u0159\u00edzen\u00ed podle Krizov\u00e9ho z\u00e1kona.<\/p>\n<figure id=\"attachment_61202\" class=\"wp-caption aligncenter\" style=\"width: 663px;\"><a href=\"https:\/\/aeronet.news\/wp-content\/uploads\/FialaZajic.jpg\"><img decoding=\"async\" loading=\"lazy\" class=\"wp-image-61202 \" src=\"https:\/\/aeronet.news\/wp-content\/uploads\/FialaZajic-1024x532.jpg\" sizes=\"(max-width: 700px) 100vw, 700px\" srcset=\"https:\/\/aeronet.news\/wp-content\/uploads\/FialaZajic-1024x532.jpg 1024w, https:\/\/aeronet.news\/wp-content\/uploads\/FialaZajic-300x156.jpg 300w, https:\/\/aeronet.news\/wp-content\/uploads\/FialaZajic-768x399.jpg 768w, https:\/\/aeronet.news\/wp-content\/uploads\/FialaZajic-700x364.jpg 700w, https:\/\/aeronet.news\/wp-content\/uploads\/FialaZajic-687x357.jpg 687w, https:\/\/aeronet.news\/wp-content\/uploads\/FialaZajic-930x483.jpg 930w, https:\/\/aeronet.news\/wp-content\/uploads\/FialaZajic.jpg 1280w\" alt=\"\" width=\"663\" height=\"345\" \/><\/a><figcaption class=\"wp-caption-text\">Petr Fiala ukazuje zaj\u00edce. To se bude hodit, a\u017e za\u010dne mobilizace\u2026<\/figcaption><\/figure>\n<p>Tito zmetci a \u0161mejdi z Fialovy p\u011btikoalice jsou ochotni sionistick\u00e9mu Izraeli pomoci v\u0161emi prost\u0159edky a zp\u016fsoby, v\u010detn\u011b vysl\u00e1n\u00ed vojensk\u00fdch mezin\u00e1rodn\u00edch mis\u00ed pod vlaje\u010dkou NATO, \u00fapln\u011b stejn\u011b, jako byly vysl\u00e1ny do Afgh\u00e1nist\u00e1nu a do Ir\u00e1ku. Netanyahu v\u00ed moc dob\u0159e, \u017ee Bidenova vl\u00e1da a i Kamala Harris mus\u00ed skon\u010dit a k moci se mus\u00ed vr\u00e1tit Trump, aby pomohl Izraeli dokon\u010dit pl\u00e1n na\u00a0<em>Velk\u00fd Izrael<\/em>, kter\u00fd Trump zah\u00e1jil v roce 2019, kdy\u017e prezidentsk\u00fdm dekretem a jm\u00e9nem USA uznal okupovan\u00e9 Golansk\u00e9 v\u00fd\u0161iny jako p\u0159ipojen\u00e9 a ned\u011bliteln\u00e9 \u00fazem\u00ed Izraele.<\/p>\n<p>Toto sam\u00e9 se m\u00e1 odehr\u00e1t s Gazou a se Z\u00e1padn\u00edm b\u0159ehem. A dost mo\u017en\u00e1 i s ji\u017en\u00edm Libanonem, tak\u017ee Izrael zv\u011bt\u0161\u00ed svoj\u00ed rozlohu o skoro polovinu. A k tomu pot\u0159ebuj\u00ed sionist\u00e9 v Izraeli Trumpa u moci v B\u00edl\u00e9m dom\u011b, kter\u00fd bude Izraeli posluhovat. Nejl\u00e9pe to dokumentuje ud\u00e1lost britsk\u00e9 stanice Sky News.<\/p>\n<h6><span style=\"font-size: 18pt;\">VIDEO: Profesor z Teher\u00e1nu zdemoloval vys\u00edl\u00e1n\u00ed britsk\u00e9 stanice \u2013 \u0159ekl v\u0161em, co je to vlastn\u011b Izrael!<\/span><\/h6>\n<p>Jej\u00ed report\u00e9r pozval k rozhovoru profesora z univerzity v Teher\u00e1nu Muhammada Marandiho a za\u010dal na n\u011bho pou\u0161t\u011bt \u017ev\u00e1sty o tom, \u017ee \u00edr\u00e1nsk\u00fd \u00fader na Izrael byl ne\u00fasp\u011b\u0161n\u00fd, \u017ee nedos\u00e1hl ni\u010deho, a co na to \u0159\u00edk\u00e1? Profesor ho ale tot\u00e1ln\u011b set\u0159el a vysv\u011btlil mu, co je to Izrael. Je to pr\u00fd rasistick\u00fd st\u00e1t, jeho\u017e obyvatel\u00e9 se prohla\u0161uj\u00ed za vyvolen\u00fd n\u00e1rod, co\u017e \u00cdr\u00e1n odm\u00edt\u00e1 a nikdy na to nep\u0159istoup\u00ed.<\/p>\n<p><strong>Izrael je podle n\u011bho Palestina a na \u00fazem\u00ed Palestiny si mus\u00ed b\u00fdt \u017eid\u00e9, k\u0159es\u0165an\u00e9 a muslimov\u00e9 rovni. Izraelsk\u00fd re\u017eim mus\u00ed skon\u010dit<\/strong>\u00a0a kolektivn\u00ed Z\u00e1pad by m\u011bl za\u010d\u00edt d\u011blat re\u00e1lnou politiku a nem\u011bl by podporovat rasistick\u00fd Izrael. Report\u00e9r Sky News byl \u00fapln\u011b vyveden\u00fd z m\u00edry a v \u0161oku, proto\u017ee takov\u00e1 \u201c<em>nep\u011bkn\u00e1 slov\u00ed\u010dka<\/em>\u201d o nacistick\u00e9m a rasistick\u00e9m Izraeli na britsk\u00e9 stanici asi \u010dasto nezazn\u00edvaj\u00ed. A to nebylo v\u0161echno.<\/p>\n<p>&nbsp;<\/p>\n<div id=\"rumble_v5expal\">\n<div id=\"vid_v5expal\" class=\"rumble_v5expal-Rumble-cls\" tabindex=\"-1\">\n<div class=\"bigPlayUI ctp\"><div class='videoWrapper'>\r\n\t            <iframe src='https:\/\/rumble.com\/embed\/pj.v5expal\/' frameborder='0' allowfullscreen><\/iframe>\r\n\t        <\/div><\/p>\n<div class=\"bigPlayUIInner ctp\"><\/div>\n<\/div>\n<\/div>\n<\/div>\n<p>&nbsp;<\/p>\n<p>Izraelsk\u00fd ministr zahrani\u010d\u00ed prohl\u00e1sil gener\u00e1ln\u00edho tajemn\u00edka OSN Antonia Guterrese za \u201c<em>personu non grata<\/em>\u201d a zak\u00e1zal mu vstup do zem\u011b\u00a0<strong>[<a href=\"https:\/\/href.li\/?https:\/\/www.aljazeera.com\/news\/2024\/10\/2\/israels-katz-bars-un-chief-from-country-over-iran-attack-response\" target=\"_blank\" rel=\"nofollow noopener\">3<\/a>]<\/strong>. Izraelsk\u00fd ministr zahrani\u010d\u00ed Israel Katz ve st\u0159edu obvinil Guterrese, \u017ee \u201c<em>jednozna\u010dn\u011b<\/em>\u201d neodsoudil \u00edr\u00e1nsk\u00fd raketov\u00fd \u00fatok na Izrael. Izrael si na p\u0159\u00edstup OSN vytrvale st\u011b\u017eoval po celou dobu sv\u00e9 rok trvaj\u00edc\u00ed v\u00e1lky v Gaze. \u201c<em>Ka\u017ed\u00fd, kdo nedok\u00e1\u017ee jednozna\u010dn\u011b odsoudit odporn\u00fd \u00fatok \u00cdr\u00e1nu na Izrael, jak to ud\u011blaly t\u00e9m\u011b\u0159 v\u0161echny zem\u011b sv\u011bta, si nezaslou\u017e\u00ed vstoupit na izraelskou p\u016fdu,<\/em>\u201d napsal Katz na X. Ministr obvinil \u0161\u00e9fa OSN, \u017ee \u201c<em>podporuje teroristy, n\u00e1siln\u00edky a vrahy<\/em>\u201c, a ozna\u010dil ho za \u201c<em>skvrnu na historii OSN<\/em>\u201c. A v\u00edte, \u010deho se \u0161\u00e9f OSN dopustil?<\/p>\n<h6><span style=\"font-size: 18pt;\">Izrael zak\u00e1zal gener\u00e1ln\u00edmi tajemn\u00edkovi OSN vstup do Izraele, \u017ee odsoudil roz\u0161\u00ed\u0159en\u00ed konfliktu a nikoliv \u00cdr\u00e1n<\/span><\/h6>\n<p>\u00datok na n\u011bj toti\u017e p\u0159i\u0161el v reakci na Guterresovo prohl\u00e1\u0161en\u00ed t\u00fdkaj\u00edc\u00ed se \u00edr\u00e1nsk\u00e9ho raketov\u00e9ho \u00fatoku. Kr\u00e1tce po \u00fatoku Guterres odsoudil eskalaci n\u00e1sil\u00ed v regionu, ale nezm\u00ednil se o \u00cdr\u00e1nu. \u0160\u00e9f OSN v \u00fater\u00fd ve\u010der napsal: \u201c<strong><em>Odsuzuji roz\u0161i\u0159ov\u00e1n\u00ed konfliktu na Bl\u00edzk\u00e9m v\u00fdchod\u011b, kter\u00fd se stup\u0148uje. To mus\u00ed p\u0159estat. Rozhodn\u011b pot\u0159ebujeme p\u0159\u00edm\u011b\u0159\u00ed.<\/em><\/strong>\u201d Prost\u011b Izrael se urazil, \u017ee Guterres neodsoudil \u00cdr\u00e1n, ale roz\u0161i\u0159ov\u00e1n\u00ed konfliktu jako takov\u00e9ho. Mluv\u010d\u00ed americk\u00e9ho ministerstva zahrani\u010d\u00ed Matthew Miller na dotaz ohledn\u011b tohoto kroku na tiskov\u00e9m br\u00edfinku uvedl: Miller Miller uvedl: \u201c<em>Takov\u00e9to kroky nep\u0159isp\u00edvaj\u00ed ke zlep\u0161en\u00ed postaven\u00ed Izraele ve sv\u011bt\u011b<\/em>.\u201d<\/p>\n<figure id=\"attachment_61203\" class=\"wp-caption aligncenter\" style=\"width: 682px;\"><a href=\"https:\/\/aeronet.news\/wp-content\/uploads\/AntonioGuterres.jpg\"><img decoding=\"async\" loading=\"lazy\" class=\"wp-image-61203 \" src=\"https:\/\/aeronet.news\/wp-content\/uploads\/AntonioGuterres-1024x669.jpg\" sizes=\"(max-width: 700px) 100vw, 700px\" srcset=\"https:\/\/aeronet.news\/wp-content\/uploads\/AntonioGuterres-1024x669.jpg 1024w, https:\/\/aeronet.news\/wp-content\/uploads\/AntonioGuterres-300x196.jpg 300w, https:\/\/aeronet.news\/wp-content\/uploads\/AntonioGuterres-768x502.jpg 768w, https:\/\/aeronet.news\/wp-content\/uploads\/AntonioGuterres-700x457.jpg 700w, https:\/\/aeronet.news\/wp-content\/uploads\/AntonioGuterres-100x65.jpg 100w, https:\/\/aeronet.news\/wp-content\/uploads\/AntonioGuterres-547x357.jpg 547w, https:\/\/aeronet.news\/wp-content\/uploads\/AntonioGuterres-740x483.jpg 740w, https:\/\/aeronet.news\/wp-content\/uploads\/AntonioGuterres.jpg 1280w\" alt=\"\" width=\"682\" height=\"446\" \/><\/a><figcaption class=\"wp-caption-text\">Antonio Guterres, gener\u00e1ln\u00ed tajemn\u00edk OSN<\/figcaption><\/figure>\n<p>\u201c<em>OSN d\u011bl\u00e1 v Gaze neuv\u011b\u0159iteln\u011b d\u016fle\u017eitou pr\u00e1ci. D\u011bl\u00e1 neuv\u011b\u0159iteln\u011b d\u016fle\u017eitou pr\u00e1ci v regionu. A OSN, kdy\u017e jedn\u00e1 co nejl\u00e9pe, m\u016f\u017ee hr\u00e1t d\u016fle\u017eitou roli pro bezpe\u010dnost a stabilitu<\/em>,\u201d dodal Miller. Mluv\u010d\u00ed OSN Stephane Dujarric ozna\u010dil toto ozn\u00e1men\u00ed za politick\u00e9 a \u201c<em>jen dal\u0161\u00ed \u00fatok, abych tak \u0159ekl, na zam\u011bstnance OSN, kter\u00e9ho jsme sv\u011bdky ze strany izraelsk\u00e9 vl\u00e1dy<\/em>\u201c. Uvedl, \u017ee OSN tradi\u010dn\u011b neuzn\u00e1v\u00e1 pojem persona non grata, kter\u00fd by se vztahoval na zam\u011bstnance OSN.<\/p>\n<h6><span style=\"font-size: 18pt;\">Co je dovoleno Jovovi, nen\u00ed dovoleno g\u00f3jovi!<\/span><\/h6>\n<p>Prost\u011b sami vid\u00edte, jak pracuj\u00ed sionisti\u010dt\u00ed. Kdo ne\u0159ve jejich \u0159ev, toho okam\u017eit\u011b ozna\u010d\u00ed za nep\u0159\u00edtele. Samotn\u00fd st\u00e1t Izrael vznikl de facto na n\u00e1siln\u011b od Palestiny odtr\u017een\u00e9m \u00fazem\u00ed, kdy\u00a0<strong>sionisti\u010dt\u00ed osadn\u00edci z Evropy, kte\u0159\u00ed p\u0159ipluli do Palestiny na lod\u00edch po II. sv. v\u00e1lce, se nejprve usadili na zakoupen\u00fdch pozemc\u00edch, vytvo\u0159ili sv\u00e9 vlastn\u00ed samospr\u00e1vy a nakonec pozemky prohl\u00e1sily za\u00a0samostatn\u00fd st\u00e1t Izrael.<\/strong>\u00a0P\u0159estavte si, \u017ee by si skupina \u010desk\u00fdch\u00a0<em>goyim<\/em>\u00a0vyjela do ciz\u00ed zem\u011b, t\u0159eba do ji\u017en\u00ed Francie, tam by nakoupili pozemky a nemovitosti vedle sebe, aby tvo\u0159ily tak n\u011bjak souvisl\u00e9 \u00fazem\u00ed, a potom by tam vyhl\u00e1sili sv\u016fj vlastn\u00ed samostatn\u00fd st\u00e1t s n\u00e1zvem t\u0159eba\u00a0<em>Nov\u00e1 Bohemie<\/em>.<\/p>\n<div class=\"twitter-tweet twitter-tweet-rendered\"><iframe id=\"twitter-widget-0\" class=\"\" title=\"X Post\" src=\"https:\/\/platform.twitter.com\/embed\/Tweet.html?dnt=true&amp;embedId=twitter-widget-0&amp;features=eyJ0ZndfdGltZWxpbmVfbGlzdCI6eyJidWNrZXQiOltdLCJ2ZXJzaW9uIjpudWxsfSwidGZ3X2ZvbGxvd2VyX2NvdW50X3N1bnNldCI6eyJidWNrZXQiOnRydWUsInZlcnNpb24iOm51bGx9LCJ0ZndfdHdlZXRfZWRpdF9iYWNrZW5kIjp7ImJ1Y2tldCI6Im9uIiwidmVyc2lvbiI6bnVsbH0sInRmd19yZWZzcmNfc2Vzc2lvbiI6eyJidWNrZXQiOiJvbiIsInZlcnNpb24iOm51bGx9LCJ0ZndfZm9zbnJfc29mdF9pbnRlcnZlbnRpb25zX2VuYWJsZWQiOnsiYnVja2V0Ijoib24iLCJ2ZXJzaW9uIjpudWxsfSwidGZ3X21peGVkX21lZGlhXzE1ODk3Ijp7ImJ1Y2tldCI6InRyZWF0bWVudCIsInZlcnNpb24iOm51bGx9LCJ0ZndfZXhwZXJpbWVudHNfY29va2llX2V4cGlyYXRpb24iOnsiYnVja2V0IjoxMjA5NjAwLCJ2ZXJzaW9uIjpudWxsfSwidGZ3X3Nob3dfYmlyZHdhdGNoX3Bpdm90c19lbmFibGVkIjp7ImJ1Y2tldCI6Im9uIiwidmVyc2lvbiI6bnVsbH0sInRmd19kdXBsaWNhdGVfc2NyaWJlc190b19zZXR0aW5ncyI6eyJidWNrZXQiOiJvbiIsInZlcnNpb24iOm51bGx9LCJ0ZndfdXNlX3Byb2ZpbGVfaW1hZ2Vfc2hhcGVfZW5hYmxlZCI6eyJidWNrZXQiOiJvbiIsInZlcnNpb24iOm51bGx9LCJ0ZndfdmlkZW9faGxzX2R5bmFtaWNfbWFuaWZlc3RzXzE1MDgyIjp7ImJ1Y2tldCI6InRydWVfYml0cmF0ZSIsInZlcnNpb24iOm51bGx9LCJ0ZndfbGVnYWN5X3RpbWVsaW5lX3N1bnNldCI6eyJidWNrZXQiOnRydWUsInZlcnNpb24iOm51bGx9LCJ0ZndfdHdlZXRfZWRpdF9mcm9udGVuZCI6eyJidWNrZXQiOiJvbiIsInZlcnNpb24iOm51bGx9fQ%3D%3D&amp;frame=false&amp;hideCard=false&amp;hideThread=false&amp;id=1841422324890812763&amp;lang=cs&amp;origin=https%3A%2F%2Faeronet.news%2Fblizky-vychod-je-na-pokraji-vypuknuti-rozsahle-valky-izrael-zvazuje-utoky-na-iranske-ropne-rafinerie-a-jaderna-zarizeni-britska-stanice-se-ztrapnila-kdyz-jeji-redaktor-pozval-do-vysilani-profesora%2F&amp;sessionId=f17182809998869bd9730464a3153c131019d937&amp;theme=light&amp;widgetsVersion=2615f7e52b7e0%3A1702314776716&amp;width=550px\" frameborder=\"0\" scrolling=\"no\" allowfullscreen=\"allowfullscreen\" data-tweet-id=\"1841422324890812763\" data-mce-fragment=\"1\"><\/iframe><\/div>\n<p>Co mysl\u00edte, kolik st\u00e1t\u016f sv\u011bta by takov\u00fd nov\u00fd st\u00e1tn\u00ed \u00fatvar uznalo je\u0161t\u011b p\u0159edt\u00edm, ne\u017e by tam vtrhla francouzsk\u00e1 arm\u00e1da? A kter\u00e9 zem\u011b sv\u011bta by jim dodaly st\u00edha\u010dky, aby se \u010de\u0161t\u00ed osadn\u00edci mohli t\u00e9 francouzsk\u00e9 arm\u00e1d\u011b br\u00e1nit stejn\u011b, jako Praha dodala sionist\u016fm st\u00edha\u010dky v letech 1947 a 1948 do Palestiny na ochranu jejich pozemk\u016f prohl\u00e1\u0161en\u00fdch za samostatn\u00fd st\u00e1t p\u0159ed palestinsk\u00fdm vojskem, kter\u00e9 p\u0159i\u0161lo ud\u011blat po\u0159\u00e1dek? Ch\u00e1pete? <strong><em>Co je dovoleno Jovovi, nen\u00ed dovoleno g\u00f3jovi!<\/em><\/strong>\u00a0Tohle by m\u011blo b\u00fdt naps\u00e1no v \u010desk\u00e9 \u00dastav\u011b v preambuli na prvn\u00edm m\u00edst\u011b, aby to v\u0161em tup\u00fdm lidem kone\u010dn\u011b do\u0161lo! Koupit pozemek a prohl\u00e1sit si na n\u011bm vlastn\u00ed st\u00e1t\u2026 kdo z v\u00e1s to m\u00e1?<\/p>\n<div class=\"twitter-tweet twitter-tweet-rendered\"><iframe id=\"twitter-widget-1\" class=\"\" title=\"X Post\" src=\"https:\/\/platform.twitter.com\/embed\/Tweet.html?dnt=true&amp;embedId=twitter-widget-1&amp;features=eyJ0ZndfdGltZWxpbmVfbGlzdCI6eyJidWNrZXQiOltdLCJ2ZXJzaW9uIjpudWxsfSwidGZ3X2ZvbGxvd2VyX2NvdW50X3N1bnNldCI6eyJidWNrZXQiOnRydWUsInZlcnNpb24iOm51bGx9LCJ0ZndfdHdlZXRfZWRpdF9iYWNrZW5kIjp7ImJ1Y2tldCI6Im9uIiwidmVyc2lvbiI6bnVsbH0sInRmd19yZWZzcmNfc2Vzc2lvbiI6eyJidWNrZXQiOiJvbiIsInZlcnNpb24iOm51bGx9LCJ0ZndfZm9zbnJfc29mdF9pbnRlcnZlbnRpb25zX2VuYWJsZWQiOnsiYnVja2V0Ijoib24iLCJ2ZXJzaW9uIjpudWxsfSwidGZ3X21peGVkX21lZGlhXzE1ODk3Ijp7ImJ1Y2tldCI6InRyZWF0bWVudCIsInZlcnNpb24iOm51bGx9LCJ0ZndfZXhwZXJpbWVudHNfY29va2llX2V4cGlyYXRpb24iOnsiYnVja2V0IjoxMjA5NjAwLCJ2ZXJzaW9uIjpudWxsfSwidGZ3X3Nob3dfYmlyZHdhdGNoX3Bpdm90c19lbmFibGVkIjp7ImJ1Y2tldCI6Im9uIiwidmVyc2lvbiI6bnVsbH0sInRmd19kdXBsaWNhdGVfc2NyaWJlc190b19zZXR0aW5ncyI6eyJidWNrZXQiOiJvbiIsInZlcnNpb24iOm51bGx9LCJ0ZndfdXNlX3Byb2ZpbGVfaW1hZ2Vfc2hhcGVfZW5hYmxlZCI6eyJidWNrZXQiOiJvbiIsInZlcnNpb24iOm51bGx9LCJ0ZndfdmlkZW9faGxzX2R5bmFtaWNfbWFuaWZlc3RzXzE1MDgyIjp7ImJ1Y2tldCI6InRydWVfYml0cmF0ZSIsInZlcnNpb24iOm51bGx9LCJ0ZndfbGVnYWN5X3RpbWVsaW5lX3N1bnNldCI6eyJidWNrZXQiOnRydWUsInZlcnNpb24iOm51bGx9LCJ0ZndfdHdlZXRfZWRpdF9mcm9udGVuZCI6eyJidWNrZXQiOiJvbiIsInZlcnNpb24iOm51bGx9fQ%3D%3D&amp;frame=false&amp;hideCard=false&amp;hideThread=false&amp;id=1841167889191112704&amp;lang=cs&amp;origin=https%3A%2F%2Faeronet.news%2Fblizky-vychod-je-na-pokraji-vypuknuti-rozsahle-valky-izrael-zvazuje-utoky-na-iranske-ropne-rafinerie-a-jaderna-zarizeni-britska-stanice-se-ztrapnila-kdyz-jeji-redaktor-pozval-do-vysilani-profesora%2F&amp;sessionId=f17182809998869bd9730464a3153c131019d937&amp;theme=light&amp;widgetsVersion=2615f7e52b7e0%3A1702314776716&amp;width=550px\" frameborder=\"0\" scrolling=\"no\" allowfullscreen=\"allowfullscreen\" data-tweet-id=\"1841167889191112704\" data-mce-fragment=\"1\"><\/iframe><\/div>\n<p>A takhle vznikl Izrael. Takhle vznikl st\u00e1t z ukraden\u00e9ho \u00fazem\u00ed. A v\u016fbec to neskon\u010dilo. <strong>V roce 2019 konceptu\u00e1ln\u00ed trumpeta podepsal Bibimu v B\u00edl\u00e9m dom\u011b p\u0159ipojen\u00ed Golan k Izraeli [<a href=\"https:\/\/aeronet.news\/video-benjamin-netanyahu-oznamil-vystavbu-noveho-mesta-na-golanskych-vysinach-ktere-na-pocest-americkeho-uznani-anexe-ponese-jmeno-donalda-trumpa-zakladni-kamen-bude-polozen-10-cervna\/\">4<\/a>], to je dal\u0161\u00ed ukraden\u00e9 \u00fazem\u00ed.<\/strong>\u00a0Gaza je u\u017e srovnan\u00e1 se zem\u00ed a obyvatelstvo vyst\u011bhov\u00e1no, develope\u0159i jsou nachystan\u00ed, Gaza bude ukradena co nevid\u011bt. No, a te\u010f ji\u017en\u00ed Libanon, tam je p\u011bkn\u011b, docela slu\u0161n\u00e9 pozemky, tam se bude sionistick\u00fdm l\u00edbit. Ov\u0161em n\u011bco tomu p\u0159ek\u00e1\u017e\u00ed, a to je existence \u00cdr\u00e1nu. Dokud bude \u00cdr\u00e1n existovat, pl\u00e1n na Velk\u00fd Izrael bude v ohro\u017een\u00ed. Proto ta snaha dostat znovu Trumpa k moci v USA. Pr\u00e1v\u011b on se m\u00e1 st\u00e1t fin\u00e1ln\u00ed zbran\u00ed Izraele proti \u00cdr\u00e1nu.<\/p>\n<p><a href=\"https:\/\/aeronet.news\/blizky-vychod-je-na-pokraji-vypuknuti-rozsahle-valky-izrael-zvazuje-utoky-na-iranske-ropne-rafinerie-a-jaderna-zarizeni-britska-stanice-se-ztrapnila-kdyz-jeji-redaktor-pozval-do-vysilani-profesora\/\">-VK-<\/a><\/p>\n<p>&nbsp;<\/p>\n","protected":false},"excerpt":{"rendered":"<p>Bl\u00edzk\u00fd v\u00fdchod je na pokraji vypuknut\u00ed rozs\u00e1hl\u00e9 v\u00e1lky, Izrael zva\u017euje \u00fatoky na \u00edr\u00e1nsk\u00e9 ropn\u00e9 rafin\u00e9rie&#8230;<\/p>\n","protected":false},"author":2,"featured_media":63468,"comment_status":"closed","ping_status":"closed","sticky":false,"template":"","format":"standard","meta":[],"categories":[6],"tags":[1042,1232,38,107,220,186],"_links":{"self":[{"href":"https:\/\/www.infokuryr.cz\/n\/wp-json\/wp\/v2\/posts\/63467"}],"collection":[{"href":"https:\/\/www.infokuryr.cz\/n\/wp-json\/wp\/v2\/posts"}],"about":[{"href":"https:\/\/www.infokuryr.cz\/n\/wp-json\/wp\/v2\/types\/post"}],"author":[{"embeddable":true,"href":"https:\/\/www.infokuryr.cz\/n\/wp-json\/wp\/v2\/users\/2"}],"replies":[{"embeddable":true,"href":"https:\/\/www.infokuryr.cz\/n\/wp-json\/wp\/v2\/comments?post=63467"}],"version-history":[{"count":0,"href":"https:\/\/www.infokuryr.cz\/n\/wp-json\/wp\/v2\/posts\/63467\/revisions"}],"wp:featuredmedia":[{"embeddable":true,"href":"https:\/\/www.infokuryr.cz\/n\/wp-json\/wp\/v2\/media\/63468"}],"wp:attachment":[{"href":"https:\/\/www.infokuryr.cz\/n\/wp-json\/wp\/v2\/media?parent=63467"}],"wp:term":[{"taxonomy":"category","embeddable":true,"href":"https:\/\/www.infokuryr.cz\/n\/wp-json\/wp\/v2\/categories?post=63467"},{"taxonomy":"post_tag","embeddable":true,"href":"https:\/\/www.infokuryr.cz\/n\/wp-json\/wp\/v2\/tags?post=63467"}],"curies":[{"name":"wp","href":"https:\/\/api.w.org\/{rel}","templated":true}]}}