{"id":63460,"date":"2024-10-03T04:10:40","date_gmt":"2024-10-03T02:10:40","guid":{"rendered":"https:\/\/www.infokuryr.cz\/n\/?p=63460"},"modified":"2024-10-03T04:10:40","modified_gmt":"2024-10-03T02:10:40","slug":"muslimove-se-smeji-zidum-v-izraeli-jejich-medicina-nechutna-proc-placi-kam-zmizelo-jejich-hrdinstvi-zelezna-kopule","status":"publish","type":"post","link":"https:\/\/www.infokuryr.cz\/n\/2024\/10\/03\/muslimove-se-smeji-zidum-v-izraeli-jejich-medicina-nechutna-proc-placi-kam-zmizelo-jejich-hrdinstvi-zelezna-kopule\/","title":{"rendered":"Muslimov\u00e9 se sm\u011bj\u00ed: \u017did\u016fm v Izraeli jejich medic\u00edna nechutn\u00e1? Pro\u010d pl\u00e1\u010d\u00ed? Kam zmizelo jejich hrdinstv\u00ed &#8222;\u017delezn\u00e1 kopule&#8220;?"},"content":{"rendered":"<div id=\"fb-root\"><\/div>\n<div class=\"introtext\">\n<p><span style=\"font-size: 14pt;\"><strong>A i jinde se oz\u00fdvaj\u00ed posti\u017een\u00ed lid\u00e9, kter\u00fdm Netanjahu ukradl domovy, vyvra\u017edil cel\u00e9 rodiny, proto\u017ee tvrd\u00ed, \u017ee je nad\u0159azen\u00fd sv\u011btu a najednou narazil na ze\u010f. A \u017eid\u00e9, co emigrovali do Izraele, zase putuj\u00ed d\u00e1l. A z toho maj\u00ed zase legraci v Rusku, proto\u017ee Galkin a dal\u0161\u00ed emigrovali, proto\u017ee Izrael pr\u00fd chce m\u00edr. A nyn\u00ed miz\u00ed do USA.<\/strong><\/span><\/p>\n<\/div>\n<div class=\"fulltext\">\n<p>V\u00e1lka v Gaze zat\u00edm zabila v\u00edce ne\u017e<strong>\u00a041 000 Palestinc\u016f, z nich\u017e v\u011bt\u0161inu tvo\u0159\u00ed \u017eeny a d\u011bti.<\/strong><\/p>\n<p>8. \u0159\u00edjna Hizball\u00e1h uvedl, \u017ee vypustil \u0159\u00edzen\u00e9 rakety a d\u011blost\u0159electvo na t\u0159ech vojensk\u00fdch stanovi\u0161t\u00edch v Shebaa Farms, pohrani\u010dn\u00ed oblasti, \u201ev solidarit\u011b\u201c s Palestinci.<\/p>\n<p>Farmy Shebaa, na kter\u00e9 si n\u00e1rokuje Libanon, zabral Izrael b\u011bhem \u0161estidenn\u00ed v\u00e1lky v roce 1967.<\/p>\n<p>Od 7. \u0159\u00edjna 2023 do 6. z\u00e1\u0159\u00ed 2024 ze 7 845 \u00fatok\u016f, kter\u00e9 si ob\u011b s\u00edly vym\u011bnily, asi 82 \u200b\u200bprocent provedly izraelsk\u00e9 s\u00edly, podle \u00fadaj\u016f o um\u00edst\u011bn\u00ed a ud\u00e1lostech ozbrojen\u00fdch konflikt\u016f (ACLED). Nejm\u00e9n\u011b\u00a0<strong>646 lid\u00ed v Libanonu\u00a0bylo zabito v tomto obdob\u00ed p\u0159i izraelsk\u00fdch \u00fatoc\u00edch.<\/strong><\/p>\n<p>Hizball\u00e1h a dal\u0161\u00ed ozbrojen\u00e9 skupiny byly zodpov\u011bdn\u00e9 za 1768 \u00fatok\u016f, p\u0159i nich\u017e zahynulo nejm\u00e9n\u011b\u00a0<strong>32 Izraelc\u016f<\/strong>.<\/p>\n<div class=\"g_bf speakable\" data-dot=\"mol-paragraph\">\n<p><span style=\"font-size: 18pt;\"><strong>A \u00fatok na Izrael byl mohutn\u00fd, Izrael je v \u0161oku, proto\u017ee tvrdili, \u017ee maj\u00ed nepr\u016fst\u0159eln\u00fd syst\u00e9m.<\/strong><\/span><\/p>\n<p><span class=\"atm-text-decorator\">Bylo zasa\u017eeno s\u00eddlo Mosadu, m\u00e9dia ukazuj\u00ed z\u00e1sahy izraelsk\u00e9 leteck\u00e9 z\u00e1kladny Nevatim, kde je \u00fadajn\u011b po\u0161kozeno mnoho bombard\u00e9r\u016f F35<br \/>\n<\/span><\/p>\n<p class=\"e_bf\"><span class=\"atm-text-decorator\">\u00datok z\u00a01.\u00a0\u0159\u00edjna byl nepochybn\u011b v\u00a0\u0159ad\u011b ohled\u016f mnohem nebezpe\u010dn\u011bj\u0161\u00ed. Podle prvn\u00edch \u00fadaj\u016f \u00cdr\u00e1n s\u00e1hl tentokr\u00e1t po modern\u011bj\u0161\u00edch zbran\u00edch. Velkou roli, ba nejsp\u00ed\u0161e je\u0161t\u011b v\u011bt\u0161\u00ed roli, pak hraje tak\u00e9 i\u00a0po\u010det pou\u017eit\u00fdch st\u0159el.<\/span><\/p>\n<\/div>\n<div class=\"g_bf speakable\" data-dot=\"mol-paragraph\">\n<p class=\"e_bf\"><span class=\"atm-text-decorator\">Kapacita ka\u017ed\u00e9 obrany je omezen\u00e1. Pokud j\u00ed \u00fatok nedos\u00e1hne \u010di p\u0159ekro\u010d\u00ed jen m\u00edrn\u011b, efekt \u00fatoku bude omezen\u00fd. Ale ka\u017ed\u00fd kus munice nav\u00edc nad kapacitu obrany potenci\u00e1l mo\u017en\u00fdch \u0161kod v\u00fdrazn\u011b zvy\u0161uje. Pokud n\u011bjak\u00e1 zem\u011b dok\u00e1\u017ee zastavit \u00fatok stovky st\u0159el, tak \u00fatok 110\u00a0st\u0159elami nejsp\u00ed\u0161e v\u00a0podstat\u011b nebude m\u00edt efekt. Ov\u0161em v\u00a0p\u0159\u00edpad\u011b, kdy protivn\u00edk vy\u0161le 200\u00a0st\u0159el, tak jich n\u00e1hle polovina m\u016f\u017ee obranou vlastn\u011b proj\u00edt.<\/span><\/p>\n<\/div>\n<div class=\"g_bf speakable\" data-dot=\"mol-paragraph\">\n<p class=\"e_bf\"><span class=\"atm-text-decorator\">Izrael m\u00e1 k\u00a0dispozici velmi propracovanou protivzdu\u0161nou obranu, ale i\u00a0jeho mo\u017enosti boje proti balistick\u00fdm st\u0159el\u00e1m jsou omezen\u00e9. Nap\u0159\u00edklad zn\u00e1m\u00fd syst\u00e9m\u00a0\u201e<strong>\u017delen\u00e1 kopule<\/strong>\u201c\u00a0je proti balistick\u00fdm st\u0159el\u00e1m tohoto typu zcela ne\u00fa\u010dinn\u00fd, je ur\u010den proti \u00fapln\u00e9mu jin\u00e9mu typu zbran\u00ed.<\/span><\/p>\n<\/div>\n<p>\u00cdr\u00e1nsk\u00e9 soci\u00e1ln\u00ed s\u00edt\u011b byly pln\u00e9 vtip\u016f, z nich\u017e mnoh\u00e9 odr\u00e1\u017eely obavy a nejistotu z budoucnosti.<\/p>\n<p>\u201eNejlep\u0161\u00ed na podzimu je, kdy\u017e m\u00e1te na sob\u011b mikinu a kli\u010dkujete v \u00fakrytu, abyste se vyhnuli raket\u00e1m,\u201c napsal pr\u00fd jeden u\u017eivatel.<\/p>\n<h1 class=\"sm:mt-1 2xl:text-[32px]\/10 sm:text-2xl\/8 font-medium dark:text-black-font text-[1.2rem]\/[1.5rem] pb-[10px]\">V\u00fdbuchy i pobl\u00ed\u017e izraelsk\u00e9 ambas\u00e1dy v D\u00e1nsku<\/h1>\n<p class=\"sm:mt-1 md:text-xl\/8 dark:text-black-font text-black-header text-base\">V Kodani, v oblasti, kde s\u00eddl\u00ed konzul\u00e1ty a ambas\u00e1dy n\u011bkolika zem\u00ed v\u010detn\u011b Izraele, do\u0161lo k n\u011bkolika exploz\u00edm<\/p>\n<p><strong>Faktem ale je, \u017ee u\u017e masakry maminek a d\u011bt\u00ed v Gaze byly tak \u0161\u00edlen\u00e9, \u017ee i v Izraeli byly demonstrace proti zv\u011brstvu Netanjahua a Mosadu. Co bude d\u00e1l, uvid\u00edme. Netanjahu op\u011bt vyhro\u017euje a m\u00e1 jadern\u00e9 zbran\u011b.<\/strong><\/p>\n<p><a href=\"https:\/\/www.skrytapravda.cz\/ze-zahranici\/2141-muslimove-se-smeji-zidum-v-izraeli-jejich-medicina-nechutna-proc-placi-kam-zmizelo-jejich-hrdinstvi-zelezna-kopule\">Petr Pokorn\u00fd<\/a><\/p>\n<p>&nbsp;<\/p>\n<\/div>\n","protected":false},"excerpt":{"rendered":"<p>A i jinde se oz\u00fdvaj\u00ed posti\u017een\u00ed lid\u00e9, kter\u00fdm Netanjahu ukradl domovy, vyvra\u017edil cel\u00e9 rodiny, proto\u017ee&#8230;<\/p>\n","protected":false},"author":2,"featured_media":63461,"comment_status":"closed","ping_status":"closed","sticky":false,"template":"","format":"standard","meta":[],"categories":[6],"tags":[107,1503,44,349],"_links":{"self":[{"href":"https:\/\/www.infokuryr.cz\/n\/wp-json\/wp\/v2\/posts\/63460"}],"collection":[{"href":"https:\/\/www.infokuryr.cz\/n\/wp-json\/wp\/v2\/posts"}],"about":[{"href":"https:\/\/www.infokuryr.cz\/n\/wp-json\/wp\/v2\/types\/post"}],"author":[{"embeddable":true,"href":"https:\/\/www.infokuryr.cz\/n\/wp-json\/wp\/v2\/users\/2"}],"replies":[{"embeddable":true,"href":"https:\/\/www.infokuryr.cz\/n\/wp-json\/wp\/v2\/comments?post=63460"}],"version-history":[{"count":1,"href":"https:\/\/www.infokuryr.cz\/n\/wp-json\/wp\/v2\/posts\/63460\/revisions"}],"predecessor-version":[{"id":63462,"href":"https:\/\/www.infokuryr.cz\/n\/wp-json\/wp\/v2\/posts\/63460\/revisions\/63462"}],"wp:featuredmedia":[{"embeddable":true,"href":"https:\/\/www.infokuryr.cz\/n\/wp-json\/wp\/v2\/media\/63461"}],"wp:attachment":[{"href":"https:\/\/www.infokuryr.cz\/n\/wp-json\/wp\/v2\/media?parent=63460"}],"wp:term":[{"taxonomy":"category","embeddable":true,"href":"https:\/\/www.infokuryr.cz\/n\/wp-json\/wp\/v2\/categories?post=63460"},{"taxonomy":"post_tag","embeddable":true,"href":"https:\/\/www.infokuryr.cz\/n\/wp-json\/wp\/v2\/tags?post=63460"}],"curies":[{"name":"wp","href":"https:\/\/api.w.org\/{rel}","templated":true}]}}