{"id":63452,"date":"2024-10-03T00:50:26","date_gmt":"2024-10-02T22:50:26","guid":{"rendered":"https:\/\/www.infokuryr.cz\/n\/?p=63452"},"modified":"2024-10-02T19:10:16","modified_gmt":"2024-10-02T17:10:16","slug":"po-iranskem-uderu-se-netanjahuovi-trasly-ruce-to-nebyl-pripad-americkeho-planu","status":"publish","type":"post","link":"https:\/\/www.infokuryr.cz\/n\/2024\/10\/03\/po-iranskem-uderu-se-netanjahuovi-trasly-ruce-to-nebyl-pripad-americkeho-planu\/","title":{"rendered":"Po \u00edr\u00e1nsk\u00e9m \u00faderu se Netanjahuovi t\u0159\u00e1sly ruce: to nebyl p\u0159\u00edpad americk\u00e9ho pl\u00e1nu"},"content":{"rendered":"<div id=\"fb-root\"><\/div>\n<p class=\"lead\"><strong>V\u010dera v noci \u00cdr\u00e1n zah\u00e1jil \u00fatok balistick\u00fdch raket na Izrael. Ruce premi\u00e9ra Benjamina Netanjahua se t\u0159\u00e1sly, kdy\u017e p\u0159ed\u010d\u00edtal protiv\u00fdhr\u016f\u017eky. To je d\u016fle\u017eit\u00fd sign\u00e1l,\u00a0<a href=\"https:\/\/www.pravda.ru\/world\/2102513-iran-israel\/\" target=\"_blank\" rel=\"noopener\">p\u00ed\u0161e<\/a>\u00a0sloupka\u0159ka Pravda.Ru Lyubov Stepushova.<\/strong><\/p>\n<p>\u00cdr\u00e1nsk\u00fd ministr zahrani\u010d\u00ed\u00a0<strong>Abbas Araghchi<\/strong>\u00a0uvedl, \u017ee Teher\u00e1n \u00faderem na Izrael 1. \u0159\u00edjna ve\u010der <strong>vyu\u017eil sv\u00e9ho pr\u00e1va na sebeobranu v souladu s \u010dl\u00e1nkem 51 Charty OSN<\/strong>. Zd\u016fraznil, \u017ee \u00fatoky byly zam\u011b\u0159eny pouze na vojensk\u00e1 a bezpe\u010dnostn\u00ed za\u0159\u00edzen\u00ed \u201eodpov\u011bdn\u00e1 za genocidu v p\u00e1smu Gazy a Libanonu\u201c.<\/p>\n<p><em>\u201eNa\u0161e akce jsou u konce, pokud se izraelsk\u00fd re\u017eim nerozhodne vyvolat dal\u0161\u00ed represe. V tomto p\u0159\u00edpad\u011b bude na\u0161e reakce siln\u011bj\u0161\u00ed a d\u016frazn\u011bj\u0161\u00ed. Izrael\u0161t\u00ed spolupracovn\u00edci maj\u00ed nyn\u00ed v\u011bt\u0161\u00ed odpov\u011bdnost za potla\u010den\u00ed v\u00e1le\u010dn\u00fdch \u0161tv\u00e1\u010d\u016f v Tel Avivu m\u00edsto toho, aby se pod\u00edleli na jejich \u0161\u00edlenstv\u00ed.&#8220;<span class=\"after-quote\">\u00a0\u2014 zd\u016fraznil ministr v prohl\u00e1\u0161en\u00ed zve\u0159ejn\u011bn\u00e9m na soci\u00e1ln\u00ed s\u00edti X (d\u0159\u00edve Twitter*).<\/span><\/em><\/p>\n<p>Jednalo se o masivn\u00ed \u00fader, podle r\u016fzn\u00fdch zdroj\u016f bylo vyp\u00e1leno 180 a\u017e 400 raket. Bylo mnoho fale\u0161n\u00fdch videod\u016fkaz\u016f, ale ty ov\u011b\u0159en\u00e9 na soci\u00e1ln\u00edch s\u00edt\u00edch uk\u00e1zaly n\u011bkolik v\u00fdbuch\u016f v Tel Avivu a tak\u00e9 na izraelsk\u00e9 leteck\u00e9 z\u00e1kladn\u011b Nevatim v pou\u0161ti Naqab, kde jsou um\u00edst\u011bny st\u00edha\u010dky F-35.<\/p>\n<p>\u00cdr\u00e1n uk\u00e1zal, \u017ee dok\u00e1\u017ee proniknout izraelskou protivzdu\u0161nou obranou a m\u016f\u017ee zas\u00e1hnout Izrael, pokud chce. A pokud m\u011bl \u00cdr\u00e1n v \u00famyslu zah\u00e1jit jadern\u00fd \u00fader, mohl by to snadno ud\u011blat se sv\u00fdmi hypersonick\u00fdmi st\u0159elami.<\/p>\n<p>Existuj\u00ed v\u0161ak body, kter\u00e9 n\u00e1m nedovoluj\u00ed \u0159\u00edci, \u017ee to byla adekv\u00e1tn\u00ed reakce \u00cdr\u00e1nu. \u00dader byl p\u0159edem zn\u00e1m a\u017e do uveden\u00ed p\u0159ibli\u017en\u00e9 hodiny a c\u00edl\u016f &#8211; vojensk\u00fdch c\u00edl\u016f. A i kdy\u017e \u00cdr\u00e1n tvrd\u00ed, \u017ee nikoho nevaroval, sv\u00e9 pl\u00e1ny na z\u00e1klad\u011b \u00faniku informac\u00ed nezm\u011bnil. To umo\u017enilo Izraeli st\u00e1hnout nebo ukr\u00fdt materi\u00e1l na sv\u00fdch vojensk\u00fdch z\u00e1kladn\u00e1ch. P\u0159i odpov\u011bdi na ot\u00e1zku, co se po t\u011bchto \u00faderech zm\u011bn\u00ed, se uk\u00e1\u017ee, \u017ee nic. Opustil Izrael Libanon? Ne. Znovu za\u010dal bombardovat. Izrael po\u017e\u00e1dal o m\u00edr se v\u0161emi? Ne. P\u0159estal Izrael zab\u00edjet palestinsk\u00e9 obyvatele Gazy? Ne.<\/p>\n<p>Nyn\u00ed porovnejme \u0161kody. Zabiti \u00edr\u00e1nsk\u00fdmi z\u00e1stupci: veden\u00ed Hamasu, veden\u00ed Hizball\u00e1hu, n\u011bkolik v\u00fdznamn\u00fdch gener\u00e1l\u016f IRGC, \u00edr\u00e1n\u0161t\u00ed jadern\u00ed fyzici, \u00edr\u00e1nsk\u00fd prezident\u00a0<strong>Ibrahim Raisi<\/strong>\u00a0(neofici\u00e1ln\u011b, ale smrt je velmi podez\u0159el\u00e1) a 40 tis\u00edc palestinsk\u00fdch civilist\u016f. Statis\u00edce dal\u0161\u00edch se staly uprchl\u00edky a nen\u00ed jasn\u00e9, kdy se budou moci vr\u00e1tit do sv\u00e9 vlasti &#8211; jejich bydlen\u00ed bylo zni\u010deno.<\/p>\n<p>V\u0161e je na jedn\u00e9 stran\u011b stupnice. A co ten druh\u00fd? Kr\u00e1tery na vojensk\u00fdch m\u00edstech? \u00cdr\u00e1nsk\u00e1 odpov\u011b\u010f se zd\u00e1 b\u00fdt hrd\u00e1 a siln\u00e1, ale ve skute\u010dnosti nejde o rovnocennou v\u00fdm\u011bnu, pokud jde o po\u0161kozen\u00ed, jako by po v\u00e1s poslal \u201et\u0159i hv\u011bzdy na oblohu\u201c pot\u00e9, co v\u00e1s poraz\u00ed. Nikdo nikomu nevyhl\u00e1sil v\u00e1lku, v\u0161e bylo jako p\u0159i posledn\u00edm dubnov\u00e9m raketov\u00e9m \u00fatoku (na kter\u00fd u\u017e v\u0161ichni zapomn\u011bli) s m\u00edrnou eskalac\u00ed po\u010dtu raket.<\/p>\n<p>Ale pro Rusko je tu velmi pozitivn\u00ed moment. Netanjahuovi\u00a0<a href=\"https:\/\/t.me\/lstepushova\/23\" target=\"_blank\" rel=\"noopener\">se t\u0159\u00e1sly ruce<\/a> , kdy\u017e komentoval \u00fadery, co\u017e znamen\u00e1, \u017ee si nen\u00ed jist\u00fd v\u00fdsledkem konfliktu. Premi\u00e9r sl\u00edbil, \u017ee p\u0159ijme odvetn\u00e1 opat\u0159en\u00ed proti \u00cdr\u00e1nu.<\/p>\n<p><em>&#8222;\u00cdr\u00e1n dnes ve\u010der ud\u011blal velkou chybu a zaplat\u00ed za to&#8220;<span class=\"after-quote\">\u00a0&#8211; \u0159ekl Netanjahu.<\/span><\/em><\/p>\n<p>Ale zat\u00edm do\u0161lo k raketov\u00e9mu \u00fatoku na Libanon, nikoli na \u00cdr\u00e1n. To znamen\u00e1, \u017ee n\u011bco v americko-izraelsk\u00e9m tandemu ne\u0161lo podle pl\u00e1nu, co\u017e znamen\u00e1, \u017ee v\u0161echny z\u00e1padn\u00ed rakety PVO nyn\u00ed poputuj\u00ed do Izraele, jako ostatn\u00ed zbran\u011b, a ne na Ukrajinu.<\/p>\n<p><img decoding=\"async\" loading=\"lazy\" class=\"alignnone size-full wp-image-1185\" src=\"http:\/\/www.infokuryr.cz\/n\/wp-content\/uploads\/2021\/04\/kuryr-podpis.png\" alt=\"\" width=\"84\" height=\"24\" \/><\/p>\n<p>&nbsp;<\/p>\n","protected":false},"excerpt":{"rendered":"<p>V\u010dera v noci \u00cdr\u00e1n zah\u00e1jil \u00fatok balistick\u00fdch raket na Izrael. Ruce premi\u00e9ra Benjamina Netanjahua se&#8230;<\/p>\n","protected":false},"author":2,"featured_media":63453,"comment_status":"closed","ping_status":"closed","sticky":false,"template":"","format":"standard","meta":[],"categories":[7],"tags":[4537,38,107,2122],"_links":{"self":[{"href":"https:\/\/www.infokuryr.cz\/n\/wp-json\/wp\/v2\/posts\/63452"}],"collection":[{"href":"https:\/\/www.infokuryr.cz\/n\/wp-json\/wp\/v2\/posts"}],"about":[{"href":"https:\/\/www.infokuryr.cz\/n\/wp-json\/wp\/v2\/types\/post"}],"author":[{"embeddable":true,"href":"https:\/\/www.infokuryr.cz\/n\/wp-json\/wp\/v2\/users\/2"}],"replies":[{"embeddable":true,"href":"https:\/\/www.infokuryr.cz\/n\/wp-json\/wp\/v2\/comments?post=63452"}],"version-history":[{"count":1,"href":"https:\/\/www.infokuryr.cz\/n\/wp-json\/wp\/v2\/posts\/63452\/revisions"}],"predecessor-version":[{"id":63454,"href":"https:\/\/www.infokuryr.cz\/n\/wp-json\/wp\/v2\/posts\/63452\/revisions\/63454"}],"wp:featuredmedia":[{"embeddable":true,"href":"https:\/\/www.infokuryr.cz\/n\/wp-json\/wp\/v2\/media\/63453"}],"wp:attachment":[{"href":"https:\/\/www.infokuryr.cz\/n\/wp-json\/wp\/v2\/media?parent=63452"}],"wp:term":[{"taxonomy":"category","embeddable":true,"href":"https:\/\/www.infokuryr.cz\/n\/wp-json\/wp\/v2\/categories?post=63452"},{"taxonomy":"post_tag","embeddable":true,"href":"https:\/\/www.infokuryr.cz\/n\/wp-json\/wp\/v2\/tags?post=63452"}],"curies":[{"name":"wp","href":"https:\/\/api.w.org\/{rel}","templated":true}]}}