{"id":63445,"date":"2024-10-03T00:47:24","date_gmt":"2024-10-02T22:47:24","guid":{"rendered":"https:\/\/www.infokuryr.cz\/n\/?p=63445"},"modified":"2024-10-02T18:53:37","modified_gmt":"2024-10-02T16:53:37","slug":"izrael-prohlasil-sefa-osn-za-personu-non-grata","status":"publish","type":"post","link":"https:\/\/www.infokuryr.cz\/n\/2024\/10\/03\/izrael-prohlasil-sefa-osn-za-personu-non-grata\/","title":{"rendered":"Izrael prohl\u00e1sil \u0161\u00e9fa OSN za \u201epersonu non grata\u201c"},"content":{"rendered":"<div id=\"fb-root\"><\/div>\n<p><span style=\"font-size: 18pt;\"><strong>Ministr zahrani\u010d\u00ed Israel Katz zak\u00e1zal Antoniovi Guterresovi vstup do zem\u011b za to, \u017ee nedok\u00e1zal odsoudit \u00cdr\u00e1n<\/strong><\/span><\/p>\n<p>Izrael prohl\u00e1sil gener\u00e1ln\u00edho tajemn\u00edka OSN Antonia Guterrese za personu non grata pot\u00e9, co vyzval k p\u0159\u00edm\u011b\u0159\u00ed po \u00edr\u00e1nsk\u00e9m \u00fatoku na \u017eidovsk\u00fd st\u00e1t a odsoudil roz\u0161i\u0159ov\u00e1n\u00ed konfliktu na Bl\u00edzk\u00e9m v\u00fdchod\u011b.<\/p>\n<p>V \u00fater\u00fd Teher\u00e1n vypustil n\u011bkolik salv raket v r\u00e1mci toho, co Sbor isl\u00e1msk\u00fdch revolu\u010dn\u00edch gard (IRGC) nazval reakc\u00ed na ned\u00e1vn\u00e9 izraelsk\u00e9 zabit\u00ed \u0161\u00e9f\u016f Ham\u00e1su a Hizball\u00e1hu a tak\u00e9 \u00edr\u00e1nsk\u00e9ho gener\u00e1la, kter\u00fd byl v Libanonu.<\/p>\n<p>V prohl\u00e1\u0161en\u00ed na X ve st\u0159edu izraelsk\u00fd ministr zahrani\u010d\u00ed Israel Katz ozn\u00e1mil, \u017ee Guterres ji\u017e nem\u00e1 povolen vstup do zem\u011b, a obvinil \u0161\u00e9fa OSN z toho, \u017ee neodsoudil \u00edr\u00e1nsk\u00fd\u00a0<em>\u201eohavn\u00fd \u00fatok\u201c.<\/em><\/p>\n<p><em>\u201eKa\u017ed\u00fd, kdo nem\u016f\u017ee jednozna\u010dn\u011b odsoudit ohavn\u00fd \u00fatok \u00cdr\u00e1nu na Izrael, jak to ud\u011blala t\u00e9m\u011b\u0159 ka\u017ed\u00e1 zem\u011b na sv\u011bt\u011b, si nezaslou\u017e\u00ed vkro\u010dit na izraelskou p\u016fdu,\u201c<\/em>\u00a0napsal ministr. Guterres tak\u00e9\u00a0<em>\u201ezat\u00edm neodsoudil masakr a sexu\u00e1ln\u00ed zv\u011brstva sp\u00e1chan\u00e1 vrahy Hamasu 7. \u0159\u00edjna\u201c<\/em>\u00a0a nevyvinul \u017e\u00e1dnou snahu prohl\u00e1sit palestinskou militantn\u00ed skupinu za teroristickou organizaci, dodal izraelsk\u00fd diplomat.<\/p>\n<p>Ministr d\u00e1le tvrdil, \u017ee Guterres\u00a0<em>\u201ebude vzpom\u00edn\u00e1n jako skvrna na historii OSN\u201c<\/em>\u00a0za to, \u017ee\u00a0<em>\u201epodporoval teroristy, n\u00e1siln\u00edky a vrahy z Ham\u00e1su, Hizball\u00e1hu, H\u00fas\u00ed\u016f a nyn\u00ed \u00cdr\u00e1nu\u201c.<\/em><\/p>\n<p>Po \u00edr\u00e1nsk\u00e9m \u00fatoku na Izrael Guterres v p\u0159\u00edsp\u011bvku na X \u0159ekl, \u017ee je\u00a0<em>\u201eextr\u00e9mn\u011b znepokojen eskalac\u00ed konfliktu v Libanonu\u201c<\/em>\u00a0a odsoudil celkov\u00e9 roz\u0161\u00ed\u0159en\u00ed bl\u00edzkov\u00fdchodn\u00edho konfliktu\u00a0<em>\u201eeskalac\u00ed za eskalac\u00ed\u201c.<\/em><\/p>\n<p><em>&#8222;Toto mus\u00ed skon\u010dit,&#8220;<\/em>\u00a0napsal gener\u00e1ln\u00ed tajemn\u00edk a zd\u016fraznil, \u017ee\u00a0<em>&#8222;nezbytn\u011b pot\u0159ebujeme p\u0159\u00edm\u011b\u0159\u00ed.&#8220;<\/em><\/p>\n<p>Zat\u00edmco Guterres dosud nekomentoval rozhodnut\u00ed Izraele zak\u00e1zat mu vstup do zem\u011b, mluv\u010d\u00ed Kremlu Dmitrij Peskov uvedl, \u017ee tento krok fakticky vylu\u010duje OSN z regulace konfliktu.<\/p>\n<p><em>\u201eV podstat\u011b vid\u00edme izraelsk\u00fd pohled, kter\u00fd \u0159\u00edk\u00e1, \u017ee Izrael nep\u0159ipou\u0161t\u00ed \u017e\u00e1dnou roli OSN. Situace v regionu je skute\u010dn\u011b extr\u00e9mn\u011b napjat\u00e1, vyz\u00fdv\u00e1me v\u0161echny ke zdr\u017eenlivosti,\u201c<\/em>\u00a0\u0159ekl Peskov.<\/p>\n<p><img decoding=\"async\" loading=\"lazy\" class=\"alignnone size-full wp-image-1185\" src=\"http:\/\/www.infokuryr.cz\/n\/wp-content\/uploads\/2021\/04\/kuryr-podpis.png\" alt=\"\" width=\"84\" height=\"24\" \/><\/p>\n<p>&nbsp;<\/p>\n","protected":false},"excerpt":{"rendered":"<p>Ministr zahrani\u010d\u00ed Israel Katz zak\u00e1zal Antoniovi Guterresovi vstup do zem\u011b za to, \u017ee nedok\u00e1zal odsoudit&#8230;<\/p>\n","protected":false},"author":2,"featured_media":39613,"comment_status":"closed","ping_status":"closed","sticky":false,"template":"","format":"standard","meta":[],"categories":[7],"tags":[1232,107,186,8013],"_links":{"self":[{"href":"https:\/\/www.infokuryr.cz\/n\/wp-json\/wp\/v2\/posts\/63445"}],"collection":[{"href":"https:\/\/www.infokuryr.cz\/n\/wp-json\/wp\/v2\/posts"}],"about":[{"href":"https:\/\/www.infokuryr.cz\/n\/wp-json\/wp\/v2\/types\/post"}],"author":[{"embeddable":true,"href":"https:\/\/www.infokuryr.cz\/n\/wp-json\/wp\/v2\/users\/2"}],"replies":[{"embeddable":true,"href":"https:\/\/www.infokuryr.cz\/n\/wp-json\/wp\/v2\/comments?post=63445"}],"version-history":[{"count":1,"href":"https:\/\/www.infokuryr.cz\/n\/wp-json\/wp\/v2\/posts\/63445\/revisions"}],"predecessor-version":[{"id":63446,"href":"https:\/\/www.infokuryr.cz\/n\/wp-json\/wp\/v2\/posts\/63445\/revisions\/63446"}],"wp:featuredmedia":[{"embeddable":true,"href":"https:\/\/www.infokuryr.cz\/n\/wp-json\/wp\/v2\/media\/39613"}],"wp:attachment":[{"href":"https:\/\/www.infokuryr.cz\/n\/wp-json\/wp\/v2\/media?parent=63445"}],"wp:term":[{"taxonomy":"category","embeddable":true,"href":"https:\/\/www.infokuryr.cz\/n\/wp-json\/wp\/v2\/categories?post=63445"},{"taxonomy":"post_tag","embeddable":true,"href":"https:\/\/www.infokuryr.cz\/n\/wp-json\/wp\/v2\/tags?post=63445"}],"curies":[{"name":"wp","href":"https:\/\/api.w.org\/{rel}","templated":true}]}}