{"id":6344,"date":"2021-11-22T10:39:44","date_gmt":"2021-11-22T09:39:44","guid":{"rendered":"http:\/\/www.infokuryr.cz\/n\/?p=6344"},"modified":"2021-11-22T10:39:44","modified_gmt":"2021-11-22T09:39:44","slug":"brusel-odvracel-pred-par-dny-krach-merklova-zasahovala-na-posledni-chvili-aby-odvratila-porazku-bruselu","status":"publish","type":"post","link":"https:\/\/www.infokuryr.cz\/n\/2021\/11\/22\/brusel-odvracel-pred-par-dny-krach-merklova-zasahovala-na-posledni-chvili-aby-odvratila-porazku-bruselu\/","title":{"rendered":"Brusel odvracel p\u0159ed p\u00e1r dny Krach! Merklov\u00e1 zasahovala na posledn\u00ed chv\u00edli, aby odvr\u00e1tila por\u00e1\u017eku Bruselu!"},"content":{"rendered":"<div id=\"fb-root\"><\/div>\n<p><strong>EU st\u00e1la p\u0159ed p\u00e1r dny t\u011bsn\u011b p\u0159ed sv\u00fdm krachem. Jeho p\u0159\u00ed\u010dinou je katastrofick\u00e1 ekonomick\u00e1 situace It\u00e1lie. Italsk\u00e9 vl\u00e1dn\u00ed dluhopisy nechce nikdo kupovat. Jakmile skon\u010d\u00ed (prodlou\u017een\u00fd) mechanismus PEPP, kter\u00fdm Brusel financuje It\u00e1lii z na\u0161ich pen\u011b\u017eenek &#8211; o\u010dek\u00e1v\u00e1 se rozpad EU! Proto\u017ee mechanismus PEPP vyvol\u00e1v\u00e1 po cel\u00e9 EU obrovskou inflaci (zdra\u017eov\u00e1n\u00ed v\u0161eho), je jasn\u00e9, \u017ee bude muset b\u00fdt brzy ukon\u010den. Prozat\u00edm bylo ukon\u010den\u00ed PEPP odlo\u017eeno na b\u0159ezen. It\u00e1lie je p\u0159\u00edli\u0161 velk\u00e1, na to aby \u201ebyla zachr\u00e1n\u011bna\u201c jako \u0158ecko. A p\u0159\u00edli\u0161 velk\u00e1, aby jej\u00ed krach neposlal Brusel do u\u010debnic historie. I proto, aby byl mechanismus PEPP udr\u017een co nejd\u00e9le p\u0159i \u017eivot\u011b, poslal minul\u00fd t\u00fdden Georg S\u00f6ros do Rakouska sv\u00e9ho syna Alexandra. A i proto minul\u00fd t\u00fdden Merklov\u00e1 vyjednala s Putinem a Luka\u0161enkem dohodu o uprchl\u00edc\u00edch<\/strong><\/p>\n<p><a class=\"media\" title=\"fefdk1oxoaaxxfn.jpg\" href=\"http:\/\/michalapetr.cz\/lib\/exe\/detail.php?id=start&amp;media=fefdk1oxoaaxxfn.jpg\"><img decoding=\"async\" class=\"mediacenter\" src=\"http:\/\/michalapetr.cz\/lib\/exe\/fetch.php?w=400&amp;tok=59aada&amp;media=fefdk1oxoaaxxfn.jpg\" alt=\"\" width=\"400\" \/><\/a><\/p>\n<p>V Bruselu jsou nerv\u00f3zn\u00ed. Jak\u00e1koli krize a nebo nespokojenost m\u016f\u017ee okam\u017eit\u011b eskalovat a sm\u00e9st probruselsk\u00e9 politiky. Minul\u00fd t\u00fdden 15-21. listopadu 2021 se Polsku poda\u0159ilo \u00fa\u010dinn\u011b zablokovat vlnu uprchl\u00edk\u016f z B\u011bloruska. Polsko neustoupilo\u00a0<a class=\"urlextern\" title=\"https:\/\/twitter.com\/EP_President\/status\/1461370764892913666\" href=\"https:\/\/twitter.com\/EP_President\/status\/1461370764892913666\" rel=\"nofollow\">ani Bruselu\u00a0<\/a>,\u00a0<a class=\"urlextern\" title=\"https:\/\/rmx.news\/poland\/anti-polish-propaganda-amplified-in-russian-and-belarusian-media\/\" href=\"https:\/\/rmx.news\/poland\/anti-polish-propaganda-amplified-in-russian-and-belarusian-media\/\" rel=\"nofollow\">ani Moskv\u011b\u00a0<\/a>,\u00a0<a class=\"urlextern\" title=\"https:\/\/www.infomigrants.net\/en\/post\/36602\/baby-confirmed-dead-at-polandbelarus-border\" href=\"https:\/\/www.infomigrants.net\/en\/post\/36602\/baby-confirmed-dead-at-polandbelarus-border\" rel=\"nofollow\">ani m\u00e9di\u00edm<\/a>, ani uprchl\u00edk\u016fm. Bruselu hrozila blam\u00e1\u017e a hlavn\u011b &#8211; Polsko uk\u00e1zalo cel\u00e9 Evrop\u011b v p\u0159\u00edm\u00e9m p\u0159enosu, \u017ee \u201euprchl\u00edci neprojdou\u201c, kdy\u017e se chce. Jakmile bylo polsk\u00e9 v\u00edt\u011bzstv\u00ed jasn\u00e9 &#8211; Brusel, Merklov\u00e1 a Luka\u0161enko se rychle dohodli na vy\u0159e\u0161en\u00ed situace stylem \u201ev\u00fdpaln\u00e9 jako Erdoganovi.\u201c. Za v\u0161\u00edm st\u00e1l strach Bruselu a Berl\u00edna,\u00a0<a class=\"urlextern\" title=\"https:\/\/wpolityce.pl\/polityka\/574633-merkel-sztucznie-wykreowala-kleske-by-uderzyc-w-polske\" href=\"https:\/\/wpolityce.pl\/polityka\/574633-merkel-sztucznie-wykreowala-kleske-by-uderzyc-w-polske\" rel=\"nofollow\">\u017ee proti-uprchlick\u00e1 politika bude inspirovat dal\u0161\u00ed Evropany k n\u00e1sledov\u00e1n\u00ed!<\/a><\/p>\n<p><a class=\"media\" title=\"fefs1jtxiaabkhq.jpg\" href=\"http:\/\/michalapetr.cz\/lib\/exe\/detail.php?id=start&amp;media=fefs1jtxiaabkhq.jpg\"><img decoding=\"async\" class=\"mediacenter\" src=\"http:\/\/michalapetr.cz\/lib\/exe\/fetch.php?w=400&amp;tok=e888f5&amp;media=fefs1jtxiaabkhq.jpg\" alt=\"\" width=\"400\" \/><\/a><\/p>\n<p><em>(Foto: Ma\u010farsk\u00fd ministr Peter Szijart\u00f3\u00a0vlevo 18.11.2021 na konferenci o zabr\u00e1n\u011bn\u00ed imigraci v Bosn\u011b.)<\/em><\/p>\n<p>Brusel pl\u00e1nuje p\u0159ed ukon\u010den\u00edm mechanismu PEPP prosadit\u00a0<strong>Povinn\u00e9 kv\u00f3ty na desetitis\u00edce imigrant\u016f pro ka\u017edou zemi EU!<\/strong>\u00a0Podle komisa\u0159ky Johanssonov\u00e9 je \u0159e\u0161en\u00edm, ne jako Polsko chr\u00e1nit hranici, ale z neleg\u00e1ln\u00edch imigrant\u016f ud\u011blat leg\u00e1ln\u00ed a dopravovat je do EU letadly! Tento t\u00fdden se budou pat\u0159i\u010dn\u00e9 sm\u011brnice projedn\u00e1vat v bruselsk\u00e9m parlamentu! C\u00edlem je dopravovat 3 miliony imigrant\u016f ro\u010dn\u011b do Evropy a povinn\u011b je rozmis\u0165ovat do v\u0161ech zem\u00ed. Brusel i Berl\u00edn v\u011bd\u00ed, \u017ee pl\u00e1n mus\u00ed prosadit p\u0159ed konce mechanismu PEPP, proto\u017ee po n\u011bm z\u0159ejm\u011b It\u00e1lie zkrachuje. Pl\u00e1n komisa\u0159ky Johanssonov\u00e9 z ned\u011ble 21. listopadu 2021, kter\u00fd jsem rozeb\u00edral v po\u0159adu,\u00a0<a class=\"urlextern\" title=\"https:\/\/ec.europa.eu\/commission\/commissioners\/2019-2024\/johansson\/blog\/timetodelivermigrationeu-no20-protect-our-borders-and-protect-people-we-are-shutting-down_en\" href=\"https:\/\/ec.europa.eu\/commission\/commissioners\/2019-2024\/johansson\/blog\/timetodelivermigrationeu-no20-protect-our-borders-and-protect-people-we-are-shutting-down_en\" rel=\"nofollow\">najdete zde<\/a>.<\/p>\n<p><a class=\"media\" title=\"feupcs5xwaa7gmo.jpg\" href=\"http:\/\/michalapetr.cz\/lib\/exe\/detail.php?id=start&amp;media=feupcs5xwaa7gmo.jpg\"><img decoding=\"async\" class=\"mediacenter\" src=\"http:\/\/michalapetr.cz\/lib\/exe\/fetch.php?w=400&amp;tok=8d4993&amp;media=feupcs5xwaa7gmo.jpg\" alt=\"\" width=\"400\" \/><\/a><\/p>\n<p><em>(Foto: Komisa\u0159ka Johanssonov\u00e1 \u0159\u00edd\u00ed 16.11.2021 v K\u00e1hi\u0159e poradu s NGO o emigraci do EU)<\/em><\/p>\n<p>Opakem Bruselsk\u00e9 a Berl\u00ednsk\u00e9 politiky je Polsko a Ma\u010farsko. Ma\u010farsk\u00fd ministr zahrani\u010d\u00ed Peter Szijart\u00f3 ve \u010dtvrtek 18. listopadu 2021 na porad\u011b, jak zabr\u00e1nit imigraci do EU obvinil Brusel, \u017ee jenom rozdm\u00fdch\u00e1v\u00e1 imigra\u010dn\u00ed vlny do Evropy, a jako jedin\u00e9 \u0159e\u0161en\u00ed m\u00e1, povinn\u011b rozd\u011blovat nepot\u0159ebn\u00e9 nepracuj\u00edc\u00ed imigranty. (Viz MAP 1028)\u00a0<strong><a class=\"urlextern\" title=\"https:\/\/magyarnemzet.hu\/kulfold\/2021\/11\/szijjarto-peter-szerint-szegyenteljes-brusszel-allaspontja-a-migracio-kerdeseben\" href=\"https:\/\/magyarnemzet.hu\/kulfold\/2021\/11\/szijjarto-peter-szerint-szegyenteljes-brusszel-allaspontja-a-migracio-kerdeseben\" rel=\"nofollow\">30-35 tis\u00edc Afg\u00e1nc\u016f podle Szijart\u00f3, ka\u017ed\u00fd den opou\u0161t\u00ed Afganist\u00e1n a sna\u017e\u00ed se dostat do EU\u00a0<\/a>.<\/strong>\u00a0Na Evropu se tak \u0159\u00edt\u00ed obrovsk\u00e1 uprchlick\u00e1 vlna. Podle Szijart\u00f3, je jedinou obranou ob\u010dan\u016f EU, ma\u010farsk\u00e9 a nebo polsk\u00e9 \u0159e\u0161en\u00ed &#8211; nevpustit \u017e\u00e1dn\u00e9 imigranty na \u00fazem\u00ed EU! Podle polsk\u00e9ho tisku,\u00a0<strong>je pr\u00e1v\u011b vytrvalost a \u00fasp\u011bchy Polska a Ma\u010farska v boji proti imigrant\u016fm, to \u010deho se Brusel nejv\u00edc boj\u00ed!<\/strong>\u00a0Ostatn\u011b i komisa\u0159ka Johanssonov\u00e1 po\u017eadovala v ned\u011bli 21. listopadu 2021, aby z m\u00e9di\u00ed p\u0159\u00ed\u0161t\u00ed rok zmizely titulky o \u201ezadr\u017eovan\u00fdch uprchl\u00edc\u00edch na polsk\u00e9 hranici\u201c, a byly nahrazeny titulky o tom, \u017ee\u00a0<strong>imigrace je nejv\u011bt\u0161\u00ed \u00fasp\u011bch EU<\/strong>!<\/p>\n<p><a class=\"media\" title=\"fen7fg1xiaminsl.jpg\" href=\"http:\/\/michalapetr.cz\/lib\/exe\/detail.php?id=start&amp;media=fen7fg1xiaminsl.jpg\"><img decoding=\"async\" class=\"mediacenter\" src=\"http:\/\/michalapetr.cz\/lib\/exe\/fetch.php?w=400&amp;tok=ac7821&amp;media=fen7fg1xiaminsl.jpg\" alt=\"\" width=\"400\" \/><\/a><\/p>\n<p><em>(Foto: Zablokovan\u00ed imigranti v listopadu 2021 na Polsko-B\u011blorusk\u00e9 hranici)<\/em><\/p>\n<p>N\u00e1\u0161 po\u0159ad najdete zde:\u00a0<a class=\"urlextern\" title=\"https:\/\/youtu.be\/4bVuWUikbno\" href=\"https:\/\/youtu.be\/4bVuWUikbno\" rel=\"nofollow\">MAP 1030<\/a><\/p>\n<p><a href=\"http:\/\/michalapetr.cz\/doku.php\">ZDROJ<\/a><\/p>\n","protected":false},"excerpt":{"rendered":"<p>EU st\u00e1la p\u0159ed p\u00e1r dny t\u011bsn\u011b p\u0159ed sv\u00fdm krachem. Jeho p\u0159\u00ed\u010dinou je katastrofick\u00e1 ekonomick\u00e1 situace&#8230;<\/p>\n","protected":false},"author":2,"featured_media":2405,"comment_status":"closed","ping_status":"closed","sticky":false,"template":"","format":"standard","meta":[],"categories":[7],"tags":[640,59,41,505,1496],"_links":{"self":[{"href":"https:\/\/www.infokuryr.cz\/n\/wp-json\/wp\/v2\/posts\/6344"}],"collection":[{"href":"https:\/\/www.infokuryr.cz\/n\/wp-json\/wp\/v2\/posts"}],"about":[{"href":"https:\/\/www.infokuryr.cz\/n\/wp-json\/wp\/v2\/types\/post"}],"author":[{"embeddable":true,"href":"https:\/\/www.infokuryr.cz\/n\/wp-json\/wp\/v2\/users\/2"}],"replies":[{"embeddable":true,"href":"https:\/\/www.infokuryr.cz\/n\/wp-json\/wp\/v2\/comments?post=6344"}],"version-history":[{"count":0,"href":"https:\/\/www.infokuryr.cz\/n\/wp-json\/wp\/v2\/posts\/6344\/revisions"}],"wp:featuredmedia":[{"embeddable":true,"href":"https:\/\/www.infokuryr.cz\/n\/wp-json\/wp\/v2\/media\/2405"}],"wp:attachment":[{"href":"https:\/\/www.infokuryr.cz\/n\/wp-json\/wp\/v2\/media?parent=6344"}],"wp:term":[{"taxonomy":"category","embeddable":true,"href":"https:\/\/www.infokuryr.cz\/n\/wp-json\/wp\/v2\/categories?post=6344"},{"taxonomy":"post_tag","embeddable":true,"href":"https:\/\/www.infokuryr.cz\/n\/wp-json\/wp\/v2\/tags?post=6344"}],"curies":[{"name":"wp","href":"https:\/\/api.w.org\/{rel}","templated":true}]}}