{"id":63435,"date":"2024-10-03T00:45:04","date_gmt":"2024-10-02T22:45:04","guid":{"rendered":"https:\/\/www.infokuryr.cz\/n\/?p=63435"},"modified":"2024-10-02T18:08:29","modified_gmt":"2024-10-02T16:08:29","slug":"nejmene-osm-izraelskych-vojaku-zabito-pri-prvnim-vniknuti-do-libanonu","status":"publish","type":"post","link":"https:\/\/www.infokuryr.cz\/n\/2024\/10\/03\/nejmene-osm-izraelskych-vojaku-zabito-pri-prvnim-vniknuti-do-libanonu\/","title":{"rendered":"Nejm\u00e9n\u011b osm izraelsk\u00fdch voj\u00e1k\u016f zabito p\u0159i prvn\u00edm vniknut\u00ed do Libanonu"},"content":{"rendered":"<div id=\"fb-root\"><\/div>\n<p><strong><span>Nejm\u00e9n\u011b osm izraelsk\u00fdch voj\u00e1k\u016f bylo zabito Hizball\u00e1hem 2. \u0159\u00edjna, kdy\u017e se izraelsk\u00e9 obrann\u00e9 s\u00edly (IDF) pokusily o prvn\u00ed v\u00e1\u017en\u00fd \u00fatok na ji\u017en\u00ed Libanon.<\/span><\/strong><\/p>\n<p><span>Hizball\u00e1h v samostatn\u00fdch prohl\u00e1\u0161en\u00edch ozn\u00e1mil, \u017ee jeho bojovn\u00edci za\u00fato\u010dili na izraelsk\u00e9 jednotky, kter\u00e9 postupovaly sm\u011brem k m\u011bst\u016fm Odaisseh, Maroun al-Ras, Yaroun a Kfarkela. Pozd\u011bji IDF p\u0159iznalo, \u017ee bylo zabito p\u011bt voj\u00e1k\u016f z jednotky komanda Egoz, dva z pr\u016fzkumn\u00e9 jednotky brig\u00e1dy Golani a jeden z bojov\u00e9 \u017eenijn\u00ed jednotky Yahalom.<\/span><\/p>\n<p><iframe loading=\"lazy\" src=\"https:\/\/s5.cdnstatic.space\/wp-content\/uploads\/2024\/10\/twitsave.com_9JGjGG6FFF8MRSXu.mp4\" width=\"600\" height=\"338\" data-mce-fragment=\"1\"><\/iframe><\/p>\n<p><iframe loading=\"lazy\" src=\"https:\/\/s5.cdnstatic.space\/wp-content\/uploads\/2024\/10\/twitsave.com_bTq6eFD6ANjJyRGU.mp4\" width=\"600\" height=\"338\" data-mce-fragment=\"1\"><\/iframe><\/p>\n<p><span>P\u011bt komand Egoz, v\u010detn\u011b velitele t\u00fdmu, a in\u017een\u00fdr Yahalom byli v\u0161ichni zabiti b\u011bhem p\u0159est\u0159elky s bojovn\u00edky Hizball\u00e1hu, podle IDF, kter\u00e1 uvedla, \u017ee p\u0159i stejn\u00e9m incidentu byli v\u00e1\u017en\u011b zran\u011bni dal\u0161\u00ed d\u016fstojn\u00edk a \u010dty\u0159i voj\u00e1ci.<\/span><\/p>\n<p><span>Arm\u00e1da tak\u00e9 uvedla, \u017ee dva voj\u00e1ci pr\u016fzkumn\u00e9 jednotky Golani byli zabiti p\u0159i samostatn\u00e9m incidentu, p\u0159i kter\u00e9m byl v\u00e1\u017en\u011b zran\u011bn dal\u0161\u00ed voj\u00e1k. P\u0159i t\u0159et\u00edm incidentu byl podle arm\u00e1dy v\u00e1\u017en\u011b zran\u011bn bojov\u00fd zdravotn\u00edk 51. praporu brig\u00e1dy Golani.<\/span><\/p>\n<p><span>Libanonsk\u00e1 arm\u00e1da v prohl\u00e1\u0161en\u00ed uvedla, \u017ee izraelsk\u00e9 jednotky postoupily asi 400 metr\u016f do Libanonu, ne\u017e se st\u00e1hly.<\/span><\/p>\n<p><span>Hizball\u00e1h ozn\u00e1mil dal\u0161\u00ed \u00fatoky proti IDF. Skupina ost\u0159elovala n\u011bkolik shrom\u00e1\u017ed\u011bn\u00ed pod\u00e9l libanonsk\u00e9 hranice, zas\u00e1hla skupinu voj\u00e1k\u016f mezi Odaisseh a m\u00edstem Misgav Am, za\u00fato\u010dila na d\u011blost\u0159eleck\u00e9 postaven\u00ed pobl\u00ed\u017e osady Neve Ziv a zni\u010dila t\u0159i hlavn\u00ed bojov\u00e9 tanky Merkava pobl\u00ed\u017e Maroun al-Ras pomoc\u00ed \u0159\u00edzen\u00fdch st\u0159el.<\/span><\/p>\n<p><span>Zat\u00edmco IDF zat\u00edm ozn\u00e1mila smrt osmi voj\u00e1k\u016f. Sky News Arabia s odvol\u00e1n\u00edm na izraelsk\u00e9 bezpe\u010dnostn\u00ed zdroje ozn\u00e1mila, \u017ee bylo zabito nejm\u00e9n\u011b 14 lid\u00ed. Dal\u0161\u00ed des\u00edtky byly \u00fadajn\u011b zabity.<\/span><\/p>\n<p><iframe loading=\"lazy\" src=\"https:\/\/s5.cdnstatic.space\/wp-content\/uploads\/2024\/10\/VID_20241002_134300.mp4\" width=\"600\" height=\"338\" data-mce-fragment=\"1\"><\/iframe><\/p>\n<p><span>St\u0159ety na libanonsko-izraelsk\u00e9 hranici poprv\u00e9 vypukly po za\u010d\u00e1tku v\u00e1lky v p\u00e1smu Gazy, kdy Hizball\u00e1h a jeho spojenci podnikali t\u00e9m\u011b\u0159 ka\u017edodenn\u00ed \u00fatoky na podporu palestinsk\u00e9 enkl\u00e1vy. Izrael eskaloval sv\u00e9 \u00fatoky na Libanon po\u010d\u00ednaje 17. z\u00e1\u0159\u00edm a 27. z\u00e1\u0159\u00ed zavra\u017edil gener\u00e1ln\u00edho tajemn\u00edka Hizball\u00e1hu Hasana Nassrall\u00e1ha. IDF ofici\u00e1ln\u011b ozn\u00e1milo zah\u00e1jen\u00ed pozemn\u00ed operace v Libanonu 30. z\u00e1\u0159\u00ed.<\/span><\/p>\n<p><span>Celkov\u011b si konfrontace mezi Hizball\u00e1hem a IDF dosud vy\u017e\u00e1dala 26 mrtv\u00fdch civilist\u016f v Izraeli a na okupovan\u00fdch syrsk\u00fdch Golansk\u00fdch v\u00fd\u0161in\u00e1ch a tak\u00e9 smrt nejm\u00e9n\u011b 30 voj\u00e1k\u016f a bezpe\u010dnostn\u00edch d\u016fstojn\u00edk\u016f. Na libanonsk\u00e9 stran\u011b bylo zabito nejm\u00e9n\u011b 1642 lid\u00ed, v\u010detn\u011b v\u00edce ne\u017e 500 \u010dlen\u016f Hizball\u00e1hu.<\/span><\/p>\n<p><img decoding=\"async\" loading=\"lazy\" class=\"alignnone size-full wp-image-1185\" src=\"http:\/\/www.infokuryr.cz\/n\/wp-content\/uploads\/2021\/04\/kuryr-podpis.png\" alt=\"\" width=\"84\" height=\"24\" \/><\/p>\n<p>&nbsp;<\/p>\n","protected":false},"excerpt":{"rendered":"<p>Nejm\u00e9n\u011b osm izraelsk\u00fdch voj\u00e1k\u016f bylo zabito Hizball\u00e1hem 2. \u0159\u00edjna, kdy\u017e se izraelsk\u00e9 obrann\u00e9 s\u00edly (IDF)&#8230;<\/p>\n","protected":false},"author":2,"featured_media":63436,"comment_status":"closed","ping_status":"closed","sticky":false,"template":"","format":"standard","meta":[],"categories":[7],"tags":[8012,107,405,353,111,5135],"_links":{"self":[{"href":"https:\/\/www.infokuryr.cz\/n\/wp-json\/wp\/v2\/posts\/63435"}],"collection":[{"href":"https:\/\/www.infokuryr.cz\/n\/wp-json\/wp\/v2\/posts"}],"about":[{"href":"https:\/\/www.infokuryr.cz\/n\/wp-json\/wp\/v2\/types\/post"}],"author":[{"embeddable":true,"href":"https:\/\/www.infokuryr.cz\/n\/wp-json\/wp\/v2\/users\/2"}],"replies":[{"embeddable":true,"href":"https:\/\/www.infokuryr.cz\/n\/wp-json\/wp\/v2\/comments?post=63435"}],"version-history":[{"count":0,"href":"https:\/\/www.infokuryr.cz\/n\/wp-json\/wp\/v2\/posts\/63435\/revisions"}],"wp:featuredmedia":[{"embeddable":true,"href":"https:\/\/www.infokuryr.cz\/n\/wp-json\/wp\/v2\/media\/63436"}],"wp:attachment":[{"href":"https:\/\/www.infokuryr.cz\/n\/wp-json\/wp\/v2\/media?parent=63435"}],"wp:term":[{"taxonomy":"category","embeddable":true,"href":"https:\/\/www.infokuryr.cz\/n\/wp-json\/wp\/v2\/categories?post=63435"},{"taxonomy":"post_tag","embeddable":true,"href":"https:\/\/www.infokuryr.cz\/n\/wp-json\/wp\/v2\/tags?post=63435"}],"curies":[{"name":"wp","href":"https:\/\/api.w.org\/{rel}","templated":true}]}}