{"id":63433,"date":"2024-10-03T00:44:50","date_gmt":"2024-10-02T22:44:50","guid":{"rendered":"https:\/\/www.infokuryr.cz\/n\/?p=63433"},"modified":"2024-10-02T18:05:23","modified_gmt":"2024-10-02T16:05:23","slug":"izraelska-armada-posila-do-libanonu-dalsi-vojaky-a-vydava-nove-evakuacni-prikazy","status":"publish","type":"post","link":"https:\/\/www.infokuryr.cz\/n\/2024\/10\/03\/izraelska-armada-posila-do-libanonu-dalsi-vojaky-a-vydava-nove-evakuacni-prikazy\/","title":{"rendered":"Izraelsk\u00e1 arm\u00e1da pos\u00edl\u00e1 do Libanonu dal\u0161\u00ed voj\u00e1ky a vyd\u00e1v\u00e1 nov\u00e9 evakua\u010dn\u00ed p\u0159\u00edkazy"},"content":{"rendered":"<div id=\"fb-root\"><\/div>\n<p><strong><span>Izraelsk\u00e9 obrann\u00e9 s\u00edly (IDF) 2. \u0159\u00edjna ozn\u00e1mily, \u017ee dal\u0161\u00ed divize byla nasazena v ji\u017en\u00edm Libanonu pro pozemn\u00ed operace proti Hizball\u00e1hu.<\/span><\/strong><\/p>\n<p><span>36. divize \u201eGa&#8217;ash\u201c se p\u0159ipoj\u00ed k 98. divizi, kter\u00e1 zah\u00e1jila pozemn\u00ed operace v Libanonu za\u010d\u00e1tkem tohoto t\u00fddne.<\/span><\/p>\n<p><span>IDF popsala pozemn\u00ed operace v ji\u017en\u00edm Libanonu, kter\u00e9 za\u010daly 30. z\u00e1\u0159\u00ed, jako \u201eomezen\u00e9, lokalizovan\u00e9 a c\u00edlen\u00e9 n\u00e1lety\u201c s c\u00edlem zni\u010dit infrastrukturu Hizball\u00e1hu v pohrani\u010dn\u00ed oblasti. Dosud nebyl hl\u00e1\u0161en \u017e\u00e1dn\u00fd postup Izraele.<\/span><\/p>\n<p><span>Tak\u00e9 2. \u0159\u00edjna vydaly IDF rozkaz libanonsk\u00fdm civilist\u016fm ve dvou des\u00edtk\u00e1ch m\u011bst na jihu Libanonu k okam\u017eit\u00e9 evakuaci.<\/span><\/p>\n<p><em>\u201eAktivita Hizball\u00e1hu nut\u00ed IDF jednat proti n\u011bmu. IDF si nep\u0159eje ubl\u00ed\u017eit v\u00e1m,\u201c \u0159\u00edk\u00e1 plukovn\u00edk Avichay Adraee, mluv\u010d\u00ed IDF v arab\u0161tin\u011b, v prohl\u00e1\u0161en\u00ed na X. \u201ePro va\u0161i bezpe\u010dnost mus\u00edte okam\u017eit\u011b evakuovat sv\u00e9 domovy. Ka\u017ed\u00fd, kdo je v bl\u00edzkosti agent\u016f Hizball\u00e1hu, jejich za\u0159\u00edzen\u00ed nebo zbran\u00ed, se vystavuje riziku.&#8220;<\/em><\/p>\n<p><span>Plukovn\u00edk Adraee tak\u00e9 \u0159ekl, \u017ee jak\u00fdkoli d\u016fm pou\u017e\u00edvan\u00fd Hizball\u00e1hem pro vojensk\u00e9 \u00fa\u010dely je c\u00edlem, a vyzval libanonsk\u00e9 civilisty, aby zam\u00ed\u0159ili na sever.<\/span><\/p>\n<p><em>\u201ePozor, neh\u00fdbejte se na jih! Jak\u00fdkoli pohyb na jih by mohl ohrozit v\u00e1\u0161 \u017eivot,\u201c dodal mluv\u010d\u00ed s t\u00edm, \u017ee IDF bude civilisty informovat, a\u017e se budou moci vr\u00e1tit.<\/em><\/p>\n<p><span>O den d\u0159\u00edve vydaly IDF podobn\u00e9 rozkazy 28 dal\u0161\u00edm m\u011bst\u016fm v ji\u017en\u00edm Libanonu. Arm\u00e1da tak\u00e9 varovala p\u0159ed jak\u00fdmkoli pohybem vozidel ze severu \u0159eky Litani na jih od n\u00ed.<\/span><\/p>\n<p><span>Od \u0159\u00edjnov\u00e9ho r\u00e1na Hizball\u00e1h vyp\u00e1lil na severn\u00ed Izrael v\u00edce ne\u017e sto raket, kter\u00e9 se zam\u011b\u0159ily p\u0159edev\u0161\u00edm na shrom\u00e1\u017ed\u011bn\u00ed IDF pod\u00e9l libanonsk\u00fdch hranic. Skupina tak\u00e9 ozn\u00e1mila, \u017ee jej\u00ed bojovn\u00edci se st\u0159etli s izraelskou jednotkou pobl\u00ed\u017e m\u011bsta Odaisseh. Prvotn\u00ed zpr\u00e1vy hebrejsk\u00fdch m\u00e9di\u00ed nazna\u010duj\u00ed, \u017ee bylo zabito nebo zran\u011bno asi 20 voj\u00e1k\u016f.<\/span><\/p>\n<p><span>St\u0159ety na libanonsko-izraelsk\u00e9 hranici poprv\u00e9 vypukly po za\u010d\u00e1tku v\u00e1lky v p\u00e1smu Gazy, kdy Hizball\u00e1h a jeho spojenci podnikali t\u00e9m\u011b\u0159 ka\u017edodenn\u00ed \u00fatoky na podporu palestinsk\u00e9 enkl\u00e1vy. Izrael eskaloval sv\u00e9 \u00fatoky na Libanon po\u010d\u00ednaje 17. z\u00e1\u0159\u00edm a 27. z\u00e1\u0159\u00ed zavra\u017edil gener\u00e1ln\u00edho tajemn\u00edka Hizball\u00e1hu Hasana Nassrall\u00e1ha. IDF ofici\u00e1ln\u011b ozn\u00e1milo zah\u00e1jen\u00ed pozemn\u00ed operace v Libanonu o t\u0159i dny pozd\u011bji.<\/span><\/p>\n<p><span>Celkov\u011b vzato, konfrontace mezi Hizball\u00e1hem a IDF m\u00e1 zat\u00edm za n\u00e1sledek 26 mrtv\u00fdch civilist\u016f v Izraeli a na okupovan\u00fdch syrsk\u00fdch Golansk\u00fdch v\u00fd\u0161in\u00e1ch a tak\u00e9 smrt nejm\u00e9n\u011b 22 voj\u00e1k\u016f a bezpe\u010dnostn\u00edch d\u016fstojn\u00edk\u016f. Na libanonsk\u00e9 stran\u011b bylo zabito nejm\u00e9n\u011b 1642 lid\u00ed, v\u010detn\u011b v\u00edce ne\u017e 500 \u010dlen\u016f Hizball\u00e1hu.<\/span><\/p>\n<p><img decoding=\"async\" loading=\"lazy\" class=\"alignnone size-full wp-image-1185\" src=\"http:\/\/www.infokuryr.cz\/n\/wp-content\/uploads\/2021\/04\/kuryr-podpis.png\" alt=\"\" width=\"84\" height=\"24\" \/><\/p>\n<p>&nbsp;<\/p>\n","protected":false},"excerpt":{"rendered":"<p>Izraelsk\u00e9 obrann\u00e9 s\u00edly (IDF) 2. \u0159\u00edjna ozn\u00e1mily, \u017ee dal\u0161\u00ed divize byla nasazena v ji\u017en\u00edm Libanonu&#8230;<\/p>\n","protected":false},"author":2,"featured_media":63434,"comment_status":"closed","ping_status":"closed","sticky":false,"template":"","format":"standard","meta":[],"categories":[7],"tags":[80,107,8011],"_links":{"self":[{"href":"https:\/\/www.infokuryr.cz\/n\/wp-json\/wp\/v2\/posts\/63433"}],"collection":[{"href":"https:\/\/www.infokuryr.cz\/n\/wp-json\/wp\/v2\/posts"}],"about":[{"href":"https:\/\/www.infokuryr.cz\/n\/wp-json\/wp\/v2\/types\/post"}],"author":[{"embeddable":true,"href":"https:\/\/www.infokuryr.cz\/n\/wp-json\/wp\/v2\/users\/2"}],"replies":[{"embeddable":true,"href":"https:\/\/www.infokuryr.cz\/n\/wp-json\/wp\/v2\/comments?post=63433"}],"version-history":[{"count":0,"href":"https:\/\/www.infokuryr.cz\/n\/wp-json\/wp\/v2\/posts\/63433\/revisions"}],"wp:featuredmedia":[{"embeddable":true,"href":"https:\/\/www.infokuryr.cz\/n\/wp-json\/wp\/v2\/media\/63434"}],"wp:attachment":[{"href":"https:\/\/www.infokuryr.cz\/n\/wp-json\/wp\/v2\/media?parent=63433"}],"wp:term":[{"taxonomy":"category","embeddable":true,"href":"https:\/\/www.infokuryr.cz\/n\/wp-json\/wp\/v2\/categories?post=63433"},{"taxonomy":"post_tag","embeddable":true,"href":"https:\/\/www.infokuryr.cz\/n\/wp-json\/wp\/v2\/tags?post=63433"}],"curies":[{"name":"wp","href":"https:\/\/api.w.org\/{rel}","templated":true}]}}