{"id":63432,"date":"2024-10-03T00:44:03","date_gmt":"2024-10-02T22:44:03","guid":{"rendered":"https:\/\/www.infokuryr.cz\/n\/?p=63432"},"modified":"2024-10-02T18:38:23","modified_gmt":"2024-10-02T16:38:23","slug":"husiove-uvedli-ze-zautocili-na-izrael-rizenymi-strelami","status":"publish","type":"post","link":"https:\/\/www.infokuryr.cz\/n\/2024\/10\/03\/husiove-uvedli-ze-zautocili-na-izrael-rizenymi-strelami\/","title":{"rendered":"H\u00fas\u00edov\u00e9 uvedli, \u017ee za\u00fato\u010dili na Izrael \u0159\u00edzen\u00fdmi st\u0159elami"},"content":{"rendered":"<div id=\"fb-root\"><\/div>\n<p><strong>H\u00fas\u00edov\u00e9 (Ansar Allah) v Jemenu 2. \u0159\u00edjna ozn\u00e1mili, \u017ee odp\u00e1lili \u0159\u00edzen\u00e9 st\u0159ely na Izrael na podporu p\u00e1sma Gazy a Libanonu.<\/strong><\/p>\n<p>T\u0159i \u0159\u00edzen\u00e9 st\u0159ely Quds-5 byly odp\u00e1leny na vojensk\u00e9 pozice \u201ev hloubce sionistick\u00e9 entity v okupovan\u00e9 Palestin\u011b,\u201c uvedl mluv\u010d\u00ed arm\u00e1dy Houthi brig\u00e1dn\u00ed gener\u00e1l Yahya Sarea v prohl\u00e1\u0161en\u00ed a tvrdil, \u017ee se raket\u00e1m \u201eda\u0159ilo \u00fasp\u011b\u0161n\u011b dos\u00e1hnout sv\u00fdch c\u00edl\u016f\u201c.<\/p>\n<p>K \u00fatoku do\u0161lo necel\u00fd den pot\u00e9, co \u00cdr\u00e1n zah\u00e1jil rozs\u00e1hl\u00fd \u00fatok proti Izraeli s p\u0159ibli\u017en\u011b 200 balistick\u00fdmi raketami, kter\u00e9 zam\u00ed\u0159ily na n\u011bkolik kl\u00ed\u010dov\u00fdch zpravodajsk\u00fdch a vojensk\u00fdch z\u00e1kladen po cel\u00e9 zemi a poslaly kolem deseti milion\u016f lid\u00ed do protileteck\u00fdch kryt\u016f.<\/p>\n<p><em>\u201eJemensk\u00e9 ozbrojen\u00e9 s\u00edly \u017eehnaj\u00ed druh\u00e9 \u00edr\u00e1nsk\u00e9 operaci Prav\u00e9ho p\u0159\u00edslibu proti izraelsk\u00e9mu nep\u0159\u00edteli a potvrzuj\u00ed svou p\u0159ipravenost z\u00fa\u010dastnit se jak\u00fdchkoli spole\u010dn\u00fdch vojensk\u00fdch operac\u00ed proti izraelsk\u00e9mu nep\u0159\u00edteli za v\u00edt\u011bzstv\u00ed palestinsk\u00e9ho a libanonsk\u00e9ho lidu a v reakci na jakoukoli izraelskou agresi zam\u011b\u0159enou na podp\u016frn\u00e9 fronty,\u201c brig. \u0158ekla gener\u00e1l Sarea.<\/em><\/p>\n<p><em>\u201eJemensk\u00e9 ozbrojen\u00e9 s\u00edly potvrzuj\u00ed, \u017ee pokra\u010duj\u00edc\u00ed americk\u00e1 a britsk\u00e1 podpora izraelsk\u00e9ho nep\u0159\u00edtele stav\u00ed americk\u00e9 a britsk\u00e9 z\u00e1jmy v regionu pod palbu a \u017ee nebudou v\u00e1hat s pomoc\u00ed V\u0161emohouc\u00edho Boha roz\u0161\u00ed\u0159it sv\u00e9 vojensk\u00e9 operace proti izraelsk\u00e9mu nep\u0159\u00edteli. a ti za n\u00ed, dokud se agrese nezastav\u00ed a oble\u017een\u00ed Gazy nebude zru\u0161eno, stejn\u011b jako agrese na Libanon se nezastav\u00ed,\u201c dodal.<\/em><\/p>\n<p>Nad Izraelem bylo 1. a 2. \u0159\u00edjna hl\u00e1\u0161eno n\u011bkolik odposlech\u016f. St\u00e1le v\u0161ak nen\u00ed jasn\u00e9, zda n\u011bkter\u00e9 z nich bylo spojeno s \u00fatokem H\u00fas\u00ed\u016f.<\/p>\n<p>Od listopadu H\u00fas\u00edov\u00e9, kte\u0159\u00ed jsou podporov\u00e1ni \u00cdr\u00e1nem, za\u00fato\u010dili v reakci na des\u00edtky plavidel spojen\u00fdch s Izraelem nebo vlastn\u011bn\u00fdch Spojen\u00fdmi st\u00e1ty a Spojen\u00fdm kr\u00e1lovstv\u00edm v Rud\u00e9m mo\u0159i, Adensk\u00e9m z\u00e1livu, Arabsk\u00e9m mo\u0159i, Indick\u00e9m oce\u00e1nu a St\u0159edozemn\u00edm mo\u0159i. k izraelsk\u00e9 v\u00e1lce v Gaze.<\/p>\n<p>Skupina tak\u00e9 vypustila des\u00edtky dron\u016f a raket na Izrael a sest\u0159elila nejm\u00e9n\u011b jeden\u00e1ct bojov\u00fdch dron\u016f americk\u00e9 v\u00fdroby nad Jemenem a bl\u00edzk\u00fdmi vodami.<\/p>\n<p>Spojen\u00e9 st\u00e1ty a Velk\u00e1 Brit\u00e1nie podnikly od ledna stovky \u00fader\u016f na oblasti v Jemenu kontrolovan\u00e9 Houthi. Izrael tak\u00e9 v \u010dervenci a z\u00e1\u0159\u00ed zah\u00e1jil dv\u011b vlny \u00fader\u016f proti civiln\u00ed infrastruktu\u0159e v provincii al-Hodeidah na z\u00e1pad\u011b Jemenu.<\/p>\n<p>Navzdory zabit\u00ed t\u00e9m\u011b\u0159 60 lid\u00ed v Jemenu se leteck\u00e9 kampani pod veden\u00edm USA nepoda\u0159ilo H\u00fas\u00edje odradit ani sn\u00ed\u017eit jejich vojensk\u00e9 schopnosti.<\/p>\n<p><img decoding=\"async\" loading=\"lazy\" class=\"alignnone size-full wp-image-1185\" src=\"http:\/\/www.infokuryr.cz\/n\/wp-content\/uploads\/2021\/04\/kuryr-podpis.png\" alt=\"\" width=\"84\" height=\"24\" \/><\/p>\n<p>&nbsp;<\/p>\n","protected":false},"excerpt":{"rendered":"<p>H\u00fas\u00edov\u00e9 (Ansar Allah) v Jemenu 2. \u0159\u00edjna ozn\u00e1mili, \u017ee odp\u00e1lili \u0159\u00edzen\u00e9 st\u0159ely na Izrael na&#8230;<\/p>\n","protected":false},"author":2,"featured_media":52507,"comment_status":"closed","ping_status":"closed","sticky":false,"template":"","format":"standard","meta":[],"categories":[7],"tags":[6184,107,349],"_links":{"self":[{"href":"https:\/\/www.infokuryr.cz\/n\/wp-json\/wp\/v2\/posts\/63432"}],"collection":[{"href":"https:\/\/www.infokuryr.cz\/n\/wp-json\/wp\/v2\/posts"}],"about":[{"href":"https:\/\/www.infokuryr.cz\/n\/wp-json\/wp\/v2\/types\/post"}],"author":[{"embeddable":true,"href":"https:\/\/www.infokuryr.cz\/n\/wp-json\/wp\/v2\/users\/2"}],"replies":[{"embeddable":true,"href":"https:\/\/www.infokuryr.cz\/n\/wp-json\/wp\/v2\/comments?post=63432"}],"version-history":[{"count":0,"href":"https:\/\/www.infokuryr.cz\/n\/wp-json\/wp\/v2\/posts\/63432\/revisions"}],"wp:featuredmedia":[{"embeddable":true,"href":"https:\/\/www.infokuryr.cz\/n\/wp-json\/wp\/v2\/media\/52507"}],"wp:attachment":[{"href":"https:\/\/www.infokuryr.cz\/n\/wp-json\/wp\/v2\/media?parent=63432"}],"wp:term":[{"taxonomy":"category","embeddable":true,"href":"https:\/\/www.infokuryr.cz\/n\/wp-json\/wp\/v2\/categories?post=63432"},{"taxonomy":"post_tag","embeddable":true,"href":"https:\/\/www.infokuryr.cz\/n\/wp-json\/wp\/v2\/tags?post=63432"}],"curies":[{"name":"wp","href":"https:\/\/api.w.org\/{rel}","templated":true}]}}