{"id":6343,"date":"2021-11-22T10:04:45","date_gmt":"2021-11-22T09:04:45","guid":{"rendered":"http:\/\/www.infokuryr.cz\/n\/?p=6343"},"modified":"2021-11-22T10:04:45","modified_gmt":"2021-11-22T09:04:45","slug":"celosvetove-protesty-proti-politice-korony-pokud-nas-slysite-pomozte-nam","status":"publish","type":"post","link":"https:\/\/www.infokuryr.cz\/n\/2021\/11\/22\/celosvetove-protesty-proti-politice-korony-pokud-nas-slysite-pomozte-nam\/","title":{"rendered":"Celosv\u011btov\u00e9 protesty proti politice korony: \u201ePokud n\u00e1s sly\u0161\u00edte, pomozte n\u00e1m\u201c"},"content":{"rendered":"<div id=\"fb-root\"><\/div>\n<p><span>Tento v\u00edkend prob\u011bhly protesty proti koronov\u00e9 politice po cel\u00e9m sv\u011bt\u011b.\u00a0<\/span><span>Desetitis\u00edce lid\u00ed byly v ulic\u00edch v Austr\u00e1lii, Rusku, Makedonii, Chorvatsku, It\u00e1lii, D\u00e1nsku, Velk\u00e9 Brit\u00e1nii, Rakousku, Francii a Nizozemsku.<\/span><\/p>\n<div class=\"Text-root Text-type_5 ArticleView-text ViewText-root \">\n<p><span>V\u0161ichni protestovali proti blokov\u00e1n\u00ed, regulac\u00edm 2G, zelen\u00fdm pas\u016fm, po\u017eadavk\u016fm na o\u010dkov\u00e1n\u00ed a obecn\u011b proti omezov\u00e1n\u00ed svobody v koronavirov\u00e9 krizi.\u00a0Mezi \u00fa\u0159edn\u00edky a demonstranty doch\u00e1zelo k opakovan\u00fdm n\u00e1siln\u00fdm st\u0159et\u016fm.\u00a0Do\u0161lo ke zran\u011bn\u00edm a n\u011bkolika zat\u010den\u00edm.<\/span><\/p>\n<p><span>Vl\u00e1dy po cel\u00e9m sv\u011bt\u011b prohla\u0161uj\u00ed, \u017ee p\u0159ij\u00edmaj\u00ed tato opat\u0159en\u00ed, aby zastavily \u0161\u00ed\u0159en\u00ed koronaviru a cht\u011bj\u00ed kone\u010dn\u011b porazit koronavirovou krizi.\u00a0Vzhledem k rostouc\u00edmu po\u010dtu pozitivn\u00edch v\u00fdsledk\u016f test\u016f a \u010detn\u00fdm \u00famrt\u00edm souvisej\u00edc\u00edm s COVID-19 jsou \u00fa\u0159ady nuceny p\u0159ijmout ochrann\u00e1 opat\u0159en\u00ed. Ot\u00e1zkou z\u016fst\u00e1v\u00e1 v r\u00e1mci \u010deho p\u0159ij\u00edmaj\u00ed tzv. ochrann\u00e1 opat\u0159en\u00ed? V r\u00e1mci l\u017eiv\u00e9 pl\u00e1ndemie!<\/span><\/p>\n<p>&nbsp;<\/p>\n<div class=\"EmbedBlock-root EmbedBlock-all\">\n<div class=\"AllEmbed\"><iframe loading=\"lazy\" src=\"https:\/\/www.facebook.com\/plugins\/video.php?height=314&amp;href=https%3A%2F%2Fwww.facebook.com%2Frtde%2Fvideos%2F4438203086297183%2F&amp;show_text=false&amp;width=560&amp;t=0\" width=\"560\" height=\"314\" frameborder=\"0\" scrolling=\"no\" allowfullscreen=\"allowfullscreen\" data-mce-fragment=\"1\"><\/iframe><\/div>\n<\/div>\n<p>&nbsp;<\/p>\n<\/div>\n<div class=\"ArticleView-rotatorBanners\">\n<div class=\"CookiesBanner-isReact\" data-rtcomponent=\"RotatorBanner\">\n<div class=\"RotatorBanner-text\"><img decoding=\"async\" loading=\"lazy\" class=\"alignnone size-full wp-image-1185\" src=\"http:\/\/www.infokuryr.cz\/n\/wp-content\/uploads\/2021\/04\/kuryr-podpis.png\" alt=\"\" width=\"84\" height=\"24\" \/><\/div>\n<\/div>\n<\/div>\n","protected":false},"excerpt":{"rendered":"<p>Tento v\u00edkend prob\u011bhly protesty proti koronov\u00e9 politice po cel\u00e9m sv\u011bt\u011b.\u00a0Desetitis\u00edce lid\u00ed byly v ulic\u00edch v&#8230;<\/p>\n","protected":false},"author":2,"featured_media":4394,"comment_status":"closed","ping_status":"closed","sticky":false,"template":"","format":"standard","meta":[],"categories":[7],"tags":[23,95,276],"_links":{"self":[{"href":"https:\/\/www.infokuryr.cz\/n\/wp-json\/wp\/v2\/posts\/6343"}],"collection":[{"href":"https:\/\/www.infokuryr.cz\/n\/wp-json\/wp\/v2\/posts"}],"about":[{"href":"https:\/\/www.infokuryr.cz\/n\/wp-json\/wp\/v2\/types\/post"}],"author":[{"embeddable":true,"href":"https:\/\/www.infokuryr.cz\/n\/wp-json\/wp\/v2\/users\/2"}],"replies":[{"embeddable":true,"href":"https:\/\/www.infokuryr.cz\/n\/wp-json\/wp\/v2\/comments?post=6343"}],"version-history":[{"count":0,"href":"https:\/\/www.infokuryr.cz\/n\/wp-json\/wp\/v2\/posts\/6343\/revisions"}],"wp:featuredmedia":[{"embeddable":true,"href":"https:\/\/www.infokuryr.cz\/n\/wp-json\/wp\/v2\/media\/4394"}],"wp:attachment":[{"href":"https:\/\/www.infokuryr.cz\/n\/wp-json\/wp\/v2\/media?parent=6343"}],"wp:term":[{"taxonomy":"category","embeddable":true,"href":"https:\/\/www.infokuryr.cz\/n\/wp-json\/wp\/v2\/categories?post=6343"},{"taxonomy":"post_tag","embeddable":true,"href":"https:\/\/www.infokuryr.cz\/n\/wp-json\/wp\/v2\/tags?post=6343"}],"curies":[{"name":"wp","href":"https:\/\/api.w.org\/{rel}","templated":true}]}}