{"id":6341,"date":"2021-11-22T09:57:28","date_gmt":"2021-11-22T08:57:28","guid":{"rendered":"http:\/\/www.infokuryr.cz\/n\/?p=6341"},"modified":"2021-11-22T09:58:35","modified_gmt":"2021-11-22T08:58:35","slug":"pri-narazu-do-davu-ve-wisconsinu-bylo-zabito-pet-lidi-a-vice-nez-40-zraneno","status":"publish","type":"post","link":"https:\/\/www.infokuryr.cz\/n\/2021\/11\/22\/pri-narazu-do-davu-ve-wisconsinu-bylo-zabito-pet-lidi-a-vice-nez-40-zraneno\/","title":{"rendered":"P\u0159i n\u00e1razu do davu ve Wisconsinu bylo zabito p\u011bt lid\u00ed a v\u00edce ne\u017e 40 zran\u011bno"},"content":{"rendered":"<div id=\"fb-root\"><\/div>\n<p>N\u00e1sledkem n\u00e1razu auta do davu na sv\u00e1te\u010dn\u00edm pr\u016fvodu v americk\u00e9m m\u011bst\u011b Waukesha ve st\u00e1t\u011b Wisconsin bylo zabito p\u011bt lid\u00ed a v\u00edce ne\u017e 40 zran\u011bno.<\/p>\n<p>Tak to bylo <a href=\"https:\/\/apnews.com\/article\/lifestyle-wisconsin-milwaukee-parades-04a0b91b3b7eed244145fe30ab805c73\" target=\"_blank\" rel=\"noopener noreferrer\">hl\u00e1\u0161eno<\/a> agenturou Associated Press s odvol\u00e1n\u00edm na prohl\u00e1\u0161en\u00ed od m\u00edstn\u00edch \u00fa\u0159ad\u016f.<\/p>\n<p>Policie uvedla, \u017ee po\u010det ob\u011bt\u00ed se m\u016f\u017ee zm\u011bnit.<\/p>\n<p>Po pohotovosti byl zadr\u017een jeden \u010dlov\u011bk, o jeho motivech nejsou \u017e\u00e1dn\u00e9 informace.<\/p>\n<p>Ji\u017e d\u0159\u00edve se psalo o tom, \u017ee\u00a0<a href=\"https:\/\/russian.rt.com\/world\/foto\/930438-viskonsin-avtomobil-naezd-rozhdestvenskii-parad\" target=\"_blank\" rel=\"noopener noreferrer\">auto srazilo \u00fa\u010dastn\u00edky v\u00e1no\u010dn\u00edho pr\u016fvodu<\/a>\u00a0v americk\u00e9m m\u011bst\u011b Waukesha.<\/p>\n<p><img decoding=\"async\" loading=\"lazy\" class=\"alignnone size-full wp-image-1185\" src=\"http:\/\/www.infokuryr.cz\/n\/wp-content\/uploads\/2021\/04\/kuryr-podpis.png\" alt=\"\" width=\"84\" height=\"24\" \/><\/p>\n<p>&nbsp;<\/p>\n","protected":false},"excerpt":{"rendered":"<p>N\u00e1sledkem n\u00e1razu auta do davu na sv\u00e1te\u010dn\u00edm pr\u016fvodu v americk\u00e9m m\u011bst\u011b Waukesha ve st\u00e1t\u011b Wisconsin&#8230;<\/p>\n","protected":false},"author":2,"featured_media":6342,"comment_status":"closed","ping_status":"closed","sticky":false,"template":"","format":"standard","meta":[],"categories":[7],"tags":[37,723],"_links":{"self":[{"href":"https:\/\/www.infokuryr.cz\/n\/wp-json\/wp\/v2\/posts\/6341"}],"collection":[{"href":"https:\/\/www.infokuryr.cz\/n\/wp-json\/wp\/v2\/posts"}],"about":[{"href":"https:\/\/www.infokuryr.cz\/n\/wp-json\/wp\/v2\/types\/post"}],"author":[{"embeddable":true,"href":"https:\/\/www.infokuryr.cz\/n\/wp-json\/wp\/v2\/users\/2"}],"replies":[{"embeddable":true,"href":"https:\/\/www.infokuryr.cz\/n\/wp-json\/wp\/v2\/comments?post=6341"}],"version-history":[{"count":0,"href":"https:\/\/www.infokuryr.cz\/n\/wp-json\/wp\/v2\/posts\/6341\/revisions"}],"wp:featuredmedia":[{"embeddable":true,"href":"https:\/\/www.infokuryr.cz\/n\/wp-json\/wp\/v2\/media\/6342"}],"wp:attachment":[{"href":"https:\/\/www.infokuryr.cz\/n\/wp-json\/wp\/v2\/media?parent=6341"}],"wp:term":[{"taxonomy":"category","embeddable":true,"href":"https:\/\/www.infokuryr.cz\/n\/wp-json\/wp\/v2\/categories?post=6341"},{"taxonomy":"post_tag","embeddable":true,"href":"https:\/\/www.infokuryr.cz\/n\/wp-json\/wp\/v2\/tags?post=6341"}],"curies":[{"name":"wp","href":"https:\/\/api.w.org\/{rel}","templated":true}]}}