{"id":63398,"date":"2024-10-02T05:46:58","date_gmt":"2024-10-02T03:46:58","guid":{"rendered":"https:\/\/www.infokuryr.cz\/n\/?p=63398"},"modified":"2024-10-02T05:46:58","modified_gmt":"2024-10-02T03:46:58","slug":"blizky-vychod-na-pokraji-totalni-katastrofy-izraelska-agrese-se-rozsiruje","status":"publish","type":"post","link":"https:\/\/www.infokuryr.cz\/n\/2024\/10\/02\/blizky-vychod-na-pokraji-totalni-katastrofy-izraelska-agrese-se-rozsiruje\/","title":{"rendered":"Bl\u00edzk\u00fd v\u00fdchod na pokraji tot\u00e1ln\u00ed katastrofy: izraelsk\u00e1 agrese se roz\u0161i\u0159uje"},"content":{"rendered":"<div id=\"fb-root\"><\/div>\n<p><strong><span>D\u00edky rozs\u00e1hl\u00fdm n\u00e1let\u016fm na Libanon, S\u00fdrii a Jemen a tak\u00e9 pozemn\u00ed ofenziv\u011b v ji\u017en\u00edm Libanonu bl\u00edzkov\u00fdchodn\u00ed konflikt d\u00e1le eskaluje. Izrael je st\u00e1le v\u00edce konfrontov\u00e1n s v\u00e1lkou na mnoha front\u00e1ch, kter\u00e1 by se mohla rozvinout v region\u00e1ln\u00ed po\u017e\u00e1r.<\/span><\/strong><\/p>\n<p><span>Izrael roz\u0161\u00ed\u0159il sv\u00e9 vojensk\u00e9 operace na n\u011bkolika front\u00e1ch. Krom\u011b masivn\u00edch leteck\u00fdch \u00fatok\u016f na Libanon, S\u00fdrii a Jemen nyn\u00ed izraelsk\u00e1 arm\u00e1da zah\u00e1jila tak\u00e9 omezenou pozemn\u00ed ofenz\u00edvu na jih Libanonu. Pod kryc\u00edm n\u00e1zvem \u201eOperace Northern Arrows\u201c postoupily izraelsk\u00e9 pozemn\u00ed jednotky v \u00fater\u00fd ve\u010der na libanonsk\u00e9 \u00fazem\u00ed. Izraelsk\u00e1 arm\u00e1da\u00a0<\/span><a href=\"https:\/\/www.israelnationalnews.com\/flashes\/641124\"><span>hovo\u0159\u00ed o<\/span><\/a><span> \u201eomezen\u00fdch, lokalizovan\u00fdch a c\u00edlen\u00fdch n\u00e1letech proti teroristick\u00fdm c\u00edl\u016fm Hizball\u00e1hu\u201c pobl\u00ed\u017e hranic. Pozemn\u00ed jednotky jsou podporov\u00e1ny letectvem a d\u011blost\u0159electvem.<\/span><\/p>\n<p><span>Ofenziva n\u00e1sleduje po dnech intenzivn\u00edch leteck\u00fdch \u00fatok\u016f, kter\u00e9 zabily tak\u00e9 v\u016fdce Hizball\u00e1hu Hasana Nasrall\u00e1ha. Jeho smrt minul\u00fd p\u00e1tek znamenala obrat v ji\u017e tak napjat\u00e9 situaci. Izrael pot\u00e9 roz\u0161\u00ed\u0159il sv\u00e9 \u00fatoky na libanonskou metropoli Bejr\u00fat \u2013 poprv\u00e9 od libanonsk\u00e9 v\u00e1lky v roce 2006 chce arm\u00e1da\u00a0<\/span><a href=\"https:\/\/www.cnn.com\/world\/live-news\/israel-lebanon-war-hezbollah-09-30-24-intl-hnk\/index.html\"><span>podle v\u0161eho<\/span><\/a><span>\u00a0vytvo\u0159it demilitarizovanou z\u00f3nu v hloubce asi 15 kilometr\u016f a zatla\u010dit \u0161\u00editsk\u00e9 milice Hizball\u00e1h zp\u011bt od izraelsk\u00fdch hranic. zpr\u00e1vy.<\/span><\/p>\n<figure class=\"wp-block-embed is-type-rich is-provider-twitter wp-block-embed-twitter\">\n<div class=\"wp-block-embed__wrapper\">\n<div class=\"twitter-tweet twitter-tweet-rendered\"><iframe id=\"twitter-widget-0\" class=\"\" title=\"X p\u0159\u00edsp\u011bvek\" src=\"https:\/\/platform.twitter.com\/embed\/Tweet.html?dnt=true&amp;embedId=twitter-widget-0&amp;features=eyJ0ZndfdGltZWxpbmVfbGlzdCI6eyJidWNrZXQiOltdLCJ2ZXJzaW9uIjpudWxsfSwidGZ3X2ZvbGxvd2VyX2NvdW50X3N1bnNldCI6eyJidWNrZXQiOnRydWUsInZlcnNpb24iOm51bGx9LCJ0ZndfdHdlZXRfZWRpdF9iYWNrZW5kIjp7ImJ1Y2tldCI6Im9uIiwidmVyc2lvbiI6bnVsbH0sInRmd19yZWZzcmNfc2Vzc2lvbiI6eyJidWNrZXQiOiJvbiIsInZlcnNpb24iOm51bGx9LCJ0ZndfZm9zbnJfc29mdF9pbnRlcnZlbnRpb25zX2VuYWJsZWQiOnsiYnVja2V0Ijoib24iLCJ2ZXJzaW9uIjpudWxsfSwidGZ3X21peGVkX21lZGlhXzE1ODk3Ijp7ImJ1Y2tldCI6InRyZWF0bWVudCIsInZlcnNpb24iOm51bGx9LCJ0ZndfZXhwZXJpbWVudHNfY29va2llX2V4cGlyYXRpb24iOnsiYnVja2V0IjoxMjA5NjAwLCJ2ZXJzaW9uIjpudWxsfSwidGZ3X3Nob3dfYmlyZHdhdGNoX3Bpdm90c19lbmFibGVkIjp7ImJ1Y2tldCI6Im9uIiwidmVyc2lvbiI6bnVsbH0sInRmd19kdXBsaWNhdGVfc2NyaWJlc190b19zZXR0aW5ncyI6eyJidWNrZXQiOiJvbiIsInZlcnNpb24iOm51bGx9LCJ0ZndfdXNlX3Byb2ZpbGVfaW1hZ2Vfc2hhcGVfZW5hYmxlZCI6eyJidWNrZXQiOiJvbiIsInZlcnNpb24iOm51bGx9LCJ0ZndfdmlkZW9faGxzX2R5bmFtaWNfbWFuaWZlc3RzXzE1MDgyIjp7ImJ1Y2tldCI6InRydWVfYml0cmF0ZSIsInZlcnNpb24iOm51bGx9LCJ0ZndfbGVnYWN5X3RpbWVsaW5lX3N1bnNldCI6eyJidWNrZXQiOnRydWUsInZlcnNpb24iOm51bGx9LCJ0ZndfdHdlZXRfZWRpdF9mcm9udGVuZCI6eyJidWNrZXQiOiJvbiIsInZlcnNpb24iOm51bGx9fQ%3D%3D&amp;frame=false&amp;hideCard=false&amp;hideThread=false&amp;id=1840847183764963610&amp;lang=cs&amp;origin=https%3A%2F%2Freport24.news%2Fnahost-am-abgrund-israels-offensive-weitet-sich-aus%2F&amp;sessionId=7d283166a0ed702aaec41431086d0543b6a4323b&amp;theme=light&amp;widgetsVersion=2615f7e52b7e0%3A1702314776716&amp;width=550px\" frameborder=\"0\" scrolling=\"no\" allowfullscreen=\"allowfullscreen\" data-tweet-id=\"1840847183764963610\" data-mce-fragment=\"1\"><\/iframe><\/div>\n<\/div>\n<\/figure>\n<p><span>Konflikt se ale ji\u017e neomezuje pouze na Libanon. Izrael o v\u00edkendu provedl\u00a0<\/span><a href=\"https:\/\/www.axios.com\/2024\/09\/29\/israel-airstrike-yemen-port\"><span>masivn\u00ed n\u00e1lety<\/span><\/a><span> na jemensk\u00fd p\u0159\u00edstav Hodeidah. Podle jemensk\u00e9ho ministerstva zdravotnictv\u00ed byli zabiti nejm\u00e9n\u011b \u010dty\u0159i lid\u00e9. \u00cdr\u00e1nem podporovan\u00ed povstalci Houthi v Jemenu p\u0159edt\u00edm n\u011bkolikr\u00e1t vyp\u00e1lili rakety na Izrael a tak\u00e9 zah\u00e1jili palbu na americk\u00e9 v\u00e1le\u010dn\u00e9 lod\u011b.<\/span><\/p>\n<figure class=\"wp-block-embed is-type-rich is-provider-twitter wp-block-embed-twitter\">\n<div class=\"wp-block-embed__wrapper\">\n<div class=\"twitter-tweet twitter-tweet-rendered\"><iframe id=\"twitter-widget-1\" class=\"\" title=\"X p\u0159\u00edsp\u011bvek\" src=\"https:\/\/platform.twitter.com\/embed\/Tweet.html?dnt=true&amp;embedId=twitter-widget-1&amp;features=eyJ0ZndfdGltZWxpbmVfbGlzdCI6eyJidWNrZXQiOltdLCJ2ZXJzaW9uIjpudWxsfSwidGZ3X2ZvbGxvd2VyX2NvdW50X3N1bnNldCI6eyJidWNrZXQiOnRydWUsInZlcnNpb24iOm51bGx9LCJ0ZndfdHdlZXRfZWRpdF9iYWNrZW5kIjp7ImJ1Y2tldCI6Im9uIiwidmVyc2lvbiI6bnVsbH0sInRmd19yZWZzcmNfc2Vzc2lvbiI6eyJidWNrZXQiOiJvbiIsInZlcnNpb24iOm51bGx9LCJ0ZndfZm9zbnJfc29mdF9pbnRlcnZlbnRpb25zX2VuYWJsZWQiOnsiYnVja2V0Ijoib24iLCJ2ZXJzaW9uIjpudWxsfSwidGZ3X21peGVkX21lZGlhXzE1ODk3Ijp7ImJ1Y2tldCI6InRyZWF0bWVudCIsInZlcnNpb24iOm51bGx9LCJ0ZndfZXhwZXJpbWVudHNfY29va2llX2V4cGlyYXRpb24iOnsiYnVja2V0IjoxMjA5NjAwLCJ2ZXJzaW9uIjpudWxsfSwidGZ3X3Nob3dfYmlyZHdhdGNoX3Bpdm90c19lbmFibGVkIjp7ImJ1Y2tldCI6Im9uIiwidmVyc2lvbiI6bnVsbH0sInRmd19kdXBsaWNhdGVfc2NyaWJlc190b19zZXR0aW5ncyI6eyJidWNrZXQiOiJvbiIsInZlcnNpb24iOm51bGx9LCJ0ZndfdXNlX3Byb2ZpbGVfaW1hZ2Vfc2hhcGVfZW5hYmxlZCI6eyJidWNrZXQiOiJvbiIsInZlcnNpb24iOm51bGx9LCJ0ZndfdmlkZW9faGxzX2R5bmFtaWNfbWFuaWZlc3RzXzE1MDgyIjp7ImJ1Y2tldCI6InRydWVfYml0cmF0ZSIsInZlcnNpb24iOm51bGx9LCJ0ZndfbGVnYWN5X3RpbWVsaW5lX3N1bnNldCI6eyJidWNrZXQiOnRydWUsInZlcnNpb24iOm51bGx9LCJ0ZndfdHdlZXRfZWRpdF9mcm9udGVuZCI6eyJidWNrZXQiOiJvbiIsInZlcnNpb24iOm51bGx9fQ%3D%3D&amp;frame=false&amp;hideCard=false&amp;hideThread=false&amp;id=1840846183402782735&amp;lang=cs&amp;origin=https%3A%2F%2Freport24.news%2Fnahost-am-abgrund-israels-offensive-weitet-sich-aus%2F&amp;sessionId=7d283166a0ed702aaec41431086d0543b6a4323b&amp;theme=light&amp;widgetsVersion=2615f7e52b7e0%3A1702314776716&amp;width=550px\" frameborder=\"0\" scrolling=\"no\" allowfullscreen=\"allowfullscreen\" data-tweet-id=\"1840846183402782735\" data-mce-fragment=\"1\"><\/iframe><\/div>\n<\/div>\n<\/figure>\n<p><span>S\u00fdrie byla tak\u00e9 c\u00edlem izraelsk\u00fdch ozbrojen\u00fdch sil. Podle pozorovatel\u016f bylo p\u0159i leteck\u00e9m \u00fatoku u Dama\u0161ku zran\u011bno sedm pro\u00edr\u00e1nsk\u00fdch bojovn\u00edk\u016f. Jen v p\u00e1tek bylo p\u0159i podobn\u00e9m \u00fatoku zabito p\u011bt syrsk\u00fdch voj\u00e1k\u016f.<\/span><\/p>\n<figure class=\"wp-block-embed is-type-rich is-provider-twitter wp-block-embed-twitter\">\n<div class=\"wp-block-embed__wrapper\">\n<div class=\"twitter-tweet twitter-tweet-rendered\"><iframe id=\"twitter-widget-2\" class=\"\" title=\"X p\u0159\u00edsp\u011bvek\" src=\"https:\/\/platform.twitter.com\/embed\/Tweet.html?dnt=true&amp;embedId=twitter-widget-2&amp;features=eyJ0ZndfdGltZWxpbmVfbGlzdCI6eyJidWNrZXQiOltdLCJ2ZXJzaW9uIjpudWxsfSwidGZ3X2ZvbGxvd2VyX2NvdW50X3N1bnNldCI6eyJidWNrZXQiOnRydWUsInZlcnNpb24iOm51bGx9LCJ0ZndfdHdlZXRfZWRpdF9iYWNrZW5kIjp7ImJ1Y2tldCI6Im9uIiwidmVyc2lvbiI6bnVsbH0sInRmd19yZWZzcmNfc2Vzc2lvbiI6eyJidWNrZXQiOiJvbiIsInZlcnNpb24iOm51bGx9LCJ0ZndfZm9zbnJfc29mdF9pbnRlcnZlbnRpb25zX2VuYWJsZWQiOnsiYnVja2V0Ijoib24iLCJ2ZXJzaW9uIjpudWxsfSwidGZ3X21peGVkX21lZGlhXzE1ODk3Ijp7ImJ1Y2tldCI6InRyZWF0bWVudCIsInZlcnNpb24iOm51bGx9LCJ0ZndfZXhwZXJpbWVudHNfY29va2llX2V4cGlyYXRpb24iOnsiYnVja2V0IjoxMjA5NjAwLCJ2ZXJzaW9uIjpudWxsfSwidGZ3X3Nob3dfYmlyZHdhdGNoX3Bpdm90c19lbmFibGVkIjp7ImJ1Y2tldCI6Im9uIiwidmVyc2lvbiI6bnVsbH0sInRmd19kdXBsaWNhdGVfc2NyaWJlc190b19zZXR0aW5ncyI6eyJidWNrZXQiOiJvbiIsInZlcnNpb24iOm51bGx9LCJ0ZndfdXNlX3Byb2ZpbGVfaW1hZ2Vfc2hhcGVfZW5hYmxlZCI6eyJidWNrZXQiOiJvbiIsInZlcnNpb24iOm51bGx9LCJ0ZndfdmlkZW9faGxzX2R5bmFtaWNfbWFuaWZlc3RzXzE1MDgyIjp7ImJ1Y2tldCI6InRydWVfYml0cmF0ZSIsInZlcnNpb24iOm51bGx9LCJ0ZndfbGVnYWN5X3RpbWVsaW5lX3N1bnNldCI6eyJidWNrZXQiOnRydWUsInZlcnNpb24iOm51bGx9LCJ0ZndfdHdlZXRfZWRpdF9mcm9udGVuZCI6eyJidWNrZXQiOiJvbiIsInZlcnNpb24iOm51bGx9fQ%3D%3D&amp;frame=false&amp;hideCard=false&amp;hideThread=false&amp;id=1840575813986423293&amp;lang=cs&amp;origin=https%3A%2F%2Freport24.news%2Fnahost-am-abgrund-israels-offensive-weitet-sich-aus%2F&amp;sessionId=7d283166a0ed702aaec41431086d0543b6a4323b&amp;theme=light&amp;widgetsVersion=2615f7e52b7e0%3A1702314776716&amp;width=550px\" frameborder=\"0\" scrolling=\"no\" allowfullscreen=\"allowfullscreen\" data-tweet-id=\"1840575813986423293\" data-mce-fragment=\"1\"><\/iframe><\/div>\n<\/div>\n<\/figure>\n<p><span>Izraelsk\u00fd premi\u00e9r Benjamin Netanjahu zd\u016fvodnil z\u00e1krok sv\u00e9 zem\u011b: \u201eNa Bl\u00edzk\u00e9m v\u00fdchod\u011b nen\u00ed nikde, kam by Izrael nemohl dos\u00e1hnout,\u201c varoval. Izrael je ve \u201ev\u00e1lce o na\u0161i existenci\u201c.<\/span><\/p>\n<p>N\u00e1sledn\u011b \u00cdr\u00e1n v r\u00e1mci odvety prosedl masivn\u00ed raketov\u00fd \u00fatok na Izrael. Tot\u00e1ln\u00ed v\u00e1lka je na spadnut\u00ed.<\/p>\n<p><img decoding=\"async\" loading=\"lazy\" class=\"alignnone size-full wp-image-1185\" src=\"http:\/\/www.infokuryr.cz\/n\/wp-content\/uploads\/2021\/04\/kuryr-podpis.png\" alt=\"\" width=\"84\" height=\"24\" \/><\/p>\n<p>&nbsp;<\/p>\n","protected":false},"excerpt":{"rendered":"<p>D\u00edky rozs\u00e1hl\u00fdm n\u00e1let\u016fm na Libanon, S\u00fdrii a Jemen a tak\u00e9 pozemn\u00ed ofenziv\u011b v ji\u017en\u00edm Libanonu&#8230;<\/p>\n","protected":false},"author":2,"featured_media":63399,"comment_status":"closed","ping_status":"closed","sticky":false,"template":"","format":"standard","meta":[],"categories":[7],"tags":[738,1854,107,40],"_links":{"self":[{"href":"https:\/\/www.infokuryr.cz\/n\/wp-json\/wp\/v2\/posts\/63398"}],"collection":[{"href":"https:\/\/www.infokuryr.cz\/n\/wp-json\/wp\/v2\/posts"}],"about":[{"href":"https:\/\/www.infokuryr.cz\/n\/wp-json\/wp\/v2\/types\/post"}],"author":[{"embeddable":true,"href":"https:\/\/www.infokuryr.cz\/n\/wp-json\/wp\/v2\/users\/2"}],"replies":[{"embeddable":true,"href":"https:\/\/www.infokuryr.cz\/n\/wp-json\/wp\/v2\/comments?post=63398"}],"version-history":[{"count":0,"href":"https:\/\/www.infokuryr.cz\/n\/wp-json\/wp\/v2\/posts\/63398\/revisions"}],"wp:featuredmedia":[{"embeddable":true,"href":"https:\/\/www.infokuryr.cz\/n\/wp-json\/wp\/v2\/media\/63399"}],"wp:attachment":[{"href":"https:\/\/www.infokuryr.cz\/n\/wp-json\/wp\/v2\/media?parent=63398"}],"wp:term":[{"taxonomy":"category","embeddable":true,"href":"https:\/\/www.infokuryr.cz\/n\/wp-json\/wp\/v2\/categories?post=63398"},{"taxonomy":"post_tag","embeddable":true,"href":"https:\/\/www.infokuryr.cz\/n\/wp-json\/wp\/v2\/tags?post=63398"}],"curies":[{"name":"wp","href":"https:\/\/api.w.org\/{rel}","templated":true}]}}