{"id":63393,"date":"2024-10-02T05:30:04","date_gmt":"2024-10-02T03:30:04","guid":{"rendered":"https:\/\/www.infokuryr.cz\/n\/?p=63393"},"modified":"2024-10-02T05:30:04","modified_gmt":"2024-10-02T03:30:04","slug":"izraelske-letectvo-pokracovalo-v-uderech-na-predmesti-bejrutu","status":"publish","type":"post","link":"https:\/\/www.infokuryr.cz\/n\/2024\/10\/02\/izraelske-letectvo-pokracovalo-v-uderech-na-predmesti-bejrutu\/","title":{"rendered":"Izraelsk\u00e9 letectvo pokra\u010dovalo v \u00faderech na p\u0159edm\u011bst\u00ed Bejr\u00fatu"},"content":{"rendered":"<div id=\"fb-root\"><\/div>\n<p class=\"lead\"><strong>IDF pokra\u010duj\u00ed v \u00fatoc\u00edch na ji\u017en\u00ed p\u0159edm\u011bst\u00ed Bejr\u00fatu, informuje Al Mayadeen na sv\u00e9m telegramov\u00e9m kan\u00e1lu.<\/strong><\/p>\n<p><span>Podle tureck\u00e9 agentury Anadolu provedla vojensk\u00e1 letadla n\u011bkolik \u00fader\u016f v oblasti Haret Hreik. Neexistuj\u00ed \u017e\u00e1dn\u00e9 informace o ob\u011btech nebo \u0161kod\u00e1ch.<\/span><\/p>\n<p><span>K \u00fader\u016fm do\u0161lo pot\u00e9, co izraelsk\u00e1 arm\u00e1da vyzvala civilisty, aby opustili dv\u011b budovy, o nich\u017e se p\u0159edpokl\u00e1d\u00e1, \u017ee je pou\u017e\u00edv\u00e1 \u0161\u00editsk\u00e1 skupina Hizball\u00e1h.<\/span><\/p>\n<p><span>Izrael zhruba t\u00fdden, od 23. z\u00e1\u0159\u00ed, vede proti Hizball\u00e1hu operaci Arrows of the North, jej\u00edm\u017e jedn\u00edm z c\u00edl\u016f je zaji\u0161t\u011bn\u00ed bezpe\u010dnosti severn\u00edho Izraele a n\u00e1vrat obyvatel regionu do jejich domov\u016f.<\/span><\/p>\n<p><span>Den p\u0159edt\u00edm zas\u00e1hla izraelsk\u00e1 letadla tak\u00e9 ji\u017en\u00ed p\u0159edm\u011bst\u00ed Bejr\u00fatu. Ji\u017e d\u0159\u00edve Izrael vyzval obyvatele tohoto p\u0159edm\u011bst\u00ed, aby opustili sv\u00e9 domovy. Al Arabiya ozna\u010dila ji\u017en\u00ed p\u0159edm\u011bst\u00ed Bejr\u00fatu za \u201epevnost\u201c Hizball\u00e1hu. B\u011bhem masivn\u00edho raketov\u00e9ho \u00fatoku na tuto oblast m\u011bsta 27. z\u00e1\u0159\u00ed byl zabit \u0161\u00e9f skupiny Hizball\u00e1h\u00a0<\/span><strong><span>Hassan Nasrall\u00e1h<\/span><\/strong><span>\u00a0.<\/span><\/p>\n<p><span>V pond\u011bl\u00ed libanonsk\u00e9 ministerstvo zdravotnictv\u00ed ozn\u00e1milo, \u017ee v d\u016fsledku izraelsk\u00fdch \u00fader\u016f zahynulo 95 lid\u00ed a dal\u0161\u00edch 172 bylo zran\u011bno. V\u011bt\u0161ina ob\u011bt\u00ed je na jihu zem\u011b, tedy pobl\u00ed\u017e hranic s Izraelem. Celkov\u011b bylo od za\u010d\u00e1tku p\u0159eshrani\u010dn\u00edch boj\u016f v Libanonu zhruba p\u0159ed rokem zabito 1 745 lid\u00ed a 8 767 zran\u011bno, objas\u0148uje RBC.<\/span><\/p>\n<p><img decoding=\"async\" loading=\"lazy\" class=\"alignnone size-full wp-image-1185\" src=\"http:\/\/www.infokuryr.cz\/n\/wp-content\/uploads\/2021\/04\/kuryr-podpis.png\" alt=\"\" width=\"84\" height=\"24\" \/><\/p>\n<p>&nbsp;<\/p>\n","protected":false},"excerpt":{"rendered":"<p>IDF pokra\u010duj\u00ed v \u00fatoc\u00edch na ji\u017en\u00ed p\u0159edm\u011bst\u00ed Bejr\u00fatu, informuje Al Mayadeen na sv\u00e9m telegramov\u00e9m kan\u00e1lu&#8230;.<\/p>\n","protected":false},"author":2,"featured_media":63394,"comment_status":"closed","ping_status":"closed","sticky":false,"template":"","format":"standard","meta":[],"categories":[7],"tags":[6573,107,3535],"_links":{"self":[{"href":"https:\/\/www.infokuryr.cz\/n\/wp-json\/wp\/v2\/posts\/63393"}],"collection":[{"href":"https:\/\/www.infokuryr.cz\/n\/wp-json\/wp\/v2\/posts"}],"about":[{"href":"https:\/\/www.infokuryr.cz\/n\/wp-json\/wp\/v2\/types\/post"}],"author":[{"embeddable":true,"href":"https:\/\/www.infokuryr.cz\/n\/wp-json\/wp\/v2\/users\/2"}],"replies":[{"embeddable":true,"href":"https:\/\/www.infokuryr.cz\/n\/wp-json\/wp\/v2\/comments?post=63393"}],"version-history":[{"count":0,"href":"https:\/\/www.infokuryr.cz\/n\/wp-json\/wp\/v2\/posts\/63393\/revisions"}],"wp:featuredmedia":[{"embeddable":true,"href":"https:\/\/www.infokuryr.cz\/n\/wp-json\/wp\/v2\/media\/63394"}],"wp:attachment":[{"href":"https:\/\/www.infokuryr.cz\/n\/wp-json\/wp\/v2\/media?parent=63393"}],"wp:term":[{"taxonomy":"category","embeddable":true,"href":"https:\/\/www.infokuryr.cz\/n\/wp-json\/wp\/v2\/categories?post=63393"},{"taxonomy":"post_tag","embeddable":true,"href":"https:\/\/www.infokuryr.cz\/n\/wp-json\/wp\/v2\/tags?post=63393"}],"curies":[{"name":"wp","href":"https:\/\/api.w.org\/{rel}","templated":true}]}}