{"id":63391,"date":"2024-10-02T05:07:43","date_gmt":"2024-10-02T03:07:43","guid":{"rendered":"https:\/\/www.infokuryr.cz\/n\/?p=63391"},"modified":"2024-10-02T05:26:35","modified_gmt":"2024-10-02T03:26:35","slug":"jd-vance-izrael-si-muze-svobodne-vybrat-jak-zautoci-na-iran","status":"publish","type":"post","link":"https:\/\/www.infokuryr.cz\/n\/2024\/10\/02\/jd-vance-izrael-si-muze-svobodne-vybrat-jak-zautoci-na-iran\/","title":{"rendered":"JD Vance: Izrael si m\u016f\u017ee svobodn\u011b vybrat, jak za\u00fato\u010d\u00ed na \u00cdr\u00e1n"},"content":{"rendered":"<div id=\"fb-root\"><\/div>\n<p><span style=\"font-size: 18pt;\"><strong>Spojen\u00e9 st\u00e1ty by m\u011bly podporovat sv\u00e9ho spojence, i kdy\u017e podniknou preventivn\u00ed \u00fader proti Teher\u00e1nu, \u0159ekl sen\u00e1tor za Ohio<\/strong><\/span><\/p>\n<p>USA by m\u011bly podporovat Izrael v jeho odvet\u011b proti \u00cdr\u00e1nu, i kdy\u017e by zahrnovala preventivn\u00ed \u00fader, prohl\u00e1sil viceprezident Donalda Trumpa JD Vance b\u011bhem televizn\u00ed debaty na CBS News v \u00fater\u00fd.<\/p>\n<p>Republik\u00e1nsk\u00fd sen\u00e1tor z Ohia Vance \u010delil sv\u00e9mu demokratick\u00e9mu protivn\u00edkovi, guvern\u00e9rovi Minnesoty Timu Walzovi. Debata za\u010dala n\u011bkolik hodin pot\u00e9, co \u00cdr\u00e1n odp\u00e1lil t\u00e9m\u011b\u0159 200 raket na Izrael. V\u011bt\u0161ina projektil\u016f byla zachycena ve vzduchu, podle IDF. Jedinou hl\u00e1\u0161enou ob\u011bt\u00ed byl Palestinec na Z\u00e1padn\u00edm b\u0159ehu, kter\u00e9ho zabil padaj\u00edc\u00ed \u00falomek rakety.<\/p>\n<p>Na ot\u00e1zku moder\u00e1tora, zda by podpo\u0159il izraelsk\u00fd preventivn\u00ed \u00fader na \u00cdr\u00e1n, Vance znovu potvrdil dlouhodobou podporu Washingtonu \u017eidovsk\u00e9mu st\u00e1tu.<\/p>\n<p><em>\u201ePod\u00edvejte, je na Izraeli, co si mysl\u00ed, \u017ee mus\u00ed ud\u011blat, aby svou zemi udr\u017eel v bezpe\u010d\u00ed, a my bychom m\u011bli podporovat na\u0161e spojence, a\u0165 jsou kdekoli, kdy\u017e bojuj\u00ed proti padouch\u016fm. To je spr\u00e1vn\u00fd p\u0159\u00edstup k ot\u00e1zce Izraele,\u201c<\/em>\u00a0odpov\u011bd\u011bl Vance.<\/p>\n<p>D\u00e1le tvrdil, \u017ee Trump dr\u017eel americk\u00e9 protivn\u00edky na uzd\u011b, kdy\u017e byl prezidentem.\u00a0<em>&#8222;Trump ve skute\u010dnosti zajistil stabilitu ve sv\u011bt\u011b a dok\u00e1zal to vytvo\u0159en\u00edm \u00fa\u010dinn\u00e9ho odstra\u0161en\u00ed.&#8220; Lid\u00e9 se b\u00e1li vybo\u010dit z \u0159ady,\u201c<\/em>\u00a0\u0159ekl Vance.<\/p>\n<p>Walz se vyh\u00fdbal p\u0159\u00edm\u00e9 odpov\u011bdi, pokud by podpo\u0159il izraelsk\u00fd preventivn\u00ed \u00fader. \u0158ekl v\u0161ak, \u017ee\u00a0<em>\u201eschopnost Izraele ubr\u00e1nit se je naprosto z\u00e1sadn\u00ed\u201c.<\/em><\/p>\n<p>Demokrat obvinil Trumpa, \u017ee po\u0161kozuje postaven\u00ed USA ve sv\u011bt\u011b, a kritizoval ho za poru\u0161en\u00ed \u00edr\u00e1nsk\u00e9 jadern\u00e9 dohody z roku 2015.<\/p>\n<p>\u00cdr\u00e1n je\u00a0<em>\u201ebl\u00ed\u017ee k jadern\u00e9 zbrani, ne\u017e tomu bylo d\u0159\u00edve<\/em>\u00a0\u2013\u00a0<em>kv\u016fli nest\u00e1l\u00e9mu veden\u00ed Donalda Trumpa,\u201c<\/em>\u00a0\u0159ekl Walz.<\/p>\n<p>\u00cdr\u00e1n tvrd\u00ed, \u017ee raketov\u00e9 \u00fatoky byly reakc\u00ed na\u00a0<em>\u201egenocidu\u201c<\/em>\u00a0sp\u00e1chanou IDF v Gaze a Libanonu.<\/p>\n<p>IDF zah\u00e1jila v \u00fater\u00fd p\u0159eshrani\u010dn\u00ed pozemn\u00ed operaci proti Hizball\u00e1hu v Libanonu. Izraelsk\u00e1 letadla p\u0159edt\u00edm bombardovala Libanon a zabila n\u011bkolik vysoce postaven\u00fdch \u010dlen\u016f Hizball\u00e1hu, v\u010detn\u011b v\u016fdce ozbrojen\u00e9 skupiny Hasana Nasrall\u00e1ha.<\/p>\n<p>Izraelsk\u00e1 arm\u00e1da uvedla, \u017ee c\u00edlem operace je zabr\u00e1nit Hizball\u00e1hu v odpalov\u00e1n\u00ed raket a minomet\u016f na izraelsk\u00e1 m\u011bsta v severn\u00ed \u010d\u00e1sti zem\u011b.<\/p>\n<p><img decoding=\"async\" loading=\"lazy\" class=\"alignnone size-full wp-image-1185\" src=\"http:\/\/www.infokuryr.cz\/n\/wp-content\/uploads\/2021\/04\/kuryr-podpis.png\" alt=\"\" width=\"84\" height=\"24\" \/><\/p>\n<p>&nbsp;<\/p>\n","protected":false},"excerpt":{"rendered":"<p>Spojen\u00e9 st\u00e1ty by m\u011bly podporovat sv\u00e9ho spojence, i kdy\u017e podniknou preventivn\u00ed \u00fader proti Teher\u00e1nu, \u0159ekl&#8230;<\/p>\n","protected":false},"author":2,"featured_media":63392,"comment_status":"closed","ping_status":"closed","sticky":false,"template":"","format":"standard","meta":[],"categories":[7],"tags":[107,1242,811,37,7598],"_links":{"self":[{"href":"https:\/\/www.infokuryr.cz\/n\/wp-json\/wp\/v2\/posts\/63391"}],"collection":[{"href":"https:\/\/www.infokuryr.cz\/n\/wp-json\/wp\/v2\/posts"}],"about":[{"href":"https:\/\/www.infokuryr.cz\/n\/wp-json\/wp\/v2\/types\/post"}],"author":[{"embeddable":true,"href":"https:\/\/www.infokuryr.cz\/n\/wp-json\/wp\/v2\/users\/2"}],"replies":[{"embeddable":true,"href":"https:\/\/www.infokuryr.cz\/n\/wp-json\/wp\/v2\/comments?post=63391"}],"version-history":[{"count":0,"href":"https:\/\/www.infokuryr.cz\/n\/wp-json\/wp\/v2\/posts\/63391\/revisions"}],"wp:featuredmedia":[{"embeddable":true,"href":"https:\/\/www.infokuryr.cz\/n\/wp-json\/wp\/v2\/media\/63392"}],"wp:attachment":[{"href":"https:\/\/www.infokuryr.cz\/n\/wp-json\/wp\/v2\/media?parent=63391"}],"wp:term":[{"taxonomy":"category","embeddable":true,"href":"https:\/\/www.infokuryr.cz\/n\/wp-json\/wp\/v2\/categories?post=63391"},{"taxonomy":"post_tag","embeddable":true,"href":"https:\/\/www.infokuryr.cz\/n\/wp-json\/wp\/v2\/tags?post=63391"}],"curies":[{"name":"wp","href":"https:\/\/api.w.org\/{rel}","templated":true}]}}