{"id":63386,"date":"2024-10-02T05:01:06","date_gmt":"2024-10-02T03:01:06","guid":{"rendered":"https:\/\/www.infokuryr.cz\/n\/?p=63386"},"modified":"2024-10-02T05:01:06","modified_gmt":"2024-10-02T03:01:06","slug":"izrael-rozpoutal-v-poradi-jiz-3-valku-s-libanonem-a-iran-provedl-uder-na-izrael","status":"publish","type":"post","link":"https:\/\/www.infokuryr.cz\/n\/2024\/10\/02\/izrael-rozpoutal-v-poradi-jiz-3-valku-s-libanonem-a-iran-provedl-uder-na-izrael\/","title":{"rendered":"Izrael rozpoutal v po\u0159ad\u00ed ji\u017e 3. v\u00e1lku s Libanonem a \u00cdr\u00e1n provedl \u00fader na Izrael!"},"content":{"rendered":"<div id=\"fb-root\"><\/div>\n<h4>Izrael rozpoutal v po\u0159ad\u00ed ji\u017e 3. v\u00e1lku s Libanonem a \u00cdr\u00e1n provedl \u00fader na Izrael! Leteck\u00e1 z\u00e1kladna IDF Nevatim dostala p\u0159\u00edm\u00e9 z\u00e1sahy! \u010cesk\u00e1 republika zablokovala spole\u010dn\u00e9 prohl\u00e1\u0161en\u00ed EU vyz\u00fdvaj\u00edc\u00ed k p\u0159\u00edm\u011b\u0159\u00ed v Libanonu! Agrese Izraele je podle Lipavsk\u00e9ho ministerstva zahrani\u010d\u00ed \u201clegitimn\u00ed obrana\u201d Izraele!<\/h4>\n<p>P\u0159esn\u011b podle p\u0159edpov\u011bdi, kterou jsme p\u0159inesli p\u0159ed t\u00fddnem v na\u0161em \u010dl\u00e1nku\u00a0<strong>[<a href=\"https:\/\/aeronet.news\/benjamin-netanyahu-v-televiznim-vystoupeni-oznamil-zahajeni-specialni-vojenske-operace-v-libanonu-podle-vzoru-ruske-svo-na-ukrajine-a-vyzval-obyvatele-jizni-casti-libanonu-k-evakuaci\/\">1<\/a>]<\/strong>, zah\u00e1jila izraelsk\u00e1 arm\u00e1da v rann\u00edch hodin\u00e1ch 1. \u0159\u00edjna dlouho pl\u00e1novanou invazi do Libanonu s c\u00edlem zah\u00e1jen\u00ed okupace ji\u017en\u00edho Libanonu a vytvo\u0159en\u00ed dal\u0161\u00edho n\u00e1razn\u00edkov\u00e9ho p\u00e1sma stejn\u011b, jako v minulosti Izrael provedl invazi do S\u00fdrie a obsadil Golansk\u00e9 v\u00fd\u0161iny. Tedy, alespo\u0148 toto jsou ofici\u00e1ln\u00ed informace z Tel Avivu, kter\u00fdm ale nejde v\u011b\u0159it.<\/p>\n<p><strong>Agrese izraelsk\u00e9 arm\u00e1dy v Libanonu m\u00e1 p\u0159itom jedin\u00fd opravdov\u00fd \u00fakol, a to je rozpout\u00e1n\u00ed velk\u00e9 v\u00e1lky na Bl\u00edzk\u00e9m v\u00fdchod\u011b<\/strong>, do kter\u00e9 by byl naplno zavle\u010den \u00cdr\u00e1n a hned po n\u011bm USA, kter\u00e9 by na sebe m\u011bly vz\u00edt \u00fakol hlavn\u00edch leteck\u00fdch a raketov\u00fdch \u00fader\u016f na \u00cdr\u00e1n s c\u00edlem zni\u010den\u00ed \u00edr\u00e1nsk\u00e9 vl\u00e1dy a t\u00edm odstran\u011bn\u00ed\u00a0<strong><em>persk\u00e9 hrozby<\/em><\/strong>\u00a0pro sionistick\u00fd Izrael. Sou\u010dasn\u011b jde i o prohlouben\u00ed genocidy nejen v Gaze, ale jej\u00ed p\u0159ekryt\u00ed obrovskou v\u00e1lkou na Bl\u00edzk\u00e9m v\u00fdchod\u011b.<\/p>\n<p>&nbsp;<\/p>\n<div id=\"rumble_v5esplp\">\n<div id=\"vid_v5esplp\" class=\"rumble_v5esplp-Rumble-cls\" tabindex=\"-1\">\n<div class=\"bigPlayUI ctp\"><div class='videoWrapper'>\r\n\t            <iframe src='https:\/\/rumble.com\/embed\/pj.v5esplp\/' frameborder='0' allowfullscreen><\/iframe>\r\n\t        <\/div><\/p>\n<div class=\"bigPlayUIInner ctp\"><\/div>\n<\/div>\n<\/div>\n<\/div>\n<p>&nbsp;<\/p>\n<p>Autentick\u00e9 z\u00e1b\u011bry sv\u011bdk\u016f v Izraeli zachytily, \u017ee izraelsk\u00e1 PVO\u00a0<em>Iron Dome<\/em>\u00a0selhala p\u0159i obran\u011b Izraele, proto\u017ee \u00edr\u00e1nsk\u00e9 drony nejprve zahltily nebe nad Izraelem, co\u017e vedlo k vyst\u0159\u00edlen\u00ed raket\u00a0<em>Iron Dome<\/em>\u00a0napr\u00e1zdno na bezcenn\u00e9 drony, a kdy\u017e rakety z bateri\u00ed Iron Dome do\u0161ly, \u00cdr\u00e1n spustil druhou vlnu \u00fatok\u016f ji\u017e s ostr\u00fdmi raketami, kter\u00e9 za\u010daly dopadat na Izrael a na k\u00f3ty izraelsk\u00e9 arm\u00e1dy.<\/p>\n<p>Izraelsk\u00e1 leteck\u00e1 z\u00e1kladna Nevatim je v plamenech, dostala pln\u00fd z\u00e1sah, na leti\u0161ti pr\u00fd v\u0161echno ho\u0159\u00ed, lid\u00e9 z okol\u00ed nato\u010dili dopady ir\u00e1nsk\u00fdch raket na z\u00e1kladnu sv\u00fdmi mobiln\u00edmi telefony. Zahrani\u010dn\u00ed \u0161t\u00e1b v Tel Avivu se musel evakuovat ze st\u0159echy hotelu, kdy\u017e se uk\u00e1zalo, \u017ee\u00a0<em>Iron Dome<\/em>\u00a0nefunguje a \u00edr\u00e1nsk\u00e9 rakety dopadaj\u00ed na sv\u00e9 c\u00edle na zemi. Z\u00e1b\u011bry z \u00fatoku na\u00a0<em>Nevatim Air Base<\/em>\u00a0m\u00e1te naho\u0159e ve videu a na konci tohoto \u010dl\u00e1nku.<\/p>\n<h6><span style=\"font-size: 18pt;\">Izrael se agres\u00ed v Libanonu sna\u017e\u00ed za\u017eehnout velkou v\u00e1lku mezi \u00cdr\u00e1nem a USA na Bl\u00edzk\u00e9m v\u00fdchod\u011b<\/span><\/h6>\n<p>\u00cdr\u00e1n se rozhodl pro raketov\u00e9 \u00fadery proti Izraeli pot\u00e9, co IDF pozab\u00edjela prakticky cel\u00e9 veden\u00ed Hizball\u00e1hu v Libanonu, co\u017e je hnut\u00ed podporovan\u00e9 a vlastn\u011b i \u0159\u00edzen\u00e9 \u00cdr\u00e1nem.\u00a0<strong>Likvidace cel\u00e9ho veden\u00ed Hizball\u00e1hu se d\u00e1 tedy pova\u017eovat za provokaci proti \u00cdr\u00e1nu s c\u00edlem vyvolat obrovskou v\u00e1lku na Bl\u00edzk\u00e9m v\u00fdchod\u011b<\/strong>, do kter\u00e9 by byly nuceny vstoupit USA a z\u0159ejm\u011b i n\u011bkte\u0159\u00ed spojenci v NATO, proto\u017ee vypuknut\u00ed v\u00e1lky Izraele s arabsk\u00fdmi zem\u011bmi je p\u0159esn\u011b ten okam\u017eik, o kter\u00fd Izrael usiluje. Pod rou\u0161kou t\u00e9to v\u00e1lky by toti\u017e mohly b\u00fdt skryty pl\u00e1ny na dokon\u010den\u00ed likvidace Palestiny, proto\u017ee srovn\u00e1n\u00ed Gazy se zem\u00ed byl jen prvn\u00ed krok.<\/p>\n<figure id=\"attachment_57679\" class=\"wp-caption aligncenter\" style=\"width: 692px;\"><a href=\"https:\/\/aeronet.news\/wp-content\/uploads\/NorthGazaLeveling.jpg\"><img decoding=\"async\" loading=\"lazy\" class=\"wp-image-57679 \" src=\"https:\/\/aeronet.news\/wp-content\/uploads\/NorthGazaLeveling-817x1024.jpg\" sizes=\"(max-width: 700px) 100vw, 700px\" srcset=\"https:\/\/aeronet.news\/wp-content\/uploads\/NorthGazaLeveling-817x1024.jpg 817w, https:\/\/aeronet.news\/wp-content\/uploads\/NorthGazaLeveling-239x300.jpg 239w, https:\/\/aeronet.news\/wp-content\/uploads\/NorthGazaLeveling-768x963.jpg 768w, https:\/\/aeronet.news\/wp-content\/uploads\/NorthGazaLeveling-700x878.jpg 700w, https:\/\/aeronet.news\/wp-content\/uploads\/NorthGazaLeveling-285x357.jpg 285w, https:\/\/aeronet.news\/wp-content\/uploads\/NorthGazaLeveling-385x483.jpg 385w, https:\/\/aeronet.news\/wp-content\/uploads\/NorthGazaLeveling.jpg 1004w\" alt=\"\" width=\"692\" height=\"868\" \/><\/a><figcaption class=\"wp-caption-text\">Izraelsk\u00e1 arm\u00e1da v Gaze srovnala se zem\u00ed v\u0161echny lukrativn\u00ed pozemky u mo\u0159e v p\u0159\u00edprav\u011b na v\u00fdstavbu \u017eidovsk\u00fdch luxusn\u00edch resort\u016f<\/figcaption><\/figure>\n<p>Zb\u00fdv\u00e1 toti\u017e Z\u00e1padn\u00ed b\u0159eh Jord\u00e1nu, kde paradoxn\u011b a k izraelsk\u00e9 nelibosti je v\u016fbec nejv\u00edce neleg\u00e1ln\u00edch izraelsk\u00fdch osad. Gaza je toti\u017e v mnoha ohledech ned\u016fle\u017eit\u00e1 ve srovn\u00e1n\u00ed se Z\u00e1padn\u00edm b\u0159ehem, proto\u017ee v Gaze nejsou (tedy zat\u00edm) \u017e\u00e1dn\u00e9 neleg\u00e1ln\u00ed izraelsk\u00e9 osady. A co Izrael v r\u00e1mce sv\u00e9 \u201c<em>\u017eidokracie<\/em>\u201d pot\u0159ebuje, to je vlo\u017een\u00ed rovn\u00edtka mezi Palestince a teroristy.<\/p>\n<p><strong>Proto Izrael zah\u00e1jil v\u00e1lku\u00a0proti Ham\u00e1su\u00a0a nyn\u00ed i\u00a0proti Hizball\u00e1hu, proto\u017ee ob\u011b tyto organizace maj\u00ed spole\u010dnou agendu \u2013\u00a0ochranu Palestiny\u00a0a palestinsk\u00fdch \u00fazem\u00ed.<\/strong>\u00a0Jenom debilov\u00e9 si mysl\u00ed, \u017ee Izrael vtrhl do Libanonu kv\u016fli n\u011bjak\u00e9mu potla\u010den\u00ed terorist\u016f, kdy\u017e nejv\u011bt\u0161\u00edm teroristick\u00fdm st\u00e1tem na sv\u011bt\u011b je pr\u00e1v\u011b Izrael, kter\u00fd ji\u017e p\u0159es 70 let vyhlazuje Palestince z jejich vlastn\u00edho \u00fazem\u00ed.<\/p>\n<h6><span style=\"font-size: 18pt;\">Lip\u00e1nkova banda v Bruselu zablokovala v EU spole\u010dn\u00e9 usnesen\u00ed vyz\u00fdvaj\u00edc\u00ed k p\u0159\u00edm\u011b\u0159\u00ed v Libanonu<\/span><\/h6>\n<p>Ne, Izrael vtrhl do Libanonu kv\u016fli tomu, aby vytvo\u0159il a polo\u017eil rovn\u00edtko mezi Palestince a teroristy. A terorist\u00e9 p\u0159ece nemohou m\u00edt sv\u016fj vlastn\u00ed st\u00e1t, ne? To m\u016f\u017ee jen Izrael! Palestinci nemohou m\u00edt Palestinu. Jen\u017ee, k tomuto vykreslen\u00ed Palestinc\u016f jako terorist\u016f na mezin\u00e1rodn\u00ed sc\u00e9n\u011b n\u011bco chyb\u00ed, a to je velk\u00e1 v\u00e1lka na Bl\u00edzk\u00e9m v\u00fdchod\u011b mezi Araby (a s nimi Palestinci) na jedn\u00e9 stran\u011b, a Izraelem (a s n\u00edm USA a kolektivn\u00edm Z\u00e1padem) na stran\u011b druh\u00e9. Izrael prost\u011b pot\u0159ebuje ve velk\u00e9 v\u00e1lce vyhladit Palestince a obsadit zbytky palestinsk\u00fdch \u00fazem\u00ed na Z\u00e1padn\u00edm b\u0159ehu.<\/p>\n<figure id=\"attachment_55474\" class=\"wp-caption aligncenter\" style=\"width: 692px;\"><a href=\"https:\/\/aeronet.news\/wp-content\/uploads\/JanLipavskySnemovna.jpg\"><img decoding=\"async\" loading=\"lazy\" class=\"wp-image-55474 \" src=\"https:\/\/aeronet.news\/wp-content\/uploads\/JanLipavskySnemovna-1024x682.jpg\" sizes=\"(max-width: 700px) 100vw, 700px\" srcset=\"https:\/\/aeronet.news\/wp-content\/uploads\/JanLipavskySnemovna-1024x682.jpg 1024w, https:\/\/aeronet.news\/wp-content\/uploads\/JanLipavskySnemovna-300x200.jpg 300w, https:\/\/aeronet.news\/wp-content\/uploads\/JanLipavskySnemovna-768x511.jpg 768w, https:\/\/aeronet.news\/wp-content\/uploads\/JanLipavskySnemovna-700x466.jpg 700w, https:\/\/aeronet.news\/wp-content\/uploads\/JanLipavskySnemovna-536x357.jpg 536w, https:\/\/aeronet.news\/wp-content\/uploads\/JanLipavskySnemovna-726x483.jpg 726w, https:\/\/aeronet.news\/wp-content\/uploads\/JanLipavskySnemovna.jpg 1280w\" alt=\"\" width=\"692\" height=\"461\" \/><\/a><figcaption class=\"wp-caption-text\">B\u00fdval\u00fd pir\u00e1t a st\u00e1le ministr zahrani\u010d\u00ed Jan Lipavsk\u00fd<\/figcaption><\/figure>\n<p>Zata\u017een\u00ed USA a zem\u00ed KoZa do v\u00e1lky na Bl\u00edzk\u00e9m v\u00fdchod\u011b je dal\u0161\u00edm konceptu\u00e1ln\u00edm procesem okolo odpisu USA a Izraele. A to ve prosp\u011bch pran\u00ed \u0161pinav\u00e9ho pr\u00e1dla sionistick\u00e9ho Izraele, kter\u00fd toto v\u0161echno zp\u016fsobuje jako rakovinov\u00fd \u00fatvar, kter\u00fd se rozl\u00e9z\u00e1 do sv\u00e9ho okol\u00ed. V \u00fater\u00fd do\u0161lo k ne\u010dekan\u00e9 ud\u00e1losti, kdy\u00a0<strong>\u010cesk\u00e1 republika a jej\u00ed z\u00e1stupci v Evropsk\u00e9 rad\u011b zablokovali [<a href=\"https:\/\/href.li\/?https:\/\/www.novinky.cz\/clanek\/zahranicni-blizky-a-stredni-vychod-euronews-cesko-zablokovalo-spolecne-prohlaseni-vyzyvajici-k-primeri-40491286\" target=\"_blank\" rel=\"nofollow noopener\">2<\/a>] spole\u010dn\u00e9 usnesen\u00ed EU vyz\u00fdvaj\u00edc\u00ed k p\u0159\u00edm\u011b\u0159\u00ed v Libanonu<\/strong>\u00a0a k zastaven\u00ed vojensk\u00fdch operac\u00ed IDF na \u00fazem\u00ed Libanonu. Toto spole\u010dn\u00e9 usnesen\u00ed nebylo p\u0159ijato, proto\u017ee ho zablokovala \u010cesk\u00e1 republika.<\/p>\n<h6><span style=\"font-size: 18pt;\">Vl\u00e1da v Praze je jedin\u00e1 v cel\u00e9 EU, kter\u00e1 se postavila za agresi Izraele a invazi do Libanonu!<\/span><\/h6>\n<p>Podle Lip\u00e1nkova ministerstva zahrani\u010d\u00ed m\u00e1 pr\u00fd Izrael\u00a0<strong>pr\u00e1vo na sebeobranu<\/strong>, a tud\u00ed\u017e m\u00e1 i pr\u00e1vo na invazi do Libanonu bez mand\u00e1tu RB OSN. Lipavsk\u00e9ho ministerstvo se tak jako jedin\u00e9 v cel\u00e9 EU postavilo na obranu agresora a na obhajobu invaze izraelsk\u00e9 arm\u00e1dy do svrchovan\u00e9ho Libanonu<\/p>\n<p>Je to d\u016fkaz, \u017ee Fialova vl\u00e1da a zahrani\u010dn\u00ed politika \u010desk\u00e9 vl\u00e1dy je pln\u011b sionistick\u00e1 a podporuje agresi sionistick\u00e9ho st\u00e1tu pod z\u00e1minkou pr\u00e1va na obranu.\u00a0<strong>Stejn\u011b jako vyvra\u017ed\u011bn\u00ed u\u017e v\u00edce ne\u017e 40 000 Palestinc\u016f v Gaze, \u017een a d\u011bt\u00ed [<a href=\"https:\/\/href.li\/?https:\/\/www.lemonde.fr\/en\/international\/article\/2024\/08\/15\/more-than-40-000-killed-in-gaza-since-start-of-war-says-hamas-run-health-ministry_6715852_4.html\" target=\"_blank\" rel=\"nofollow noopener\">3<\/a>], je pr\u00fd pr\u00e1vo na sebeobranu Izraele.<\/strong>\u00a0Stejn\u011b jako v\u00fdbuchy pager\u016f, vys\u00edla\u010dek, tisk\u00e1ren, intercom\u016f a dal\u0161\u00ed elektroniky v Libanonu pr\u00fd nen\u00ed terorismus Izraele, ale pr\u00e1vo na sebeobranu Izraele.<\/p>\n<figure id=\"attachment_57519\" class=\"wp-caption aligncenter\" style=\"width: 693px;\"><a href=\"https:\/\/aeronet.news\/wp-content\/uploads\/GazaRuins4.jpg\"><img decoding=\"async\" loading=\"lazy\" class=\"wp-image-57519 \" src=\"https:\/\/aeronet.news\/wp-content\/uploads\/GazaRuins4-1024x767.jpg\" sizes=\"(max-width: 700px) 100vw, 700px\" srcset=\"https:\/\/aeronet.news\/wp-content\/uploads\/GazaRuins4-1024x767.jpg 1024w, https:\/\/aeronet.news\/wp-content\/uploads\/GazaRuins4-300x225.jpg 300w, https:\/\/aeronet.news\/wp-content\/uploads\/GazaRuins4-768x575.jpg 768w, https:\/\/aeronet.news\/wp-content\/uploads\/GazaRuins4-700x524.jpg 700w, https:\/\/aeronet.news\/wp-content\/uploads\/GazaRuins4-477x357.jpg 477w, https:\/\/aeronet.news\/wp-content\/uploads\/GazaRuins4-645x483.jpg 645w, https:\/\/aeronet.news\/wp-content\/uploads\/GazaRuins4.jpg 1080w\" alt=\"\" width=\"693\" height=\"519\" \/><\/a><figcaption class=\"wp-caption-text\">Tohle je podle Tel Avivu a Prahy \u201cpr\u00e1vo Izraele na sebeobranu\u201d v Gaze<\/figcaption><\/figure>\n<p>Nov\u011b tedy i invaze IDF do Libanonu je pr\u00fd pr\u00e1vem na sebeobranu. Pamatujete si, jak ukrajinsk\u00e1 arm\u00e1da st\u0159\u00edlela 8 let d\u011bly a raketami na panel\u00e1ky v Don\u011bcku a t\u011bmito teroristick\u00fdmi \u00fatoky zab\u00edjela sv\u00e9 vlastn\u00ed obyvatele rusk\u00e9ho etnick\u00e9ho p\u016fvodu? Kdy\u017e po 8 letech na Donbas vtrhla Rusk\u00e1 arm\u00e1da, aby tento ukrajinsk\u00fd terorismus zastavila, za\u010dal ze z\u00e1padn\u00edch m\u00e9di\u00ed \u0159ev o agresi a p\u0159ivalily se sankce na Rusko.<\/p>\n<h6><span style=\"font-size: 18pt;\">Praha je okultn\u00edm centrem sv\u011btov\u00e9ho \u017eidovstva a nen\u00ed dovoleno, aby Praha nepodpo\u0159ila zlo a zlo\u010diny sionistick\u00e9ho re\u017eimu v Izraeli<\/span><\/h6>\n<p>Kdy\u017e ale Izrael pozab\u00edj\u00ed v odvet\u011b za podivn\u00fd teroristick\u00fd \u00fatok Ham\u00e1su z lo\u0148sk\u00e9ho \u0159\u00edjna p\u0159es 40 000 Palestinc\u016f, vy\u017eene v\u0161echny obyvatele Gazy ze sv\u00fdch domov\u016f, a n\u00e1sledn\u011b buldozery srovn\u00e1 jejich domy a p\u0159\u00edbytky se zem\u00ed, tak to Izrael nazve sebeobranou. A kdy\u017e se Hizball\u00e1h v Libanonu t\u011bchto Palestinc\u016f zastane, Izrael napadne i Libanon. A kdo se na mezin\u00e1rodn\u00ed sc\u00e9n\u011b postav\u00ed za tuto izraelskou agresi?\u00a0<strong>Dokonce ani USA se za tuto invazi IDF do Libanonu nemaj\u00ed odvahu postavit. Ale kdo se za Izrael postav\u00ed? No, p\u0159ece \u010cesk\u00e1 republika<\/strong>, a bu\u010fme p\u0159esn\u011bj\u0161\u00ed \u2013 Praha, tedy okultn\u00ed centrum sv\u011btov\u00e9ho \u017eidovstva!<\/p>\n<figure id=\"attachment_57472\" class=\"wp-caption aligncenter\" style=\"width: 690px;\"><a href=\"https:\/\/aeronet.news\/wp-content\/uploads\/FialaBibiHandshake.jpg\"><img decoding=\"async\" loading=\"lazy\" class=\"wp-image-57472 \" src=\"https:\/\/aeronet.news\/wp-content\/uploads\/FialaBibiHandshake-1024x682.jpg\" sizes=\"(max-width: 700px) 100vw, 700px\" srcset=\"https:\/\/aeronet.news\/wp-content\/uploads\/FialaBibiHandshake-1024x682.jpg 1024w, https:\/\/aeronet.news\/wp-content\/uploads\/FialaBibiHandshake-300x200.jpg 300w, https:\/\/aeronet.news\/wp-content\/uploads\/FialaBibiHandshake-768x512.jpg 768w, https:\/\/aeronet.news\/wp-content\/uploads\/FialaBibiHandshake-700x466.jpg 700w, https:\/\/aeronet.news\/wp-content\/uploads\/FialaBibiHandshake-536x357.jpg 536w, https:\/\/aeronet.news\/wp-content\/uploads\/FialaBibiHandshake-725x483.jpg 725w, https:\/\/aeronet.news\/wp-content\/uploads\/FialaBibiHandshake.jpg 1280w\" alt=\"\" width=\"690\" height=\"460\" \/><\/a><figcaption class=\"wp-caption-text\">Ten vlevo podporuje terorismus na Ukrajin\u011b dod\u00e1vkami raketomet\u016f a dron\u016f proti civiln\u00edm c\u00edl\u016fm v Rusku, ten vpravo \u0159\u00edd\u00ed terorismus na cel\u00e9m Bl\u00edzk\u00e9m v\u00fdchod\u011b a skrze USA vlastn\u011b na cel\u00e9m sv\u011bt\u011b<\/figcaption><\/figure>\n<p>Nikdo jin\u00fd v EU nem\u00e1 odvahu postavit se za agresi Izraele, jenom Praha! T\u00edm je to dan\u00e9. Zem\u011b ukotven\u00e1 na sionistick\u00e9m stolci \u0159\u00edzen\u00ed po roce 1989, kdy po 35 letech byla zem\u011b \u010cech\u016f transformov\u00e1na na\u00a0<em>Chr\u00e1m Sion<\/em>\u00a0uprost\u0159ed Evropy v kr\u00e1teru nad bolidem, kter\u00fd kdysi dopadl do prostoru st\u0159edn\u00ed Evropy, zavrtal se po dopadu hluboko pod zem a vytvo\u0159il tak okultn\u00ed centrum pro vyvolen\u00fd n\u00e1rod \u2013 Samuelovu \u0159\u00ed\u0161\u00ed!<\/p>\n<p>Nen\u00ed dovoleno nikomu, aby podpo\u0159il agresi sionist\u016f v Libanonu, s v\u00fdjimkou Prahy. Ne nadarmo se Praze p\u0159ezd\u00edv\u00e1 \u201c\u010desk\u00fd Jeruzal\u00e9m\u201d a ne n\u00e1hodou jsou v\u0161echny vl\u00e1dy, kter\u00e9 se dostaly nad j\u00e1mou\u00a0<em>Here\u0161avu<\/em>\u00a0k moci po roce 1989\u00a0<em>zaritov\u00e1ny<\/em>\u00a0a zap\u0159\u00edsah\u00e1ny ke slu\u017eb\u011b a ochran\u011b Izraele.<\/p>\n<h6><span style=\"font-size: 18pt;\">Praha podporuje sionistick\u00e9 zlo p\u00e1chan\u00e9 v Gaze a te\u010f i v Libanonu<\/span><\/h6>\n<p>Sebev\u011bt\u0161\u00ed zlo a agresi sionistick\u00fdch nen\u00ed dovoleno naz\u00fdvat zlem, ale obranou. Utiskovan\u00ed a sv\u00e9 zem\u011b zbavovan\u00ed Palestinci jsou pr\u00fd terorist\u00e9, zat\u00edmco Izraelci okupuj\u00edc\u00ed palestinsk\u00e1 \u00fazem\u00ed jsou pr\u00fd ochr\u00e1nci svobody, kte\u0159\u00ed maj\u00ed pr\u00e1vo na sebeobranu. Zlo je dobro. Dobro je zlo. M\u00edr je v\u00e1lka. V\u00e1lka je m\u00edr. Terorismus je obrana. Obrana je terorismus.<\/p>\n<p>A kdy\u017e vyvra\u017ed\u00ed p\u0159es 40 000 Palestinc\u016f v Gaze, je to pr\u00fd sebeobrana. Kolik by jich museli je\u0161t\u011b vyvra\u017edit nav\u00edc, aby Praha p\u0159estala Izrael podporovat?\u00a0<strong>\u0158eknu v\u00e1m pravdu:\u00a0I kdyby Izrael vyhladil cel\u00e9 2 miliony Palestinc\u016f, kte\u0159\u00ed je\u0161t\u011b z\u016fstali na\u017eivu, tak Praha ani nehne brvou a bude d\u00e1l st\u00e1t za Izraelem.\u00a0Takov\u00e1 je realita!<\/strong>\u00a0Praha jako okultn\u00ed centrum sv\u011btov\u00e9ho \u017eidovstva se v podstat\u011b transformovala na centrum sv\u011btov\u00e9ho sionismu, kter\u00e9 je\u0161t\u011b doned\u00e1vna bylo v Lond\u00fdn\u011b.<\/p>\n<div class=\"twitter-tweet twitter-tweet-rendered\"><a href=\"https:\/\/x.com\/Partisangirl\/status\/1841175018526687627?ref_src=twsrc%5Etfw%7Ctwcamp%5Etweetembed%7Ctwterm%5E1841175018526687627%7Ctwgr%5E7603a4ae87fc2501f5aea817b0ead5fdb54bce13%7Ctwcon%5Es1_&amp;ref_url=https%3A%2F%2Faeronet.news%2Fizrael-rozpoutal-v-poradi-jiz-3-valku-s-libanonem-a-iran-provedl-uder-na-izrael-letecka-zakladna-idf-nevatim-dostala-prime-zasahy-ceska-republika-zablokovala-spolecne-prohlaseni-eu%2F\"><img decoding=\"async\" loading=\"lazy\" class=\"wp-image-63387 aligncenter\" src=\"http:\/\/www.infokuryr.cz\/n\/wp-content\/uploads\/2024\/10\/izrael-vid-215x300.jpg\" alt=\"\" width=\"346\" height=\"483\" srcset=\"https:\/\/www.infokuryr.cz\/n\/wp-content\/uploads\/2024\/10\/izrael-vid-215x300.jpg 215w, https:\/\/www.infokuryr.cz\/n\/wp-content\/uploads\/2024\/10\/izrael-vid.jpg 547w\" sizes=\"(max-width: 346px) 100vw, 346px\" \/><\/a><\/div>\n<p>Ale zjevn\u011b u\u017e nen\u00ed, proto\u017ee nov\u011b se bezmezn\u00e9 sionistick\u00e9 procesy p\u0159enesly z Lond\u00fdna do Prahy, tedy p\u0159\u00edmo do okultn\u00edho centra sv\u011btov\u00e9ho \u017eidovstva. Prost\u011b agrese sionist\u016f v Libanonu je natolik za \u010darou, \u017ee nem\u00e1 podporu nikoho v EU, ani v USA, ani v Rusku, ani v \u010c\u00edn\u011b, ale pouze v Praze! Temn\u00e9 Slunce pod Prahou je t\u00edm nejv\u011bt\u0161\u00edm okultn\u00edm zlem v cel\u00e9 Evrop\u011b.<\/p>\n<p><strong>To zlo se toti\u017e \u017eiv\u00ed a posiluje spolu s prolitou krv\u00ed nevinn\u00fdch lid\u00ed, tak prost\u011b funguje\u00a0<em>Here\u0161av\u00a0<\/em>v unit\u00e1rn\u00edm prostoru.<\/strong>\u00a0T\u00edm pouze odkazuji na m\u00e9 knihy, kde problematiku\u00a0<em>Here\u0161avu<\/em>\u00a0a\u00a0<em>\u017dehovy<\/em>\u00a0vysv\u011btluji podrobn\u011bji, pro p\u0159\u00edpadn\u00e9 z\u00e1jemce. Prost\u011b sionistick\u00e1 agrese a prol\u00edv\u00e1n\u00ed krve v Gaze a te\u010f v Libanonu posiluje temnou hmotu\u00a0<em>Here\u0161avu<\/em>\u00a0neskute\u010dn\u00fdm zp\u016fsobem, kdy spr\u00e1vci Prahy se k t\u00e9to agresi otev\u0159en\u011b p\u0159ihl\u00e1s\u00ed. Vytv\u00e1\u0159\u00ed t\u00edm spojen\u00ed mezi zlem v Praze a v Tel Avivu.<\/p>\n<p><a href=\"https:\/\/aeronet.news\/izrael-rozpoutal-v-poradi-jiz-3-valku-s-libanonem-a-iran-provedl-uder-na-izrael-letecka-zakladna-idf-nevatim-dostala-prime-zasahy-ceska-republika-zablokovala-spolecne-prohlaseni-eu\/\">-VK-<\/a><\/p>\n<p>&nbsp;<\/p>\n","protected":false},"excerpt":{"rendered":"<p>Izrael rozpoutal v po\u0159ad\u00ed ji\u017e 3. v\u00e1lku s Libanonem a \u00cdr\u00e1n provedl \u00fader na Izrael!&#8230;<\/p>\n","protected":false},"author":2,"featured_media":63388,"comment_status":"closed","ping_status":"closed","sticky":false,"template":"","format":"standard","meta":[],"categories":[6],"tags":[1042,76,107,405,40],"_links":{"self":[{"href":"https:\/\/www.infokuryr.cz\/n\/wp-json\/wp\/v2\/posts\/63386"}],"collection":[{"href":"https:\/\/www.infokuryr.cz\/n\/wp-json\/wp\/v2\/posts"}],"about":[{"href":"https:\/\/www.infokuryr.cz\/n\/wp-json\/wp\/v2\/types\/post"}],"author":[{"embeddable":true,"href":"https:\/\/www.infokuryr.cz\/n\/wp-json\/wp\/v2\/users\/2"}],"replies":[{"embeddable":true,"href":"https:\/\/www.infokuryr.cz\/n\/wp-json\/wp\/v2\/comments?post=63386"}],"version-history":[{"count":0,"href":"https:\/\/www.infokuryr.cz\/n\/wp-json\/wp\/v2\/posts\/63386\/revisions"}],"wp:featuredmedia":[{"embeddable":true,"href":"https:\/\/www.infokuryr.cz\/n\/wp-json\/wp\/v2\/media\/63388"}],"wp:attachment":[{"href":"https:\/\/www.infokuryr.cz\/n\/wp-json\/wp\/v2\/media?parent=63386"}],"wp:term":[{"taxonomy":"category","embeddable":true,"href":"https:\/\/www.infokuryr.cz\/n\/wp-json\/wp\/v2\/categories?post=63386"},{"taxonomy":"post_tag","embeddable":true,"href":"https:\/\/www.infokuryr.cz\/n\/wp-json\/wp\/v2\/tags?post=63386"}],"curies":[{"name":"wp","href":"https:\/\/api.w.org\/{rel}","templated":true}]}}