{"id":63377,"date":"2024-10-02T00:49:20","date_gmt":"2024-10-01T22:49:20","guid":{"rendered":"https:\/\/www.infokuryr.cz\/n\/?p=63377"},"modified":"2024-10-01T19:56:06","modified_gmt":"2024-10-01T17:56:06","slug":"co-spojuje-merkelovou-harrisovou-cernochovou-pekarovou-drabovou-nenavist-bezdetnych-polo-zen-vuci-zdravym-obcanum","status":"publish","type":"post","link":"https:\/\/www.infokuryr.cz\/n\/2024\/10\/02\/co-spojuje-merkelovou-harrisovou-cernochovou-pekarovou-drabovou-nenavist-bezdetnych-polo-zen-vuci-zdravym-obcanum\/","title":{"rendered":"Co spojuje Merkelovou, Harrisovou, \u010cernochovou, Pekarovou, Dr\u00e1bovou? Nen\u00e1vist bezd\u011btn\u00fdch polo-\u017een v\u016f\u010di zdrav\u00fdm ob\u010dan\u016fm!"},"content":{"rendered":"<div id=\"fb-root\"><\/div>\n<div class=\"introtext\">\n<p><span style=\"font-size: 14pt;\"><strong>V\u0161imli jste si, \u017ee u v\u0161ech je stejn\u00e1 nen\u00e1vist, stejn\u00fd slovn\u00edk \u017eumpy, stejn\u00e9 my\u0161lenkov\u00e9 v\u00fdrazy o dezol\u00e1tech a lidsk\u00e9m odpadu, a\u010d naopak toto v\u0161e jednozna\u010dn\u011b spojuje tuto extremistickou fek\u00e1lii? A nad t\u00edm bd\u00ed plukovn\u00edk Folt\u00fdn aliaz major Terazky&#8230;<\/strong><\/span><\/p>\n<\/div>\n<div class=\"fulltext\">\n<p>A v\u0161echny si zoufale p\u0159ej\u00ed mu\u017en\u00e9 oplodn\u011bn\u00ed z africk\u00e9ho kontinentu. Je to norm\u00e1ln\u00ed? Uprchl\u00edci v\u00edtejte&#8230;<\/p>\n<p>Co je za odpad nen\u00e1visti tankistka \u010cernochov\u00e1, Pekarov\u00e1, \u010di \u0161\u00edlen\u00e1 fuck Dr\u00e1bov\u00e1 u\u017e v\u0161ichni v\u00edme.<strong>\u00a0D\u011bti nemaj\u00ed, man\u017eelstv\u00ed je a nen\u00ed, kdo by tak\u00e9 o n\u011b st\u00e1l?<\/strong><\/p>\n<p>To je d\u00edlo&#8230;<\/p>\n<p><img decoding=\"async\" loading=\"lazy\" class=\"aligncenter\" src=\"https:\/\/www.skrytapravda.cz\/images\/blogy\/805\/2024\/9zari\/Sn%C3%ADmek_obrazovky_7638_d6c1b.webp\" alt=\"Sn\u00edmek obrazovky 7638 d6c1b\" width=\"423\" height=\"788\" \/><\/p>\n<p>Ale to nejsou jen &#8222;\u010desk\u00e1 specifika&#8220;&#8220;! Stejn\u011b po\u0161kozen\u00e9 \u017eeny politi\u010dky si p\u0159ej\u00ed migranty z Afriky a v\u00e1lku skoro stejn\u011b i v dal\u0161\u00edch z\u00e1padn\u00edch st\u00e1tech!<\/p>\n<p>Za\u010dn\u011bme Merkelovou, kter\u00e1 v z\u00e1v\u011bru dostala &#8222;delirium tremens&#8220;, a i kdy\u017e sed\u011bla, t\u0159\u00e1sla se jak osika. I po druh\u00e9m man\u017eelstv\u00ed nem\u00e1 d\u00edt\u011b. A tak zoufale vyhl\u00ed\u017eela migranty z cel\u00e9ho sv\u011bta a N\u011bmecko je na dn\u011b.<\/p>\n<p>O na\u0161ich t\u0159ech ne-\u017een\u00e1ch nem\u00e1 ani cenu ps\u00e1t.<\/p>\n<h2><strong>Ale pod\u00edvejme se i do z\u00e1mo\u0159\u00ed:<\/strong><\/h2>\n<p><span class=\"atm-text-decorator\">Vance poznamen\u00e1v\u00e1, \u017ee Harrisov\u00e1 a dal\u0161\u00ed v\u00fdznamn\u00ed demokrat\u00e9 jako ministr dopravy Pete Buttigieg \u010di poslankyn\u011b Alexandria Ocasio-Cortezov\u00e1 \u201enemaj\u00ed ve skute\u010dnosti p\u0159\u00edm\u00fd z\u00e1jem\u201c o budoucnost zem\u011b, proto\u017ee nemaj\u00ed d\u011bti.<\/span><\/p>\n<div class=\"g_a9 speakable\" data-dot=\"mol-paragraph\">\n<div class=\"info_box leva_tretina jpalert\">\n<div class=\"explanationContent\">V\u00fdznam &#8222;jalov\u00e1&#8220;: ta kter\u00e1 nerod\u00ed \u010di nenese plody; (p\u0159enesen\u011b) kter\u00e1 nenese \u017e\u00e1dn\u00fd u\u017eitek, prost\u011b je bez smyslupln\u00e9ho obsahu \u010di n\u00e1pln\u011b.<\/div>\n<\/div>\n<p class=\"e_a9\"><span class=\"atm-text-decorator\">Volebn\u00ed partner republik\u00e1nsk\u00e9ho adepta pro B\u00edl\u00fd d\u016fm Donalda Trumpa tak\u00e9 demokraty ozna\u010duje za\u00a0<strong>\u201ebandu bezd\u011btn\u00fdch ko\u010di\u010d\u00edch dam, kter\u00e9 jsou ne\u0161\u0165astn\u00e9\u00a0ze sv\u00fdch \u017eivot\u016f a\u00a0rozhodnut\u00ed, je\u017e u\u010dinily<\/strong>\u201c.<\/span><\/p>\n<\/div>\n<div class=\"g_a9 speakable\" data-dot=\"mol-paragraph\">\n<p class=\"e_a9\"><span class=\"atm-text-decorator\">A dal\u0161\u00ed osobnosti z\u00a0prav\u00e9ho spektra politick\u00e9ho kompasu se t\u0159i roky po vzniku videa p\u0159ipojuj\u00ed s\u00a0nov\u00fdmi koment\u00e1\u0159i podporuj\u00edc\u00edmi jeho narativ. Will Chamberlain, konzervativn\u00ed pr\u00e1vn\u00edk a\u00a0koment\u00e1tor, kter\u00fd pracoval na prezidentsk\u00e9 kampani Rona DeSantise,\u00a0 na platformu X\u00a0<a class=\"e_t\" href=\"https:\/\/x.com\/willchamberlain\/status\/1815150185300759014\" target=\"_blank\" rel=\"noopener\">napsal<\/a>, \u017ee \u201eopravdu jednoduch\u00fdm a\u00a0m\u00e1lo diskutovan\u00fdm d\u016fvodem, pro\u010d by Kamala Harrisov\u00e1 nem\u011bla b\u00fdt prezidentkou, je to, \u017ee nem\u00e1 d\u011bti\u201c.<\/span><\/p>\n<p><span class=\"atm-text-decorator\">Pane Vanci, modl\u00edm se, aby va\u0161e dcera m\u011bla to \u0161t\u011bst\u00ed a\u00a0jednou porodila vlastn\u00ed d\u011bti,\u201c dodala nen\u00e1vistn\u011b p\u0159edstavitelka Rachel z\u00a0kultovn\u00edho seri\u00e1lu P\u0159\u00e1tel\u00e9\u00a0here\u010dka Jennifer Aniston. \u201eDouf\u00e1m, \u017ee se nebude muset obr\u00e1tit na IVF\u00a0<span class=\"e_V\">um\u011bl\u00e9ho mimot\u011bln\u00edho oplodn\u011bn\u00ed<\/span>\u00a0jako druhou mo\u017enost.\u201c<\/span><\/p>\n<p>Jenom\u017ee kdy\u017e se pod\u00edv\u00e1me, co spojuje tyto ne-\u017eeny, je to, \u017ee\u00a0<strong>se snad sama p\u0159\u00edroda boj\u00ed, aby tohle nem\u011blo dal\u0161\u00ed potomky<\/strong>, ale aby pokra\u010doval jen zdrav\u00fd rodokmen. P\u0159edstavre si, \u017ee by do tane\u010dn\u00edch p\u0159i\u0161ly des\u00edtky potomk\u016f &#8222;fuck Dr\u00e1bov\u00e9&#8220;. To by bylo na sebevra\u017edu. Nebo snad \u010cernochov\u00e9, kdy po p\u00e1r dnech chlapi berou dr\u00e1hu a u\u017e se nevrac\u00ed.<\/p>\n<p><span style=\"font-size: 18pt;\"><strong>P.S.<\/strong><\/span><em><span style=\"font-size: 18pt;\"><strong>\u00a0<\/strong><\/span>Posm\u00edvat se jalov\u00fdm \u017een\u00e1m nen\u00ed hezk\u00e9. To slu\u0161n\u00fd \u010dlov\u011bk ned\u011bl\u00e1. Bohu\u017eel lidstvo se mus\u00ed br\u00e1nit, pokud po\u0161kozen\u00e9 \u017eeny dostanou do rukou zbran\u011b, a jejich jedinou touhou je vra\u017edit a mst\u00edt se cel\u00e9mu sv\u011btu. Pokud se lidstvo po\u0161kozen\u00fdm nebude br\u00e1nit, nep\u0159e\u017eije!<\/em><\/p>\n<p><a href=\"https:\/\/www.skrytapravda.cz\/z-domova\/2136-co-spojuje-merkelovou-harrisovou-cernochovou-pekarovou-drabovou-nenavist-bezdetnych-polozen\">Petr Pokorn\u00fd<\/a><\/p>\n<p>&nbsp;<\/p>\n<\/div>\n<\/div>\n","protected":false},"excerpt":{"rendered":"<p>V\u0161imli jste si, \u017ee u v\u0161ech je stejn\u00e1 nen\u00e1vist, stejn\u00fd slovn\u00edk \u017eumpy, stejn\u00e9 my\u0161lenkov\u00e9 v\u00fdrazy&#8230;<\/p>\n","protected":false},"author":2,"featured_media":63378,"comment_status":"closed","ping_status":"closed","sticky":false,"template":"","format":"standard","meta":[],"categories":[6],"tags":[245,8009,6768],"_links":{"self":[{"href":"https:\/\/www.infokuryr.cz\/n\/wp-json\/wp\/v2\/posts\/63377"}],"collection":[{"href":"https:\/\/www.infokuryr.cz\/n\/wp-json\/wp\/v2\/posts"}],"about":[{"href":"https:\/\/www.infokuryr.cz\/n\/wp-json\/wp\/v2\/types\/post"}],"author":[{"embeddable":true,"href":"https:\/\/www.infokuryr.cz\/n\/wp-json\/wp\/v2\/users\/2"}],"replies":[{"embeddable":true,"href":"https:\/\/www.infokuryr.cz\/n\/wp-json\/wp\/v2\/comments?post=63377"}],"version-history":[{"count":1,"href":"https:\/\/www.infokuryr.cz\/n\/wp-json\/wp\/v2\/posts\/63377\/revisions"}],"predecessor-version":[{"id":63379,"href":"https:\/\/www.infokuryr.cz\/n\/wp-json\/wp\/v2\/posts\/63377\/revisions\/63379"}],"wp:featuredmedia":[{"embeddable":true,"href":"https:\/\/www.infokuryr.cz\/n\/wp-json\/wp\/v2\/media\/63378"}],"wp:attachment":[{"href":"https:\/\/www.infokuryr.cz\/n\/wp-json\/wp\/v2\/media?parent=63377"}],"wp:term":[{"taxonomy":"category","embeddable":true,"href":"https:\/\/www.infokuryr.cz\/n\/wp-json\/wp\/v2\/categories?post=63377"},{"taxonomy":"post_tag","embeddable":true,"href":"https:\/\/www.infokuryr.cz\/n\/wp-json\/wp\/v2\/tags?post=63377"}],"curies":[{"name":"wp","href":"https:\/\/api.w.org\/{rel}","templated":true}]}}