{"id":63364,"date":"2024-10-02T00:46:29","date_gmt":"2024-10-01T22:46:29","guid":{"rendered":"https:\/\/www.infokuryr.cz\/n\/?p=63364"},"modified":"2024-10-01T16:43:33","modified_gmt":"2024-10-01T14:43:33","slug":"pozvanka-demonstrace-proti-politickym-procesum-a-za-propusteni-politickych-veznu-9-10-2024","status":"publish","type":"post","link":"https:\/\/www.infokuryr.cz\/n\/2024\/10\/02\/pozvanka-demonstrace-proti-politickym-procesum-a-za-propusteni-politickych-veznu-9-10-2024\/","title":{"rendered":"Pozv\u00e1nka: Demonstrace proti politick\u00fdm proces\u016fm a za propu\u0161t\u011bn\u00ed politick\u00fdch v\u011bz\u0148\u016f 9. 10. 2024"},"content":{"rendered":"<div id=\"fb-root\"><\/div>\n<div class=\"entry-content\">\n<p><strong>Dne 9. 10. 2024\u00a0 od 12,00 hod. prob\u011bhne u sochy svat\u00e9ho V\u00e1clava na V\u00e1clavsk\u00e9m n\u00e1m\u011bst\u00ed protestn\u00ed demonstrace proti politick\u00fdm soudn\u00edm proces\u016fm v na\u0161\u00ed zemi. Budeme po\u017eadovat propu\u0161t\u011bn\u00ed politick\u00fdch v\u011bz\u0148\u016f, jako jsou Tom\u00e1\u0161 \u010cerm\u00e1k, Patrik Tu\u0161l a nov\u011b i Sl\u00e1vek Popelka.<\/strong><\/p>\n<p>P\u0159i demonstraci\u00a0zvedneme tak\u00e9 sv\u016fj hlas proti perzekuci na\u0161ich spoluob\u010dan\u016f za nepohodln\u00e9 n\u00e1zory, za kter\u00e9 se jim sou\u010dasn\u00fd vl\u00e1dnouc\u00ed re\u017eim v\u00a0na\u0161\u00ed republice mst\u00ed t\u00edm, \u017ee je vl\u00e1\u010d\u00ed po soudech.\u00a0<b>\u00a0<\/b><\/p>\n<p>Po<b>\u00a0<\/b>skon\u010den\u00ed projev\u016f u svat\u00e9ho V\u00e1clava vyraz\u00edme v\u00a0doprovodu bubn\u016f z\u00a0V\u00e1clavsk\u00e9ho n\u00e1m\u011bst\u00ed na Kl\u00e1rov, kde bude demonstrace zakon\u010dena cca ve 14,30 hod.<b>\u00a0<\/b><\/p>\n<p><img decoding=\"async\" loading=\"lazy\" class=\"entered litespeed-loaded aligncenter\" src=\"https:\/\/narodnidemokracie.cz\/wp-content\/uploads\/2024\/10\/setkani_3.jpg\" alt=\"\" width=\"711\" height=\"789\" data-lazyloaded=\"1\" data-src=\"https:\/\/narodnidemokracie.cz\/wp-content\/uploads\/2024\/10\/setkani_3.jpg\" data-ll-status=\"loaded\" \/><\/p>\n<p>&nbsp;<\/p>\n<\/div>\n<div class=\"entry-utils group\">\n<p>&nbsp;<\/p>\n<\/div>\n","protected":false},"excerpt":{"rendered":"<p>Dne 9. 10. 2024\u00a0 od 12,00 hod. prob\u011bhne u sochy svat\u00e9ho V\u00e1clava na V\u00e1clavsk\u00e9m n\u00e1m\u011bst\u00ed&#8230;<\/p>\n","protected":false},"author":2,"featured_media":63365,"comment_status":"closed","ping_status":"closed","sticky":false,"template":"","format":"standard","meta":[],"categories":[6],"tags":[5205,272,815],"_links":{"self":[{"href":"https:\/\/www.infokuryr.cz\/n\/wp-json\/wp\/v2\/posts\/63364"}],"collection":[{"href":"https:\/\/www.infokuryr.cz\/n\/wp-json\/wp\/v2\/posts"}],"about":[{"href":"https:\/\/www.infokuryr.cz\/n\/wp-json\/wp\/v2\/types\/post"}],"author":[{"embeddable":true,"href":"https:\/\/www.infokuryr.cz\/n\/wp-json\/wp\/v2\/users\/2"}],"replies":[{"embeddable":true,"href":"https:\/\/www.infokuryr.cz\/n\/wp-json\/wp\/v2\/comments?post=63364"}],"version-history":[{"count":1,"href":"https:\/\/www.infokuryr.cz\/n\/wp-json\/wp\/v2\/posts\/63364\/revisions"}],"predecessor-version":[{"id":63366,"href":"https:\/\/www.infokuryr.cz\/n\/wp-json\/wp\/v2\/posts\/63364\/revisions\/63366"}],"wp:featuredmedia":[{"embeddable":true,"href":"https:\/\/www.infokuryr.cz\/n\/wp-json\/wp\/v2\/media\/63365"}],"wp:attachment":[{"href":"https:\/\/www.infokuryr.cz\/n\/wp-json\/wp\/v2\/media?parent=63364"}],"wp:term":[{"taxonomy":"category","embeddable":true,"href":"https:\/\/www.infokuryr.cz\/n\/wp-json\/wp\/v2\/categories?post=63364"},{"taxonomy":"post_tag","embeddable":true,"href":"https:\/\/www.infokuryr.cz\/n\/wp-json\/wp\/v2\/tags?post=63364"}],"curies":[{"name":"wp","href":"https:\/\/api.w.org\/{rel}","templated":true}]}}