{"id":63339,"date":"2024-10-02T00:38:09","date_gmt":"2024-10-01T22:38:09","guid":{"rendered":"https:\/\/www.infokuryr.cz\/n\/?p=63339"},"modified":"2024-10-01T15:39:59","modified_gmt":"2024-10-01T13:39:59","slug":"usa-tajne-schvalily-eskalaci-agrese-proti-libanonu","status":"publish","type":"post","link":"https:\/\/www.infokuryr.cz\/n\/2024\/10\/02\/usa-tajne-schvalily-eskalaci-agrese-proti-libanonu\/","title":{"rendered":"USA tajn\u011b schv\u00e1lily eskalaci agrese proti Libanonu"},"content":{"rendered":"<div id=\"fb-root\"><\/div>\n<p><span style=\"font-size: 18pt;\"><strong>Washington dal Izraeli zelenou k zah\u00e1jen\u00ed ofenz\u00edvy, na rozd\u00edl od jeho ve\u0159ejn\u00fdch v\u00fdzev k p\u0159\u00edm\u011b\u0159\u00ed, tvrd\u00ed zdroje<\/strong><\/span><\/p>\n<p><span>Americk\u00e1 vl\u00e1da ti\u0161e schv\u00e1lila izraelskou vojenskou kampa\u0148 v Libanonu, p\u0159esto\u017ee ve\u0159ejn\u011b nal\u00e9hala na \u017eidovsk\u00fd st\u00e1t a militantn\u00ed skupinu Hizball\u00e1h, aby usilovaly o p\u0159\u00edm\u011b\u0159\u00ed, uvedl Politico s odkazem na zasv\u011bcen\u00e9 zdroje.<\/span><\/p>\n<p><span>Izrael vedl t\u00fddenn\u00ed bombardovac\u00ed kampa\u0148 v Libanonu, p\u0159i n\u00ed\u017e zavra\u017edil v\u011bt\u0161inu veden\u00ed Hizball\u00e1hu, a je v procesu toho, co popisuje jako\u00a0<\/span><em><span>\u201eomezenou invazi\u201c<\/span><\/em><span>\u00a0do sv\u00e9ho severn\u00edho souseda. V\u00edce ne\u017e 1000 lid\u00ed, v\u010detn\u011b mnoha civilist\u016f, bylo zabito a v\u00edce ne\u017e jeden milion byl vys\u00eddlen.<\/span><\/p>\n<p><span>P\u0159ed bombardov\u00e1n\u00edm a invaz\u00ed byly tis\u00edce lid\u00ed v Libanonu ter\u010dem sou\u010dasn\u011b exploduj\u00edc\u00edch za\u0159\u00edzen\u00ed, kter\u00e1 izraelsk\u00e1 rozv\u011bdka \u00fadajn\u011b um\u00edstila v r\u00e1mci p\u0159\u00edpravy na \u00fatok na Hizball\u00e1h.<\/span><\/p>\n<p><span>Americk\u00fd prezident Joe Biden v pond\u011bl\u00ed zopakoval sv\u00e9 ve\u0159ejn\u00e9 v\u00fdzvy k p\u0159\u00edm\u011b\u0159\u00ed mezi Izraelem a Hizball\u00e1hem a \u0159ekl novin\u00e1\u0159\u016fm v B\u00edl\u00e9m dom\u011b:\u00a0<\/span><em><span>&#8222;Jsem spokojen s t\u00edm, \u017ee p\u0159estanou.&#8220;<\/span><\/em><\/p>\n<p><span>Izrael nicm\u00e9n\u011b v polovin\u011b z\u00e1\u0159\u00ed nast\u00ednil svou vojenskou strategii Washingtonu v \u0161irok\u00e9m smyslu a obdr\u017eel souhlas od vysok\u00fdch americk\u00fdch prezidentsk\u00fdch poradc\u016f Amose Hochsteina a Bretta McGurka, uvedlo v pond\u011bl\u00ed Politico s odvol\u00e1n\u00edm na dva izraelsk\u00e9 a \u010dty\u0159i americk\u00e9 p\u0159edstavitele.<\/span><\/p>\n<p><span>Toto rozhodnut\u00ed \u010delilo odporu ze strany Pentagonu, ministerstva zahrani\u010d\u00ed a zpravodajsk\u00e9 komunity, tvrdily zdroje. \u00dadajn\u011b panuj\u00ed obavy, \u017ee by nep\u0159\u00e1telstv\u00ed mohlo p\u0159er\u016fst ve velkou v\u00e1lku, kter\u00e1 by p\u0159\u00edmo p\u0159it\u00e1hla USA.<\/span><\/p>\n<p><span>N\u00e1sil\u00ed na severn\u00ed hranici Izraele vzrostlo loni v \u0159\u00edjnu pot\u00e9, co \u017eidovsk\u00fd st\u00e1t oblehl palestinskou enkl\u00e1vu Gaza v odvet\u011b za smrt\u00edc\u00ed vp\u00e1d militantn\u00ed skupiny Hamas. Hizball\u00e1h podporuje Palestince a sl\u00edbil, \u017ee zastav\u00ed p\u0159eshrani\u010dn\u00ed raketov\u00e9 \u00fatoky a\u017e pot\u00e9, co bude v Gaze dosa\u017eeno p\u0159\u00edm\u011b\u0159\u00ed. C\u00edlem Izraele je zcela\u00a0<\/span><em><span>\u201ezlikvidovat\u201c<\/span><\/em><span>\u00a0Ham\u00e1s a opakovan\u011b odm\u00edtl ve\u0159ejn\u00e9 v\u00fdzvy Washingtonu k p\u0159\u00edm\u011b\u0159\u00ed.<\/span><\/p>\n<p><span>Washington podle Politico v\u011b\u0159\u00ed, \u017ee izraelsk\u00fd konflikt s Hamasem a Hizball\u00e1hem lze\u00a0n\u011bjak\u00fdm zp\u016fsobem\u00a0<\/span><em><span>\u201eodd\u011blit\u201c<\/span><\/em><span>\u00a0. Nep\u0159\u00e1telstv\u00ed v Libanonu by pomohlo omezit region\u00e1ln\u00ed vliv \u00cdr\u00e1nu, kter\u00fd podporuje ob\u011b militantn\u00ed hnut\u00ed, doufaj\u00ed pr\u00fd ameri\u010dt\u00ed p\u0159edstavitel\u00e9. \u0158\u00edk\u00e1 se, \u017ee nejsou ochotni ve\u0159ejn\u011b podporovat izraelskou kampa\u0148, proto\u017ee strategie m\u016f\u017ee selhat, co\u017e znamen\u00e1, \u017ee Washington nad\u00e1le vyz\u00fdv\u00e1 k opatrnosti a deeskalaci.<\/span><\/p>\n<p><em><span>&#8222;Ob\u011b v\u011bci mohou b\u00fdt pravdiv\u00e9 &#8211; USA mohou cht\u00edt diplomacii a podporovat v\u011bt\u0161\u00ed c\u00edle Izraele proti Hizball\u00e1hu,&#8220;<\/span><\/em><span>\u00a0citovalo Politico vysok\u00e9ho americk\u00e9ho p\u0159edstavitele.\u00a0<\/span><em><span>&#8222;Existuje jasn\u00e1 linie, kterou administrativa poru\u0161uje, jen nen\u00ed jasn\u00e9, co to je.&#8220;<\/span><\/em><\/p>\n<p><span>Zdroje tvrdily, \u017ee Izrael se rozhodl pro\u00a0<\/span><em><span>\u201eomezenou\u201c<\/span><\/em><span>\u00a0invazi do Libanonu na \u017e\u00e1dost USA, na rozd\u00edl od velk\u00e9 pozemn\u00ed ofenz\u00edvy.<\/span><\/p>\n<p><img decoding=\"async\" loading=\"lazy\" class=\"alignnone size-full wp-image-1185\" src=\"http:\/\/www.infokuryr.cz\/n\/wp-content\/uploads\/2021\/04\/kuryr-podpis.png\" alt=\"\" width=\"84\" height=\"24\" \/><\/p>\n<p>&nbsp;<\/p>\n","protected":false},"excerpt":{"rendered":"<p>Washington dal Izraeli zelenou k zah\u00e1jen\u00ed ofenz\u00edvy, na rozd\u00edl od jeho ve\u0159ejn\u00fdch v\u00fdzev k p\u0159\u00edm\u011b\u0159\u00ed,&#8230;<\/p>\n","protected":false},"author":2,"featured_media":63340,"comment_status":"closed","ping_status":"closed","sticky":false,"template":"","format":"standard","meta":[],"categories":[7],"tags":[738,107,405,37],"_links":{"self":[{"href":"https:\/\/www.infokuryr.cz\/n\/wp-json\/wp\/v2\/posts\/63339"}],"collection":[{"href":"https:\/\/www.infokuryr.cz\/n\/wp-json\/wp\/v2\/posts"}],"about":[{"href":"https:\/\/www.infokuryr.cz\/n\/wp-json\/wp\/v2\/types\/post"}],"author":[{"embeddable":true,"href":"https:\/\/www.infokuryr.cz\/n\/wp-json\/wp\/v2\/users\/2"}],"replies":[{"embeddable":true,"href":"https:\/\/www.infokuryr.cz\/n\/wp-json\/wp\/v2\/comments?post=63339"}],"version-history":[{"count":0,"href":"https:\/\/www.infokuryr.cz\/n\/wp-json\/wp\/v2\/posts\/63339\/revisions"}],"wp:featuredmedia":[{"embeddable":true,"href":"https:\/\/www.infokuryr.cz\/n\/wp-json\/wp\/v2\/media\/63340"}],"wp:attachment":[{"href":"https:\/\/www.infokuryr.cz\/n\/wp-json\/wp\/v2\/media?parent=63339"}],"wp:term":[{"taxonomy":"category","embeddable":true,"href":"https:\/\/www.infokuryr.cz\/n\/wp-json\/wp\/v2\/categories?post=63339"},{"taxonomy":"post_tag","embeddable":true,"href":"https:\/\/www.infokuryr.cz\/n\/wp-json\/wp\/v2\/tags?post=63339"}],"curies":[{"name":"wp","href":"https:\/\/api.w.org\/{rel}","templated":true}]}}