{"id":63338,"date":"2024-10-02T00:38:18","date_gmt":"2024-10-01T22:38:18","guid":{"rendered":"https:\/\/www.infokuryr.cz\/n\/?p=63338"},"modified":"2024-10-01T16:28:18","modified_gmt":"2024-10-01T14:28:18","slug":"biden-je-nastvany-na-harrisovou","status":"publish","type":"post","link":"https:\/\/www.infokuryr.cz\/n\/2024\/10\/02\/biden-je-nastvany-na-harrisovou\/","title":{"rendered":"Biden je na\u0161tvan\u00fd na Harrisovou"},"content":{"rendered":"<div id=\"fb-root\"><\/div>\n<p><span style=\"font-size: 18pt;\"><strong>B\u00fdt mimo z\u00e1\u0159i reflektor\u016f je pro americk\u00e9ho prezidenta \u00fadajn\u011b t\u011b\u017ek\u00e9<\/strong><\/span><\/p>\n<p>Americk\u00fd prezident Joe Biden si soukrom\u011b st\u011b\u017eoval, \u017ee mu ji\u017e nen\u00ed p\u0159ipisov\u00e1no uzn\u00e1n\u00ed za jeho slu\u017ebu, uvedla v \u00fater\u00fd NBC News s odkazem na zasv\u011bcen\u00e9. Biden je \u00fadajn\u011b na\u0161tvan\u00fd, \u017ee se pozornost celost\u00e1tn\u00edch m\u00e9di\u00ed p\u0159esunula na demokratickou prezidentskou kandid\u00e1tku Kamalu Harrisovou.<\/p>\n<p>Od t\u00e9 doby, co Biden ukon\u010dil svou kampa\u0148 v d\u016fsledku katastrof\u00e1ln\u00ed \u010dervnov\u00e9 debaty s republik\u00e1nsk\u00fdm kandid\u00e1tem a b\u00fdval\u00fdm prezidentem Donaldem Trumpem, Harrisov\u00e1 se od americk\u00e9ho prezidenta distancovala, tvrd\u00ed zpr\u00e1va.<\/p>\n<p>Bidena\u00a0<em>\u201eobzvl\u00e1\u0161t\u011b zas\u00e1hl\u201c<\/em>\u00a0okam\u017eik b\u011bhem debaty Harrisov\u00e9 s Trumpem minul\u00fd m\u011bs\u00edc, kdy \u0159ekla:\u00a0<em>\u201eJasn\u011b, nejsem Joe Biden a rozhodn\u011b nejsem Donald Trump. A to, co nab\u00edz\u00edm, je nov\u00e1 generace veden\u00ed na\u0161\u00ed zem\u011b.\u201c<\/em><\/p>\n<p>Tato pozn\u00e1mka byla reakc\u00ed na to, \u017ee ji Trump v politice postavil na rove\u0148 prezidentovi. Harris zopakoval stejnou zpr\u00e1vu p\u0159i jin\u00fdch p\u0159\u00edle\u017eitostech, v\u010detn\u011b rozhovoru pro m\u00e9dia.<\/p>\n<p><em>\u201eKdy\u017e kandidoval, nebyl skute\u010dn\u00fd z\u00e1jem sly\u0161et o jeho [Bidenov\u00fdch] \u00fasp\u011b\u0161\u00edch. To je st\u00e1le ten p\u0159\u00edpad,\u201c<\/em>\u00a0\u0159ekl NBC News p\u0159edstavitel Harrisovy kampan\u011b.<\/p>\n<p>Jin\u00fd zdroj uvedl, \u017ee prezident\u00a0<em>\u201ezcela ch\u00e1pe obecn\u00fd nedostatek<\/em> politick\u00e9ho zmi\u0148ov\u00e1n\u00ed \u201aBidenomics\u2018 a \u201aJoe Biden\u2018\u201c. Ale i kdy\u017e chce, aby Harrisov\u00e1 vyhr\u00e1la, a nab\u00edz\u00ed ve\u0161kerou podporu, aby se to stalo, z\u016fst\u00e1v\u00e1 ho\u0159k\u00fd kv\u016fli tomu, co pova\u017euje za opu\u0161t\u011bn\u00e9, uv\u00e1d\u00ed zpr\u00e1va.<\/p>\n<p>P\u0159ed jeho rozhodnut\u00edm opustit z\u00e1vod se Bidenova kampa\u0148 sna\u017eila bagatelizovat jeho okam\u017eiky k\u0159ehkosti a zmatku na ve\u0159ejnosti, co\u017e mnoz\u00ed voli\u010di vn\u00edmali jako zn\u00e1mky \u00fapadku 81let\u00e9ho politika. Klipy takov\u00fdch moment\u016f, kter\u00e9 republik\u00e1nsk\u00e1 strana pou\u017eila k \u00fatoku na tehdej\u0161\u00edho demokratick\u00e9ho kandid\u00e1ta, byly \u00fa\u0159edn\u00edky odm\u00edtnuty jako\u00a0<em>\u201elevn\u00e9 pad\u011blky\u201c.<\/em><\/p>\n<p>Trump, 78, m\u011bl sv\u016fj pod\u00edl na ment\u00e1ln\u00edch poklesech na cest\u011b p\u0159edvolebn\u00ed kampan\u011b, ale b\u011bhem \u010dervnov\u00e9 debaty byl v\u0161eobecn\u011b popisov\u00e1n jako energi\u010dt\u011bj\u0161\u00ed a koherentn\u011bj\u0161\u00ed ne\u017e Biden.<\/p>\n<p>Nicm\u00e9n\u011b, b\u011bhem vystoupen\u00ed v programu &#8218;The View&#8216; minul\u00fd t\u00fdden Biden trval na tom, \u017ee mohl z\u00e1vod vyhr\u00e1t. Tvrdil, \u017ee\u00a0<em>\u201efaktem je, \u017ee m\u016fj pr\u016fzkum byl o tom, co \u2013 v\u00edte \u2013 v\u017edy v dosahu toho chlapa porazit\u201c,<\/em>\u00a0ne\u017e za\u010dal p\u0159em\u00fd\u0161let o jeho pokro\u010dil\u00e9m v\u011bku.<\/p>\n<p><img decoding=\"async\" loading=\"lazy\" class=\"alignnone size-full wp-image-1185\" src=\"http:\/\/www.infokuryr.cz\/n\/wp-content\/uploads\/2021\/04\/kuryr-podpis.png\" alt=\"\" width=\"84\" height=\"24\" \/><\/p>\n<p>&nbsp;<\/p>\n","protected":false},"excerpt":{"rendered":"<p>B\u00fdt mimo z\u00e1\u0159i reflektor\u016f je pro americk\u00e9ho prezidenta \u00fadajn\u011b t\u011b\u017ek\u00e9 Americk\u00fd prezident Joe Biden si&#8230;<\/p>\n","protected":false},"author":2,"featured_media":60061,"comment_status":"closed","ping_status":"closed","sticky":false,"template":"","format":"standard","meta":[],"categories":[7],"tags":[72,4122,27,814],"_links":{"self":[{"href":"https:\/\/www.infokuryr.cz\/n\/wp-json\/wp\/v2\/posts\/63338"}],"collection":[{"href":"https:\/\/www.infokuryr.cz\/n\/wp-json\/wp\/v2\/posts"}],"about":[{"href":"https:\/\/www.infokuryr.cz\/n\/wp-json\/wp\/v2\/types\/post"}],"author":[{"embeddable":true,"href":"https:\/\/www.infokuryr.cz\/n\/wp-json\/wp\/v2\/users\/2"}],"replies":[{"embeddable":true,"href":"https:\/\/www.infokuryr.cz\/n\/wp-json\/wp\/v2\/comments?post=63338"}],"version-history":[{"count":0,"href":"https:\/\/www.infokuryr.cz\/n\/wp-json\/wp\/v2\/posts\/63338\/revisions"}],"wp:featuredmedia":[{"embeddable":true,"href":"https:\/\/www.infokuryr.cz\/n\/wp-json\/wp\/v2\/media\/60061"}],"wp:attachment":[{"href":"https:\/\/www.infokuryr.cz\/n\/wp-json\/wp\/v2\/media?parent=63338"}],"wp:term":[{"taxonomy":"category","embeddable":true,"href":"https:\/\/www.infokuryr.cz\/n\/wp-json\/wp\/v2\/categories?post=63338"},{"taxonomy":"post_tag","embeddable":true,"href":"https:\/\/www.infokuryr.cz\/n\/wp-json\/wp\/v2\/tags?post=63338"}],"curies":[{"name":"wp","href":"https:\/\/api.w.org\/{rel}","templated":true}]}}