{"id":63336,"date":"2024-10-02T00:36:57","date_gmt":"2024-10-01T22:36:57","guid":{"rendered":"https:\/\/www.infokuryr.cz\/n\/?p=63336"},"modified":"2024-10-01T15:27:57","modified_gmt":"2024-10-01T13:27:57","slug":"konkurencni-frakce-v-konfliktem-zmitanem-africkem-state-ukoncuji-jednani","status":"publish","type":"post","link":"https:\/\/www.infokuryr.cz\/n\/2024\/10\/02\/konkurencni-frakce-v-konfliktem-zmitanem-africkem-state-ukoncuji-jednani\/","title":{"rendered":"Konkuren\u010dn\u00ed frakce v konfliktem zm\u00edtan\u00e9m africk\u00e9m st\u00e1t\u011b ukon\u010duj\u00ed jedn\u00e1n\u00ed"},"content":{"rendered":"<div id=\"fb-root\"><\/div>\n<p><span style=\"font-size: 18pt;\"><strong>Polovojensk\u00e9 s\u00edly rychl\u00e9 podpory ozn\u00e1mily, \u017ee budou bojovat proti arm\u00e1d\u011b zem\u011b a dojdou \u201edokonce i do Port S\u00fad\u00e1nu\u201c<\/strong><\/span><\/p>\n<p><span>Polovojensk\u00e9 s\u00edly rychl\u00e9 podpory (RSF) v S\u00fad\u00e1nu v ned\u011bli ozn\u00e1mily, \u017ee se ji\u017e nebudou zapojovat do m\u00edrov\u00fdch jedn\u00e1n\u00ed se s\u00fad\u00e1nsk\u00fdmi ozbrojen\u00fdmi silami (SAF), a m\u00edsto toho sl\u00edbily urovnat konflikt na boji\u0161ti, uvedla v pond\u011bl\u00ed m\u00edstn\u00ed tiskov\u00e1 agentura. s odkazem na z\u00e1stupce RSF.\u00a0<\/span><\/p>\n<p><span>Ve video prohl\u00e1\u0161en\u00ed Mohamed Al-Mukhtar Al-Nur prohl\u00e1sil:\u00a0<\/span><em><span>&#8222;Cht\u011bli jsme m\u00edr, ale proto\u017ee oni cht\u011bli v\u00e1lku, jsme na to p\u0159ipraveni a po dne\u0161ku nebudou \u017e\u00e1dn\u00e1 jedn\u00e1n\u00ed, proto\u017ee budeme na boji\u0161ti.&#8220;<\/span><\/em><span>\u00a0Pokra\u010doval v obvin\u011bn\u00ed n\u00e1rodn\u00ed arm\u00e1dy z ne\u00fanavn\u00e9 agrese a p\u0159\u00edsahal, \u017ee bude arm\u00e1du pron\u00e1sledovat\u00a0<\/span><em><span>\u201edokonce a\u017e do Port S\u00fad\u00e1nu\u201c.<\/span><\/em><\/p>\n<p><span>Ozn\u00e1men\u00ed n\u00e1sleduje po velk\u00e9 ofenziv\u011b SAF; arm\u00e1da postoupila do kl\u00ed\u010dov\u00fdch okres\u016f ve st\u00e1t\u011b Chart\u00fam 25. z\u00e1\u0159\u00ed. Intenzivn\u00ed boje byly hl\u00e1\u0161eny v Al-Muqrin, centr\u00e1ln\u00ed \u010d\u00e1sti hlavn\u00edho m\u011bsta Chart\u00famu, co\u017e znamenalo nejv\u011bt\u0161\u00ed takov\u00fd \u00fatok za n\u011bkolik m\u011bs\u00edc\u016f.<\/span><\/p>\n<p><span>Ned\u00e1vn\u00e9 ost\u0159elov\u00e1n\u00ed ze strany RSF v okrese Karary, kter\u00fd se nach\u00e1z\u00ed severn\u011b od Omdurmanu ve st\u00e1t\u011b Chart\u00fam, m\u011blo za n\u00e1sledek civiln\u00ed ob\u011bti. Mohamed Ibrahim, mluv\u010d\u00ed st\u00e1tn\u00edho ministerstva zdravotnictv\u00ed, uvedl, \u017ee p\u0159i \u00fatoku z r\u00e1na 26. z\u00e1\u0159\u00ed byli zabiti nejm\u00e9n\u011b \u010dty\u0159i lid\u00e9 a 14 dal\u0161\u00edch zran\u011bno.<\/span><\/p>\n<p><span>SAF trvala na tom, \u017ee RSF se mus\u00ed st\u00e1hnout z \u00fazem\u00ed, kter\u00e9 okupuj\u00ed, a odzbrojit, ne\u017e mohou za\u010d\u00edt jedn\u00e1n\u00ed. Arm\u00e1da obvinila polovojensk\u00e9 s\u00edly z poru\u0161en\u00ed smlouvy z Jeddahu z kv\u011btna 2023, kter\u00e1 m\u011bla polo\u017eit z\u00e1klady m\u00edru.<\/span><\/p>\n<p><span>V polovin\u011b srpna SAF odm\u00edtlo pozv\u00e1n\u00ed USA k \u00fa\u010dasti na rozhovorech s RSF ve \u0160v\u00fdcarsku, co\u017e je jedno z mnoha snah o m\u00edrov\u00e1 jedn\u00e1n\u00ed, kter\u00e1 selhala. Koncem z\u00e1\u0159\u00ed nav\u00edc diplomatick\u00e1 mise SAE v Chart\u00famu obvinila s\u00fad\u00e1nskou arm\u00e1du z proveden\u00ed n\u00e1letu na rezidenci emir\u00e1tsk\u00e9ho velvyslance. Arm\u00e1da to pop\u0159ela, ale opakovan\u011b tvrdila, \u017ee SAE aktivn\u011b dod\u00e1vaj\u00ed zbran\u011b polovojensk\u00fdm jednotk\u00e1m.<\/span><\/p>\n<p><span>S\u00fad\u00e1n se zm\u00edt\u00e1 v brut\u00e1ln\u00edm konfliktu od dubna 2023, kdy po m\u011bs\u00edc\u00edch eskalace nap\u011bt\u00ed propukly boje mezi SAF a RSF. Podle zpr\u00e1vy vydan\u00e9 po ned\u00e1vn\u00e9 vy\u0161et\u0159ovac\u00ed misi OSN si konflikt vy\u017e\u00e1dal des\u00edtky tis\u00edc mrtv\u00fdch nebo zran\u011bn\u00fdch, v zemi se zhruba 47 miliony obyvatel vnit\u0159n\u011b vys\u00eddlil t\u00e9m\u011b\u0159 osm milion\u016f lid\u00ed a dva miliony dal\u0161\u00edch donutil hledat \u00fato\u010di\u0161t\u011b v sousedn\u00edch zem\u00edch. . OSN ozna\u010dila humanit\u00e1rn\u00ed situaci v S\u00fad\u00e1nu za jednu z nejv\u00e1\u017en\u011bj\u0161\u00edch sv\u011btov\u00fdch kriz\u00ed.<\/span><\/p>\n<p><img decoding=\"async\" loading=\"lazy\" class=\"alignnone size-full wp-image-1185\" src=\"http:\/\/www.infokuryr.cz\/n\/wp-content\/uploads\/2021\/04\/kuryr-podpis.png\" alt=\"\" width=\"84\" height=\"24\" \/><\/p>\n<p>&nbsp;<\/p>\n","protected":false},"excerpt":{"rendered":"<p>Polovojensk\u00e9 s\u00edly rychl\u00e9 podpory ozn\u00e1mily, \u017ee budou bojovat proti arm\u00e1d\u011b zem\u011b a dojdou \u201edokonce i&#8230;<\/p>\n","protected":false},"author":2,"featured_media":63337,"comment_status":"closed","ping_status":"closed","sticky":false,"template":"","format":"standard","meta":[],"categories":[7],"tags":[80,1917,7520,6413,570],"_links":{"self":[{"href":"https:\/\/www.infokuryr.cz\/n\/wp-json\/wp\/v2\/posts\/63336"}],"collection":[{"href":"https:\/\/www.infokuryr.cz\/n\/wp-json\/wp\/v2\/posts"}],"about":[{"href":"https:\/\/www.infokuryr.cz\/n\/wp-json\/wp\/v2\/types\/post"}],"author":[{"embeddable":true,"href":"https:\/\/www.infokuryr.cz\/n\/wp-json\/wp\/v2\/users\/2"}],"replies":[{"embeddable":true,"href":"https:\/\/www.infokuryr.cz\/n\/wp-json\/wp\/v2\/comments?post=63336"}],"version-history":[{"count":0,"href":"https:\/\/www.infokuryr.cz\/n\/wp-json\/wp\/v2\/posts\/63336\/revisions"}],"wp:featuredmedia":[{"embeddable":true,"href":"https:\/\/www.infokuryr.cz\/n\/wp-json\/wp\/v2\/media\/63337"}],"wp:attachment":[{"href":"https:\/\/www.infokuryr.cz\/n\/wp-json\/wp\/v2\/media?parent=63336"}],"wp:term":[{"taxonomy":"category","embeddable":true,"href":"https:\/\/www.infokuryr.cz\/n\/wp-json\/wp\/v2\/categories?post=63336"},{"taxonomy":"post_tag","embeddable":true,"href":"https:\/\/www.infokuryr.cz\/n\/wp-json\/wp\/v2\/tags?post=63336"}],"curies":[{"name":"wp","href":"https:\/\/api.w.org\/{rel}","templated":true}]}}