{"id":63325,"date":"2024-10-02T00:31:43","date_gmt":"2024-10-01T22:31:43","guid":{"rendered":"https:\/\/www.infokuryr.cz\/n\/?p=63325"},"modified":"2024-10-01T15:04:02","modified_gmt":"2024-10-01T13:04:02","slug":"rakouska-demokracie-v-ohrozeni-levicovi-extremiste-lovili-ve-volebni-vecer-politiky-fpo","status":"publish","type":"post","link":"https:\/\/www.infokuryr.cz\/n\/2024\/10\/02\/rakouska-demokracie-v-ohrozeni-levicovi-extremiste-lovili-ve-volebni-vecer-politiky-fpo\/","title":{"rendered":"Rakousk\u00e1 demokracie v ohro\u017een\u00ed: Levicov\u00ed extremist\u00e9 lovili ve volebn\u00ed ve\u010der politiky FP\u00d6"},"content":{"rendered":"<div id=\"fb-root\"><\/div>\n<p><strong>Levicov\u011b extremistick\u00e1 Antifa neunesla brilantn\u00ed volebn\u00ed v\u00edt\u011bzstv\u00ed FP\u00d6. Policie musela chr\u00e1nit nejen volebn\u00ed stranu FP\u00d6 velk\u00fdm kontingentem, do\u0161lo tak\u00e9 k n\u011bkolika \u00fatok\u016fm na politiky FP\u00d6 a jejich zam\u011bstnance. Extremist\u00e9 se nezastavili p\u0159ed ni\u010d\u00edm: na jeho prahu byl p\u0159epaden a okraden zam\u011bstnanec spolkov\u00e9ho radn\u00edho FP\u00d6 Christoph Steiner. Gener\u00e1ln\u00ed tajemn\u00edk FP\u00d6 Christian Hafenecker odsuzuje: Pokud se demokraticky legitimizovan\u00e1 strana ji\u017e nem\u016f\u017ee ve volebn\u00ed ve\u010der pohybovat po ulic\u00edch, ani\u017e by byla brut\u00e1ln\u011b napadena Antifou, \u201epak je na\u0161e demokracie opravdu ve \u0161patn\u00e9m stavu\u201c.<\/strong><\/p>\n<figure class=\"wp-block-embed is-type-rich is-provider-twitter wp-block-embed-twitter\">\n<div class=\"wp-block-embed__wrapper\">\n<div class=\"twitter-tweet twitter-tweet-rendered\"><iframe id=\"twitter-widget-0\" class=\"\" title=\"X p\u0159\u00edsp\u011bvek\" src=\"https:\/\/platform.twitter.com\/embed\/Tweet.html?dnt=true&amp;embedId=twitter-widget-0&amp;features=eyJ0ZndfdGltZWxpbmVfbGlzdCI6eyJidWNrZXQiOltdLCJ2ZXJzaW9uIjpudWxsfSwidGZ3X2ZvbGxvd2VyX2NvdW50X3N1bnNldCI6eyJidWNrZXQiOnRydWUsInZlcnNpb24iOm51bGx9LCJ0ZndfdHdlZXRfZWRpdF9iYWNrZW5kIjp7ImJ1Y2tldCI6Im9uIiwidmVyc2lvbiI6bnVsbH0sInRmd19yZWZzcmNfc2Vzc2lvbiI6eyJidWNrZXQiOiJvbiIsInZlcnNpb24iOm51bGx9LCJ0ZndfZm9zbnJfc29mdF9pbnRlcnZlbnRpb25zX2VuYWJsZWQiOnsiYnVja2V0Ijoib24iLCJ2ZXJzaW9uIjpudWxsfSwidGZ3X21peGVkX21lZGlhXzE1ODk3Ijp7ImJ1Y2tldCI6InRyZWF0bWVudCIsInZlcnNpb24iOm51bGx9LCJ0ZndfZXhwZXJpbWVudHNfY29va2llX2V4cGlyYXRpb24iOnsiYnVja2V0IjoxMjA5NjAwLCJ2ZXJzaW9uIjpudWxsfSwidGZ3X3Nob3dfYmlyZHdhdGNoX3Bpdm90c19lbmFibGVkIjp7ImJ1Y2tldCI6Im9uIiwidmVyc2lvbiI6bnVsbH0sInRmd19kdXBsaWNhdGVfc2NyaWJlc190b19zZXR0aW5ncyI6eyJidWNrZXQiOiJvbiIsInZlcnNpb24iOm51bGx9LCJ0ZndfdXNlX3Byb2ZpbGVfaW1hZ2Vfc2hhcGVfZW5hYmxlZCI6eyJidWNrZXQiOiJvbiIsInZlcnNpb24iOm51bGx9LCJ0ZndfdmlkZW9faGxzX2R5bmFtaWNfbWFuaWZlc3RzXzE1MDgyIjp7ImJ1Y2tldCI6InRydWVfYml0cmF0ZSIsInZlcnNpb24iOm51bGx9LCJ0ZndfbGVnYWN5X3RpbWVsaW5lX3N1bnNldCI6eyJidWNrZXQiOnRydWUsInZlcnNpb24iOm51bGx9LCJ0ZndfdHdlZXRfZWRpdF9mcm9udGVuZCI6eyJidWNrZXQiOiJvbiIsInZlcnNpb24iOm51bGx9fQ%3D%3D&amp;frame=false&amp;hideCard=false&amp;hideThread=false&amp;id=1840458372094501273&amp;lang=de&amp;origin=https%3A%2F%2Freport24.news%2Foesterreichs-demokratie-in-gefahr-linksextremisten-machten-am-wahlabend-jagd-auf-fpoe-politiker%2F&amp;sessionId=4fa8f8626b7ebb27344d5a321c26d82bd359353a&amp;theme=light&amp;widgetsVersion=2615f7e52b7e0%3A1702314776716&amp;width=550px\" frameborder=\"0\" scrolling=\"no\" allowfullscreen=\"allowfullscreen\" data-tweet-id=\"1840458372094501273\" data-mce-fragment=\"1\"><\/iframe><\/div>\n<\/div><figcaption class=\"wp-element-caption\">Z\u00e1b\u011bry z protestu ve V\u00eddni z Auf1<\/figcaption><\/figure>\n<p><a href=\"https:\/\/www.info-direkt.eu\/\" target=\"_blank\" rel=\"noreferrer noopener\">Info-DIREKT<\/a>\u00a0tak\u00e9\u00a0shrom\u00e1\u017edil dojmy z levicov\u011b extremistick\u00e9 demonstrace, kter\u00e1 byla v bl\u00edzkosti volebn\u00edch oslav FP\u00d6 obkl\u00ed\u010dena polici\u00ed. Nahr\u00e1vky umo\u017e\u0148uj\u00ed smyslupln\u00fd pohled na p\u0159\u00edtomnou klientelu:<\/p>\n<p><iframe loading=\"lazy\" title=\"Volby do N\u00e1rodn\u00ed rady: Dojmy z dema Antifa ve V\u00eddni\" src=\"https:\/\/www.youtube.com\/embed\/jf4UEmwsJtA?feature=oembed\" width=\"640\" height=\"360\" frameborder=\"0\" allowfullscreen=\"allowfullscreen\" data-mce-fragment=\"1\"><\/iframe><\/p>\n<p>I p\u0159es po\u010detnou p\u0159\u00edtomnost policie do\u0161lo v pr\u016fb\u011bhu ve\u010dera k n\u011bkolika \u00fatok\u016fm na politiky FP\u00d6 a jejich zam\u011bstnance, kter\u00e9 vyvrcholily \u00fatokem na zam\u011bstnance spolkov\u00e9ho radn\u00edho FP\u00d6. Na prahu byl p\u0159epaden a okraden. FP\u00d6 o \u00fatoc\u00edch informovala v tiskov\u00e9 zpr\u00e1v\u011b:<\/p>\n<p><strong>Hafenecker: Demokratick\u00e9 strany jsou vyz\u00fdv\u00e1ny, aby tuto n\u00e1silnou \u010dinnost odsoudily<\/strong><\/p>\n<p><em>N\u00ed\u017ee si m\u016f\u017eete p\u0159e\u010d\u00edst tiskovou zpr\u00e1vu FP\u00d6 z 30. z\u00e1\u0159\u00ed:<\/em><\/p>\n<p><em>V\u00edde\u0148 (OTS) &#8211;\u00a0<\/em>\u00a0Po historick\u00e9m \u00fasp\u011bchu FP\u00d6 ve v\u010derej\u0161\u00edch volb\u00e1ch do N\u00e1rodn\u00ed rady do\u0161lo k cel\u00e9 \u0159ad\u011b n\u00e1siln\u00fdch incident\u016f proti politik\u016fm, zam\u011bstnanc\u016fm a p\u0159\u00edznivc\u016fm FP\u00d6. Jen p\u00e1r hodin po vyhl\u00e1\u0161en\u00ed v\u00fdsledk\u016f pro\u0161la demonstrace Antifa prvn\u00edm obvodem a p\u0159ilehl\u00fdm 9. obvodem, kde se konala volebn\u00ed oslava FP\u00d6. Gener\u00e1ln\u00ed tajemn\u00edk FP\u00d6 NAbg. Christian Hafenecker:\u00a0<strong>\u201eV\u010dera levicov\u00e9 strany vyj\u00e1d\u0159ily obavy, \u017ee demokracie v Rakousku je ohro\u017eena kv\u016fli skv\u011bl\u00e9mu volebn\u00edmu \u00fasp\u011bchu FP\u00d6. Pokud se jako demokraticky legitimn\u00ed strana u\u017e na konci volebn\u00edho dne nem\u016f\u017eete pohybovat po ulic\u00edch nebo slavit spole\u010dn\u011b s podobn\u011b sm\u00fd\u0161lej\u00edc\u00edmi lidmi a zam\u011bstnanci jsou brut\u00e1ln\u011b a n\u00e1siln\u011b napadeni Antifou, pak je na\u0161e demokracie opravdu ve \u0161patn\u00e9m stavu. Vyz\u00fdv\u00e1m strany, aby takov\u00e9 aktivity co nejd\u016frazn\u011bji odsoudily.&#8220;<\/strong><\/p>\n<p><strong>Levicov\u00ed vzbou\u0159enci vy\u0161li v\u010dera ve ve\u010dern\u00edch a no\u010dn\u00edch hodin\u00e1ch n\u011bkolikr\u00e1t do akce:\u00a0<\/strong><\/p>\n<ul>\n<li>Volebn\u00ed oslavu FP\u00d6 opakovan\u011b naru\u0161ovali aktivist\u00e9 Antify. Z\u00e1chody v restauraci byly zablokov\u00e1ny a na st\u011bn\u011b z\u00e1chod\u016f byly naps\u00e1ny zpr\u00e1vy \u201eAntifa je v\u0161ude!\u201c. Tak\u00e9 na va\u0161ich ve\u010d\u00edrc\u00edch ;-)\u201c a \u201eFP\u00d6 zem\u0159\u00edt!\u201c N\u011bkolik aktivist\u016f tak\u00e9 verb\u00e1ln\u011b a fyzicky napadalo hosty ve\u010d\u00edrku. Zam\u011bstnance FP\u00d6 po n\u00ed aktivista Antify hodil drink.<\/li>\n<li>Kdy\u017e p\u0159ijel gener\u00e1ln\u00ed tajemn\u00edk FP\u00d6 NAbg. Michael Schnedlitz, pot\u00ed\u017eist\u00e9 se na n\u011bj sna\u017eili plivat. Zam\u011bstnanec Schnedlitz byl na ulici obkl\u00ed\u010den a ur\u00e1\u017een maskovan\u00fdmi lidmi. P\u0159\u00edtomn\u00ed policist\u00e9 okam\u017eit\u011b zas\u00e1hli a dok\u00e1zali zabr\u00e1nit n\u011b\u010demu hor\u0161\u00edmu.<\/li>\n<li>Gener\u00e1ln\u00ed tajemn\u00edk FP\u00d6 NAbg. Christian Hafenecker byl rozpozn\u00e1n demonstranty, kdy\u017e vstoupil do volebn\u00edho ceremoni\u00e1lu a ur\u00e1\u017eel ho jako nacistu. V d\u016fsledku toho za\u010dala skupina n\u00e1siln\u00fdch lid\u00ed ut\u00edkat sm\u011brem k Hafeneckeru. Gener\u00e1ln\u00ed tajemn\u00edk FP\u00d6 pot\u00e9 nasedl zp\u011bt do sv\u00e9ho vozidla a na m\u00edsto se mu poda\u0159ilo dojet pouze s pomoc\u00ed policejn\u00edho doprovodu.<\/li>\n<li>Zam\u011bstnanec spolkov\u00e9ho radn\u00edho FP\u00d6 Christoph Steiner byl nakonec po n\u00e1vratu dom\u016f p\u0159epaden a okraden na prahu. Byl bez zran\u011bn\u00ed, ale byl mu mimo jin\u00e9 odcizen mobil a notebook.<\/li>\n<\/ul>\n<p>\u201eP\u0159ed n\u011bkolika m\u011bs\u00edci jsem varoval p\u0159ed levicov\u011b extremistick\u00fdmi aktivitami v Rakousku. Propletence levicov\u00fdch extremist\u016f zasahuj\u00ed i \u200b\u200bdo vl\u00e1dn\u00edch \u00fa\u0159ad\u016f, jak ukazuje p\u0159\u00edklad Gewesslerovy poradkyn\u011b a trivializ\u00e1torky RAF Katji Diehl. Ale tak\u00e9 vyz\u00fdv\u00e1 k vra\u017ed\u011b kolem shrom\u00e1\u017ed\u011bn\u00ed &#8218;Defend Democracy!&#8216;. nebo ne\u00fasp\u011b\u0161n\u00fd \u017eh\u00e1\u0159sk\u00fd \u00fatok na b\u00fdvalou redak\u010dn\u00ed adresu &#8218;unzensuriert.at&#8216; ukazuj\u00ed, \u017ee levicov\u011b extremistick\u00e9 aktivity v Rakousku jsou bagatelizov\u00e1ny syst\u00e9mov\u00fdmi m\u00e9dii a tak\u00e9 politickou konkurenc\u00ed.\u00a0<strong>Ale pokud u\u017e nem\u016f\u017eete slavit jako v\u00edt\u011bz voleb, ani\u017e byste byli masivn\u011b napad\u00e1ni, ohro\u017eov\u00e1ni a pron\u00e1sledov\u00e1ni, pak byla p\u0159ekro\u010dena hranice.<\/strong>\u00a0Na tomto m\u00edst\u011b bych r\u00e1d pod\u011bkoval v\u0161em policist\u016fm, kte\u0159\u00ed m\u011bli v\u010dera slu\u017ebu chr\u00e1nit na\u0161e politiky, zam\u011bstnance, \u00fa\u0159edn\u00edky a sympatizanty p\u0159ed \u0161\u00edlen\u00fdmi levicov\u00fdmi extremisty a k\u00e1dry Antifa,\u201c uvedl gener\u00e1ln\u00ed tajemn\u00edk FP\u00d6 NAbg. Christian Hafenecker uzav\u00edr\u00e1.<\/p>\n<p><img decoding=\"async\" loading=\"lazy\" class=\"alignnone size-full wp-image-1185\" src=\"http:\/\/www.infokuryr.cz\/n\/wp-content\/uploads\/2021\/04\/kuryr-podpis.png\" alt=\"\" width=\"84\" height=\"24\" \/><\/p>\n<p>&nbsp;<\/p>\n","protected":false},"excerpt":{"rendered":"<p>Levicov\u011b extremistick\u00e1 Antifa neunesla brilantn\u00ed volebn\u00ed v\u00edt\u011bzstv\u00ed FP\u00d6. Policie musela chr\u00e1nit nejen volebn\u00ed stranu FP\u00d6&#8230;<\/p>\n","protected":false},"author":2,"featured_media":63326,"comment_status":"closed","ping_status":"closed","sticky":false,"template":"","format":"standard","meta":[],"categories":[7],"tags":[70,1312,239,120],"_links":{"self":[{"href":"https:\/\/www.infokuryr.cz\/n\/wp-json\/wp\/v2\/posts\/63325"}],"collection":[{"href":"https:\/\/www.infokuryr.cz\/n\/wp-json\/wp\/v2\/posts"}],"about":[{"href":"https:\/\/www.infokuryr.cz\/n\/wp-json\/wp\/v2\/types\/post"}],"author":[{"embeddable":true,"href":"https:\/\/www.infokuryr.cz\/n\/wp-json\/wp\/v2\/users\/2"}],"replies":[{"embeddable":true,"href":"https:\/\/www.infokuryr.cz\/n\/wp-json\/wp\/v2\/comments?post=63325"}],"version-history":[{"count":1,"href":"https:\/\/www.infokuryr.cz\/n\/wp-json\/wp\/v2\/posts\/63325\/revisions"}],"predecessor-version":[{"id":63327,"href":"https:\/\/www.infokuryr.cz\/n\/wp-json\/wp\/v2\/posts\/63325\/revisions\/63327"}],"wp:featuredmedia":[{"embeddable":true,"href":"https:\/\/www.infokuryr.cz\/n\/wp-json\/wp\/v2\/media\/63326"}],"wp:attachment":[{"href":"https:\/\/www.infokuryr.cz\/n\/wp-json\/wp\/v2\/media?parent=63325"}],"wp:term":[{"taxonomy":"category","embeddable":true,"href":"https:\/\/www.infokuryr.cz\/n\/wp-json\/wp\/v2\/categories?post=63325"},{"taxonomy":"post_tag","embeddable":true,"href":"https:\/\/www.infokuryr.cz\/n\/wp-json\/wp\/v2\/tags?post=63325"}],"curies":[{"name":"wp","href":"https:\/\/api.w.org\/{rel}","templated":true}]}}